{"id":103225,"date":"2018-02-23T21:20:00","date_gmt":"2018-02-23T20:20:00","guid":{"rendered":"http:\/\/gazdasagportal.hu\/?p=103225"},"modified":"2018-02-23T21:20:00","modified_gmt":"2018-02-23T20:20:00","slug":"donald-trump-elismerjuk-jeruzsalemet-izrael-fovarosakent","status":"publish","type":"post","link":"https:\/\/gazdasagportal.hu\/index.php\/donald-trump-elismerjuk-jeruzsalemet-izrael-fovarosakent\/","title":{"rendered":"Donald Trump: elismerj\u00fck Jeruzs\u00e1lemet Izrael f\u0151v\u00e1rosak\u00e9nt"},"content":{"rendered":"<p><strong>Donald Trump amerikai eln\u00f6k a konzervat\u00edv mozgalom konferenci\u00e1j\u00e1n (CPAC) p\u00e9nteken elmondott besz\u00e9d\u00e9ben ism\u00e9t  hangs\u00falyozta, hogy korm\u00e1nyzata elismeri Jeruzs\u00e1lemet Izrael f\u0151v\u00e1rosak\u00e9nt. <\/strong><!--more--><\/p>\n<div class=\"ads-in-post1\"><div id=\"gazdasagportal.hu_fullbanner_wideboard\"><\/div>\r\n<\/div>\n<p>    Az amerikai eln\u00f6k nem mondott konkr\u00e9tumokat, \u00edgy azt sem eml\u00edtette, mikor ny\u00edlik meg  &#8211; Tel-Aviv helyett &#8211;  Jeruzs\u00e1lemben az amerikai nagyk\u00f6vets\u00e9g, egyes sajt\u00f3org\u00e1numok &#8211; k\u00f6zt\u00fck a republik\u00e1nusokhoz k\u00f6zel\u00e1ll\u00f3 Fox telev\u00edzi\u00f3 &#8211; azonban tudni v\u00e9lik, hogy erre m\u00e1jusban ker\u00fclhet sor.         A Fox \u00e9rtes\u00fcl\u00e9sei szerint Rex Tillerson k\u00fcl\u00fcgyminiszter m\u00e1r j\u00f3v\u00e1 is hagyta az \u00faj nagyk\u00f6vets\u00e9g hely\u00e9t \u00e9s a sz\u00fcks\u00e9ges biztons\u00e1gi int\u00e9zked\u00e9sek tervezet\u00e9t. A telev\u00edzi\u00f3 korm\u00e1nyzati forr\u00e1sokra hivatkozva azt k\u00f6z\u00f6lte: a kongresszust a korm\u00e1nyzat m\u00e1jusban \u00e9rtes\u00edti majd az \u00e1tk\u00f6lt\u00f6z\u00e9sr\u0151l, az \u00faj k\u00e9pviselet felavat\u00e1s\u00e1ra pedig v\u00e1rhat\u00f3an m\u00e1jus k\u00f6zep\u00e9n ker\u00fcl sor.         P\u00e9ntek d\u00e9lut\u00e1n az amerikai k\u00fcl\u00fcgyminiszt\u00e9rium hivatalosan is bejelentette, hogy az \u00faj nagyk\u00f6vets\u00e9g m\u00e1jusban k\u00f6lt\u00f6zik \u00e1t, Izrael megalap\u00edt\u00e1s\u00e1nak 70-ik \u00e9vfordul\u00f3ja alkalm\u00e1b\u00f3l. A nagyk\u00f6vets\u00e9g kezdetben az amerikai konzul\u00e1tus \u00e9p\u00fclet\u00e9ben m\u0171k\u00f6dik majd, de 2019 v\u00e9g\u00e9ig teljesen \u00faj \u00e9p\u00fcletbe k\u00f6lt\u00f6zik majd. A State Department (k\u00fcl\u00fcgyminiszt\u00e9rium) k\u00f6zl\u00e9se szerint m\u00e1r keresik a v\u00e9gleges helyet.<br \/>\n<div class=\"ads-in-post2\"><script async src=\"https:\/\/pagead2.googlesyndication.com\/pagead\/js\/adsbygoogle.js\"><\/script>\r\n<ins class=\"adsbygoogle\"\r\n     style=\"display:block\"\r\n     data-ad-format=\"fluid\"\r\n     data-ad-layout-key=\"-6t+ed+2i-1n-4w\"\r\n     data-ad-client=\"ca-pub-1959107119989764\"\r\n     data-ad-slot=\"4008251320\"><\/ins>\r\n<script>\r\n     (adsbygoogle = window.adsbygoogle || []).push({});\r\n<\/script><\/div>        Donald Trump a konferenci\u00e1n elmondott, csaknem m\u00e1sf\u00e9l\u00f3r\u00e1s besz\u00e9d\u00e9ben alig foglalkozott k\u00fclpolitikai k\u00e9rd\u00e9sekkel. Jeruzs\u00e1lem eml\u00edt\u00e9s\u00e9n k\u00edv\u00fcl csup\u00e1n az \u00c9szak-Korea ellen hozott \u00fajabb szankci\u00f3k t\u00e9ny\u00e9t er\u0151s\u00edtette meg. &#8222;Ma az egy orsz\u00e1gra kiszabott, valaha volt legkem\u00e9nyebb szankci\u00f3kat vetett\u00fck ki. Rem\u00e9lj\u00fck, valami pozit\u00edv dolog t\u00f6rt\u00e9nik majd&#8221; &#8211; fogalmazott.         Az eln\u00f6k\u00f6t ov\u00e1ci\u00f3 \u00e9s \u00e9ljenz\u00e9s fogadta a konferenci\u00e1n, \u00e9s besz\u00e9d\u00e9t is t\u00f6bbsz\u00f6r tapssal szak\u00edtott\u00e1k f\u00e9lbe. Trump a korm\u00e1nyzat eddigi eredm\u00e9nyeit dics\u00e9rte, \u00e9s a demokrat\u00e1kat, valamint a sajt\u00f3 egy r\u00e9sz\u00e9t ostorozta. Arra sz\u00f3l\u00edtotta h\u00edveit, hogy az \u0151szi, \u00fagynevezett f\u00e9lid\u0151s v\u00e1laszt\u00e1sokon &#8222;l\u00e1ss\u00e1k el a baj\u00e1t a demokrat\u00e1knak&#8221;, mert szerinte ha \u0151k gy\u0151zedelmeskednek &#8222;elveszik a nagy ad\u00f3cs\u00f6kkent\u00e9s el\u0151nyeit&#8221;. Hozz\u00e1tette: &#8222;a 2018-as v\u00e1laszt\u00e1sokon \u00fagy kell k\u00fczdeni, mint m\u00e9g soha&#8221;. Odasz\u00fart Hillary Clintonnak is, a demokrat\u00e1k volt eln\u00f6kjel\u00f6ltj\u00e9nek, ism\u00e9t &#8222;csal\u00f3 Hillarynak&#8221; nevezve \u0151t. Ekkor a jelenl\u00e9v\u0151k &#8222;b\u00f6rt\u00f6nbe vele!&#8221; felki\u00e1lt\u00e1sokkal \u00e9s tapssal szak\u00edtott\u00e1k f\u00e9lbe a besz\u00e9det.           &#8222;Ha t\u00f6bbs\u00e9gbe ker\u00fclnek, visszavonj\u00e1k az ad\u00f3cs\u00f6kkent\u00e9st&#8221; &#8211; \u00e1ll\u00edtotta Trump a demokrat\u00e1kr\u00f3l, hozz\u00e1t\u00e9ve, hogy &#8222;olyan b\u00edr\u00e1kat neveznek ki, akiket nem is gondoln\u00e1nk. Megsz\u00fcntetik az alkotm\u00e1ny m\u00e1sodik kieg\u00e9sz\u00edt\u00e9s\u00e9t, amit mi soha nem enged\u00fcnk megt\u00f6rt\u00e9nni&#8221;. Ezzel a minden amerikai \u00e1llampolg\u00e1rnak szabad fegyverv\u00e1s\u00e1rl\u00e1st \u00e9s fegyvertart\u00e1st biztos\u00edt\u00f3 alkotm\u00e1ny-kieg\u00e9sz\u00edt\u00e9sre utalt.         Trump az ad\u00f3cs\u00f6kkent\u00e9s mellett dics\u00e9rte a nagyon alacsony munkan\u00e9lk\u00fclis\u00e9get, ism\u00e9t \u00edg\u00e9retet tett az amerikai-mexik\u00f3i hat\u00e1ron fel\u00e9p\u00edtend\u0151 falra, \u00e9s sz\u00f3lt a bev\u00e1ndorl\u00e1s k\u00e9rd\u00e9s\u00e9r\u0151l is. \u00daj\u00f3lag lesz\u00f6gezte, hogy nem h\u00edve az \u00fagynevezett &#8222;l\u00e1ncbev\u00e1ndorl\u00e1snak&#8221; \u00e9s a v\u00edzumlott\u00f3nak, az &#8222;\u00e9rdemeken alapul\u00f3&#8221; bev\u00e1ndorl\u00e1s szorgalmaz\u00f3ja \u00e9s hangs\u00falyozta, hogy az Egyes\u00fclt \u00c1llamok csakis olyan bev\u00e1ndorl\u00f3kat szeretne, akik tud\u00e1sukkal, felk\u00e9sz\u00fclts\u00e9g\u00fckkel hozz\u00e1j\u00e1rulhatnak az amerikai fejl\u0151d\u00e9shez.         Kit\u00e9rt a Florid\u00e1ban a m\u00falt szerd\u00e1n elk\u00f6vetett iskolai l\u00f6v\u00f6ld\u00f6z\u00e9sre, \u00e9s ism\u00e9t ki\u00e1llt az oktat\u00e1si int\u00e9zm\u00e9nyekben dolgoz\u00f3k fegyverhez juttat\u00e1sa mellett. Azt mondta: ha a tan\u00e1roknak lett volna fegyver\u00fck, egyik\u00fck &#8222;sz\u00e9tl\u0151tte volna a l\u00f6v\u00f6ld\u00f6z\u0151t, miel\u0151tt az m\u00e9g r\u00e1j\u00f6hetett volna, hogy egy\u00e1ltal\u00e1n mi is t\u00f6rt\u00e9nik&#8221;. Korholta Scott Petersont, a megyei seriff helyettes\u00e9t, akir\u0151l kider\u00fclt, hogy a t\u00f6megm\u00e9sz\u00e1rl\u00e1s idej\u00e9n az iskola ter\u00fclet\u00e9n tart\u00f3zkodott, de be sem ment az \u00e9p\u00fcletbe, hogy  k\u00f6r\u00fcln\u00e9zzen         Trump meger\u0151s\u00edtette, hogy az Orsz\u00e1gos Fegyver Sz\u00f6vets\u00e9g (NRA) v\u00e1ltozatlanul a t\u00e1mogat\u00e1s\u00e1t \u00e9lvezi, de &#8211; mint fogalmazott &#8211; &#8222;t\u00e9nyleg er\u0151s\u00edten\u00fcnk kell&#8221; a fegyverv\u00e1s\u00e1rl\u00e1sok el\u0151tti ellen\u0151rz\u00e9seket. Ostorozta a m\u00e9di\u00e1t, ahol &#8222;azok a sz\u00f6rny\u0171 emberek vannak&#8221;. De hozz\u00e1tette: &#8222;t\u00e1mogatni fognak engem, \u00e9s tudj\u00e1k mi\u00e9rt? Mert ha valaki m\u00e1s gy\u0151z\u00f6tt volna, akkor a n\u00e9zetts\u00e9g\u00fck megcsappant volna \u00e9s be is z\u00e1rhatt\u00e1k volna a boltot&#8221;.         A besz\u00e9dnek egy\u00e9bk\u00e9nt t\u00f6bb der\u0171s pillanata is volt. Az elej\u00e9n p\u00e9ld\u00e1ul Trump r\u00e1mutatott a kivet\u00edt\u0151n l\u00e1that\u00f3 k\u00e9p\u00e9re, \u00e9s megjegyezte: &#8222;emberek, \u0151r\u00fclt m\u00f3don pr\u00f3b\u00e1lkozom azzal, hogy elrejtsem kopaszs\u00e1gomat&#8221;. K\u00e9s\u0151bb  egy dalsz\u00f6veget olvasott fel,  hogy azzal \u00e9rveljen  &#8222;vesz\u00e9lyes embereknek&#8221; az orsz\u00e1gba t\u00f6rt\u00e9n\u0151 beenged\u00e9se ellen.<br \/>\n(MTI<\/p>\n","protected":false},"excerpt":{"rendered":"<p>Donald Trump amerikai eln\u00f6k a konzervat\u00edv mozgalom konferenci\u00e1j\u00e1n (CPAC) p\u00e9nteken elmondott besz\u00e9d\u00e9ben ism\u00e9t hangs\u00falyozta, hogy korm\u00e1nyzata elismeri Jeruzs\u00e1lemet Izrael f\u0151v\u00e1rosak\u00e9nt.<\/p>\n","protected":false},"author":1,"featured_media":0,"comment_status":"closed","ping_status":"open","sticky":false,"template":"","format":"standard","meta":[],"categories":[13,16],"tags":[],"_links":{"self":[{"href":"https:\/\/gazdasagportal.hu\/index.php\/wp-json\/wp\/v2\/posts\/103225"}],"collection":[{"href":"https:\/\/gazdasagportal.hu\/index.php\/wp-json\/wp\/v2\/posts"}],"about":[{"href":"https:\/\/gazdasagportal.hu\/index.php\/wp-json\/wp\/v2\/types\/post"}],"author":[{"embeddable":true,"href":"https:\/\/gazdasagportal.hu\/index.php\/wp-json\/wp\/v2\/users\/1"}],"replies":[{"embeddable":true,"href":"https:\/\/gazdasagportal.hu\/index.php\/wp-json\/wp\/v2\/comments?post=103225"}],"version-history":[{"count":1,"href":"https:\/\/gazdasagportal.hu\/index.php\/wp-json\/wp\/v2\/posts\/103225\/revisions"}],"predecessor-version":[{"id":103226,"href":"https:\/\/gazdasagportal.hu\/index.php\/wp-json\/wp\/v2\/posts\/103225\/revisions\/103226"}],"wp:attachment":[{"href":"https:\/\/gazdasagportal.hu\/index.php\/wp-json\/wp\/v2\/media?parent=103225"}],"wp:term":[{"taxonomy":"category","embeddable":true,"href":"https:\/\/gazdasagportal.hu\/index.php\/wp-json\/wp\/v2\/categories?post=103225"},{"taxonomy":"post_tag","embeddable":true,"href":"https:\/\/gazdasagportal.hu\/index.php\/wp-json\/wp\/v2\/tags?post=103225"}],"curies":[{"name":"wp","href":"https:\/\/api.w.org\/{rel}","templated":true}]}}