{"id":103222,"date":"2018-02-23T16:32:11","date_gmt":"2018-02-23T15:32:11","guid":{"rendered":"http:\/\/gazdasagportal.hu\/?p=103222"},"modified":"2018-02-23T15:33:07","modified_gmt":"2018-02-23T14:33:07","slug":"putyin-a-fejlett-hadsereg-teremti-meg-az-orszag-fejlodesenek-felteteleit","status":"publish","type":"post","link":"https:\/\/gazdasagportal.hu\/index.php\/putyin-a-fejlett-hadsereg-teremti-meg-az-orszag-fejlodesenek-felteteleit\/","title":{"rendered":"Putyin: a fejlett hadsereg teremti meg az orsz\u00e1g fejl\u0151d\u00e9s\u00e9nek felt\u00e9teleit"},"content":{"rendered":"<p><strong>A fejlett fegyveres er\u0151k teremtik meg annak felt\u00e9teleit, hogy az orsz\u00e1g fejl\u0151dj\u00f6n, a vil\u00e1gban pedig stabil viszonyok alakuljanak ki &#8211; jelentette ki Vlagyimir Putyin orosz eln\u00f6k p\u00e9nteken a Kremlben, a haza v\u00e9delmez\u0151j\u00e9nek napja alkalm\u00e1b\u00f3l megrendezett kit\u00fcntet\u00e9s\u00e1tad\u00e1son.<\/strong><!--more--><\/p>\n<div class=\"ads-in-post1\"><div id=\"gazdasagportal.hu_fullbanner_wideboard\"><\/div>\r\n<\/div>\n<p>    &#8222;\u00dagy t\u0171nik, hogy ez mindig \u00edgy volt, \u00fagy t\u0171nik, hogy ez \u00edgy norm\u00e1lis. De el\u00e9g, ha a fegyveres er\u0151k csak meggyeng\u00fclnek, olyan probl\u00e9m\u00e1k jelennek meg, amilyenekre soha nem is gondoltunk, olyan fenyeget\u00e9sek jelennek meg, amilyeneket el sem tudtunk k\u00e9pzelni&#8221; &#8211; hangoztatta.<br \/>\n    Putyin szerint az orosz fegyveres er\u0151k &#8222;a fejl\u0151d\u00e9s \u00faj dinamik\u00e1j\u00e1t \u00e9rt\u00e9k el, olyat, amilyenre Oroszorsz\u00e1gnak sz\u00fcks\u00e9ge van&#8221;.<br \/>\n     Az orosz eln\u00f6k kifejezte h\u00e1l\u00e1j\u00e1t a Sz\u00edri\u00e1ban elesett Roman Filipov g\u00e1rda\u0151rnagy hozz\u00e1tartoz\u00f3inak. Kijelentette, hogy a pil\u00f3ta olyan h\u0151siess\u00e9gr\u0151l tett tan\u00fabizonys\u00e1got, mint a m\u00e1sodik vil\u00e1gh\u00e1bor\u00faban a breszti er\u0151d, Moszkva \u00e9s Szt\u00e1lingr\u00e1d v\u00e9d\u0151i.<br \/>\n<div class=\"ads-in-post2\"><script async src=\"https:\/\/pagead2.googlesyndication.com\/pagead\/js\/adsbygoogle.js\"><\/script>\r\n<ins class=\"adsbygoogle\"\r\n     style=\"display:block\"\r\n     data-ad-format=\"fluid\"\r\n     data-ad-layout-key=\"-6t+ed+2i-1n-4w\"\r\n     data-ad-client=\"ca-pub-1959107119989764\"\r\n     data-ad-slot=\"4008251320\"><\/ins>\r\n<script>\r\n     (adsbygoogle = window.adsbygoogle || []).push({});\r\n<\/script><\/div>\n    Putyin febru\u00e1r 6-\u00e1n az Oroszorsz\u00e1gi F\u00f6der\u00e1ci\u00f3 H\u0151se posztumusz c\u00edmet adom\u00e1nyozta Filipov \u0151rnagynak, akinek Szu-25-\u00f6s harci rep\u00fcl\u0151g\u00e9p\u00e9t az Idl\u00edb tartom\u00e1nybeli fesz\u00fclts\u00e9gcs\u00f6kkent\u0151 \u00f6vezet f\u00f6l\u00f6tt l\u0151tt\u00e9k le a &#8211; Dzsebhat as-S\u00e1m elnevez\u00e9s haszn\u00e1lat\u00e1ra \u00e1tt\u00e9rt &#8211; dzsihadista an-Nuszra Front fegyveresei.<br \/>\n    A 33 \u00e9ves pil\u00f3ta katapult\u00e1lt, majd a rem\u00e9nytelen t\u00faler\u0151vel v\u00edvott t\u0171zharcban felrobbantotta mag\u00e1t. A h\u0151si c\u00edmmel j\u00e1r\u00f3 aranycsillag kit\u00fcntet\u00e9st az orosz eln\u00f6k p\u00e9nteken a Kremlben ny\u00fajtotta \u00e1t a pil\u00f3ta sz\u00fcleinek \u00e9s \u00f6zvegy\u00e9nek.<br \/>\n    A haza v\u00e9delmez\u0151inek \u00fcnnepe Oroszorsz\u00e1gban f\u00e9lhivatalosan a &#8222;f\u00e9rfiak napja&#8221;. A Szovjetuni\u00f3ban 1922 \u00f3ta \u00fcnnepelt\u00e9k febru\u00e1r 23-\u00e1n a V\u00f6r\u00f6s Hadsereg \u00e9s Flotta, majd 1946 \u00f3ta a szovjet hadsereg napj\u00e1t.<br \/>\n    Moszkva belv\u00e1ros\u00e1ban p\u00e9nteken a kommunist\u00e1k nagygy\u0171l\u00e9st tartottak a V\u00f6r\u00f6s Hadsereg megalap\u00edt\u00e1s\u00e1nak 100. \u00e9vfordul\u00f3ja alkalm\u00e1b\u00f3l. A p\u00e1rt vezet\u0151je, Gennagyij Zjuganov arr\u00f3l besz\u00e9lt, hogy az orsz\u00e1gnak az orosz gy\u0151zelmek &#8222;ezer\u00e9ves nagyszer\u0171 t\u00f6rt\u00e9nelm\u00e9re&#8221; kell t\u00e1maszkodnia.<br \/>\n    Szavai szerint 25 \u00e9ves fenn\u00e1ll\u00e1sa \u00f3ta az Oroszorsz\u00e1gi F\u00f6der\u00e1ci\u00f3 Kommunista P\u00e1rtja is nagy tettet vitt v\u00e9gbe, mert nem engedte meg, &#8222;hogy lesz\u00e1moljanak a nagyszer\u0171 szovjet korszak&#8221; t\u00f6rt\u00e9nelm\u00e9vel, valamint nem engedte meg &#8222;elposv\u00e1nyos\u00edtani&#8221; a V\u00f6r\u00f6s teret \u00e9s az azon tal\u00e1lhat\u00f3 nekropoliszt, amely 32 szovjet marsall \u00e9s t\u00e1bornok nyughelye.(MTI)<\/p>\n","protected":false},"excerpt":{"rendered":"<p>A fejlett fegyveres er\u0151k teremtik meg annak felt\u00e9teleit, hogy az orsz\u00e1g fejl\u0151dj\u00f6n, a vil\u00e1gban pedig stabil viszonyok alakuljanak ki &#8211; jelentette ki Vlagyimir Putyin orosz eln\u00f6k p\u00e9nteken a Kremlben, a haza v\u00e9delmez\u0151j\u00e9nek napja alkalm\u00e1b\u00f3l megrendezett kit\u00fcntet\u00e9s\u00e1tad\u00e1son.<\/p>\n","protected":false},"author":1,"featured_media":0,"comment_status":"closed","ping_status":"open","sticky":false,"template":"","format":"standard","meta":[],"categories":[246],"tags":[],"_links":{"self":[{"href":"https:\/\/gazdasagportal.hu\/index.php\/wp-json\/wp\/v2\/posts\/103222"}],"collection":[{"href":"https:\/\/gazdasagportal.hu\/index.php\/wp-json\/wp\/v2\/posts"}],"about":[{"href":"https:\/\/gazdasagportal.hu\/index.php\/wp-json\/wp\/v2\/types\/post"}],"author":[{"embeddable":true,"href":"https:\/\/gazdasagportal.hu\/index.php\/wp-json\/wp\/v2\/users\/1"}],"replies":[{"embeddable":true,"href":"https:\/\/gazdasagportal.hu\/index.php\/wp-json\/wp\/v2\/comments?post=103222"}],"version-history":[{"count":1,"href":"https:\/\/gazdasagportal.hu\/index.php\/wp-json\/wp\/v2\/posts\/103222\/revisions"}],"predecessor-version":[{"id":103223,"href":"https:\/\/gazdasagportal.hu\/index.php\/wp-json\/wp\/v2\/posts\/103222\/revisions\/103223"}],"wp:attachment":[{"href":"https:\/\/gazdasagportal.hu\/index.php\/wp-json\/wp\/v2\/media?parent=103222"}],"wp:term":[{"taxonomy":"category","embeddable":true,"href":"https:\/\/gazdasagportal.hu\/index.php\/wp-json\/wp\/v2\/categories?post=103222"},{"taxonomy":"post_tag","embeddable":true,"href":"https:\/\/gazdasagportal.hu\/index.php\/wp-json\/wp\/v2\/tags?post=103222"}],"curies":[{"name":"wp","href":"https:\/\/api.w.org\/{rel}","templated":true}]}}