{"id":103220,"date":"2018-02-23T15:21:04","date_gmt":"2018-02-23T14:21:04","guid":{"rendered":"http:\/\/gazdasagportal.hu\/?p=103220"},"modified":"2018-02-23T15:21:04","modified_gmt":"2018-02-23T14:21:04","slug":"eu-csucs-nincs-egyetertes-az-unios-penzek-feltetelekhez-koteserol-szolo-javaslatokat-illetoen","status":"publish","type":"post","link":"https:\/\/gazdasagportal.hu\/index.php\/eu-csucs-nincs-egyetertes-az-unios-penzek-feltetelekhez-koteserol-szolo-javaslatokat-illetoen\/","title":{"rendered":"EU-cs\u00facs &#8211; Nincs egyet\u00e9rt\u00e9s az uni\u00f3s p\u00e9nzek felt\u00e9telekhez k\u00f6t\u00e9s\u00e9r\u0151l sz\u00f3l\u00f3 javaslatokat illet\u0151en"},"content":{"rendered":"<p><strong>Nincs egyet\u00e9rt\u00e9s a tag\u00e1llami vezet\u0151k k\u00f6z\u00f6tt azon n\u00e9met javaslatokat illet\u0151en, amelyek \u00e9rtelm\u00e9ben az uni\u00f3s t\u00e1mogat\u00e1sok eloszt\u00e1s\u00e1ban a szolidarit\u00e1si \u00e9s a jog\u00e1llamis\u00e1gi elvek betart\u00e1s\u00e1nak is t\u00fckr\u00f6z\u0151dnie kellene &#8211; der\u00fclt ki az uni\u00f3s \u00e1llam- \u00e9s korm\u00e1nyf\u0151k p\u00e9nteki br\u00fcsszeli tal\u00e1lkoz\u00f3ja el\u0151tt elhangzott nyilatkozatokb\u00f3l.<\/strong><!--more--><\/p>\n<div class=\"ads-in-post1\"><div id=\"gazdasagportal.hu_fullbanner_wideboard\"><\/div>\r\n<\/div>\n<p>    A n\u00e9met \u00e1ll\u00e1spont szerint a struktur\u00e1lis t\u00e1mogat\u00e1sok eloszt\u00e1si szempontjaiban annak is t\u00fckr\u00f6z\u0151dnie kellene a j\u00f6v\u0151ben, hogy egyes tagorsz\u00e1gok mennyire veszik ki a r\u00e9sz\u00fcket a menek\u00fcltv\u00e1ls\u00e1g k\u00f6z\u00f6s kezel\u00e9s\u00e9b\u0151l, illetve betartj\u00e1k-e a jog\u00e1llamis\u00e1gi elveket.<br \/>\n    Mark Rutte holland minisztereln\u00f6k elmondta, hogy l\u00e1t bizonyos el\u0151ny\u00f6ket a nemr\u00e9g bemutatott javaslatban, de a k\u00e9rd\u00e9st alaposan meg kell vizsg\u00e1lni.<br \/>\n    Hozz\u00e1tette, korm\u00e1nya els\u0151sorban az alapj\u00e1n osztan\u00e1 el a struktur\u00e1lis alapokb\u00f3l sz\u00e1rmaz\u00f3 p\u00e9nzeket, hogy a t\u00e1mogat\u00e1sokkal el\u00e9rhet\u0151ek-e &#8222;a k\u00edv\u00e1nt c\u00e9lok, a sz\u00fcks\u00e9ges v\u00e1ltoz\u00e1sok&#8221;.<br \/>\n<div class=\"ads-in-post2\"><script async src=\"https:\/\/pagead2.googlesyndication.com\/pagead\/js\/adsbygoogle.js\"><\/script>\r\n<ins class=\"adsbygoogle\"\r\n     style=\"display:block\"\r\n     data-ad-format=\"fluid\"\r\n     data-ad-layout-key=\"-6t+ed+2i-1n-4w\"\r\n     data-ad-client=\"ca-pub-1959107119989764\"\r\n     data-ad-slot=\"4008251320\"><\/ins>\r\n<script>\r\n     (adsbygoogle = window.adsbygoogle || []).push({});\r\n<\/script><\/div>\n    R\u00f6vid sajt\u00f3t\u00e1j\u00e9koztat\u00f3j\u00e1n Sebastian Kurz osztr\u00e1k kancell\u00e1rt is megk\u00e9rdezt\u00e9k err\u0151l, aki hangs\u00falyozta, &#8222;alapvet\u0151en meg tudja \u00e9rteni annak az \u00f6tlet\u00e9t, hogy bizonyos felt\u00e9teleket szabjanak&#8221;.<br \/>\n    &#8222;Csak annyit k\u00e9rn\u00e9k, hogy ne mindig a menek\u00fcltekre f\u00f3kusz\u00e1ljunk, ugyanis a szolidarit\u00e1s j\u00f3val t\u00f6bbr\u0151l sz\u00f3l a menek\u00fcltek befogad\u00e1s\u00e1n\u00e1l&#8221; &#8211; fogalmazott.<br \/>\n    Dalia Grybauskaite litv\u00e1n eln\u00f6k azon v\u00e9lem\u00e9ny\u00e9nek adott hangot, hogy ezen uni\u00f3s alapok egyetlen c\u00e9lja az EU szeg\u00e9nyebb tag\u00e1llamainak integr\u00e1l\u00e1sa kell legyen.<br \/>\n    &#8222;A jelenlegi szerz\u0151d\u00e9sek \u00e9rtelm\u00e9ben a koh\u00e9zi\u00f3s \u00e9s struktur\u00e1lis alapok a konvergencia jav\u00edt\u00e1s\u00e1t szolg\u00e1lj\u00e1k, \u00e9s nem m\u00e1st&#8221; &#8211; mondta.<br \/>\n    A n\u00e9met javaslatot Xavier Better luxemburgi minisztereln\u00f6k is b\u00edr\u00e1lta. &#8222;V\u00e9gs\u0151 soron kiket fognak megb\u00fcntetni?&#8221; &#8211; tette fel a k\u00e9rd\u00e9st, s r\u00f6gt\u00f6n meg is v\u00e1laszolta: &#8222;nem a korm\u00e1nyokat, hanem az \u00e1llampolg\u00e1rokat&#8221;.<br \/>\n    Kor\u00e1bban t\u00f6bbek k\u00f6z\u00f6tt a magyar \u00e9s a lengyel korm\u00e1ny is tiltakoz\u00e1s\u00e1t fejezte ki a tervezettel kapcsolatban.(MTI)<\/p>\n","protected":false},"excerpt":{"rendered":"<p>Nincs egyet\u00e9rt\u00e9s a tag\u00e1llami vezet\u0151k k\u00f6z\u00f6tt azon n\u00e9met javaslatokat illet\u0151en, amelyek \u00e9rtelm\u00e9ben az uni\u00f3s t\u00e1mogat\u00e1sok eloszt\u00e1s\u00e1ban a szolidarit\u00e1si \u00e9s a jog\u00e1llamis\u00e1gi elvek betart\u00e1s\u00e1nak is t\u00fckr\u00f6z\u0151dnie kellene &#8211; der\u00fclt ki az uni\u00f3s \u00e1llam- \u00e9s korm\u00e1nyf\u0151k p\u00e9nteki br\u00fcsszeli tal\u00e1lkoz\u00f3ja el\u0151tt elhangzott nyilatkozatokb\u00f3l.<\/p>\n","protected":false},"author":1,"featured_media":0,"comment_status":"closed","ping_status":"open","sticky":false,"template":"","format":"standard","meta":[],"categories":[12],"tags":[],"_links":{"self":[{"href":"https:\/\/gazdasagportal.hu\/index.php\/wp-json\/wp\/v2\/posts\/103220"}],"collection":[{"href":"https:\/\/gazdasagportal.hu\/index.php\/wp-json\/wp\/v2\/posts"}],"about":[{"href":"https:\/\/gazdasagportal.hu\/index.php\/wp-json\/wp\/v2\/types\/post"}],"author":[{"embeddable":true,"href":"https:\/\/gazdasagportal.hu\/index.php\/wp-json\/wp\/v2\/users\/1"}],"replies":[{"embeddable":true,"href":"https:\/\/gazdasagportal.hu\/index.php\/wp-json\/wp\/v2\/comments?post=103220"}],"version-history":[{"count":1,"href":"https:\/\/gazdasagportal.hu\/index.php\/wp-json\/wp\/v2\/posts\/103220\/revisions"}],"predecessor-version":[{"id":103221,"href":"https:\/\/gazdasagportal.hu\/index.php\/wp-json\/wp\/v2\/posts\/103220\/revisions\/103221"}],"wp:attachment":[{"href":"https:\/\/gazdasagportal.hu\/index.php\/wp-json\/wp\/v2\/media?parent=103220"}],"wp:term":[{"taxonomy":"category","embeddable":true,"href":"https:\/\/gazdasagportal.hu\/index.php\/wp-json\/wp\/v2\/categories?post=103220"},{"taxonomy":"post_tag","embeddable":true,"href":"https:\/\/gazdasagportal.hu\/index.php\/wp-json\/wp\/v2\/tags?post=103220"}],"curies":[{"name":"wp","href":"https:\/\/api.w.org\/{rel}","templated":true}]}}