{"id":103214,"date":"2018-02-23T12:50:01","date_gmt":"2018-02-23T11:50:01","guid":{"rendered":"http:\/\/gazdasagportal.hu\/?p=103214"},"modified":"2018-02-23T12:50:01","modified_gmt":"2018-02-23T11:50:01","slug":"csokkent-az-euroovezeti-es-unios-inflacio-januarban","status":"publish","type":"post","link":"https:\/\/gazdasagportal.hu\/index.php\/csokkent-az-euroovezeti-es-unios-inflacio-januarban\/","title":{"rendered":"Cs\u00f6kkent az eur\u00f3\u00f6vezeti \u00e9s uni\u00f3s infl\u00e1ci\u00f3 janu\u00e1rban"},"content":{"rendered":"<p><strong>Janu\u00e1rban cs\u00f6kkent az infl\u00e1ci\u00f3 havi szinten az eur\u00f3\u00f6vezetben \u00e9s az EU-ban.<\/strong><!--more--><\/p>\n<div class=\"ads-in-post1\"><div id=\"gazdasagportal.hu_fullbanner_wideboard\"><\/div>\r\n<\/div>\n<p>    Az Eur\u00f3pai Uni\u00f3 statisztikai hivatala, az Eurostat p\u00e9nteken azt k\u00f6z\u00f6lte, hogy janu\u00e1rban 1,3 sz\u00e1zal\u00e9kra cs\u00f6kkent az \u00e9ves infl\u00e1ci\u00f3 az eur\u00f3\u00f6vezet 19 tag\u00e1llam\u00e1ban a decemberi 1,4  sz\u00e1zal\u00e9kr\u00f3l, az Eur\u00f3pai Uni\u00f3 28 tag\u00e1llam\u00e1ban pedig 1,6 sz\u00e1zal\u00e9kra a decemberi 1,7 sz\u00e1zal\u00e9kr\u00f3l.<br \/>\n    A legkisebb infl\u00e1ci\u00f3t janu\u00e1rban Cipruson regisztr\u00e1lt\u00e1k, m\u00ednusz 1,5 sz\u00e1zal\u00e9kosat. G\u00f6r\u00f6gorsz\u00e1gban \u00e9s \u00cdrorsz\u00e1gban 0,3 sz\u00e1zal\u00e9kkal emelkedtek a fogyaszt\u00f3i \u00e1rak.<br \/>\n<div class=\"ads-in-post2\"><script async src=\"https:\/\/pagead2.googlesyndication.com\/pagead\/js\/adsbygoogle.js\"><\/script>\r\n<ins class=\"adsbygoogle\"\r\n     style=\"display:block\"\r\n     data-ad-format=\"fluid\"\r\n     data-ad-layout-key=\"-6t+ed+2i-1n-4w\"\r\n     data-ad-client=\"ca-pub-1959107119989764\"\r\n     data-ad-slot=\"4008251320\"><\/ins>\r\n<script>\r\n     (adsbygoogle = window.adsbygoogle || []).push({});\r\n<\/script><\/div>\n    A legnagyobb \u00e9ves \u00e1remelked\u00e9s Litv\u00e1ni\u00e1ban \u00e9s \u00c9sztorsz\u00e1gban volt janu\u00e1rban, egyar\u00e1nt 3,6 sz\u00e1zal\u00e9kos, Rom\u00e1ni\u00e1ba pedig 3,4 sz\u00e1zal\u00e9kos.<br \/>\n    Magyarorsz\u00e1gon 2,1 sz\u00e1zal\u00e9kos volt a janu\u00e1ri infl\u00e1ci\u00f3.(MTI)<\/p>\n","protected":false},"excerpt":{"rendered":"<p>Janu\u00e1rban cs\u00f6kkent az infl\u00e1ci\u00f3 havi szinten az eur\u00f3\u00f6vezetben \u00e9s az EU-ban.<\/p>\n","protected":false},"author":1,"featured_media":0,"comment_status":"closed","ping_status":"open","sticky":false,"template":"","format":"standard","meta":[],"categories":[246],"tags":[],"_links":{"self":[{"href":"https:\/\/gazdasagportal.hu\/index.php\/wp-json\/wp\/v2\/posts\/103214"}],"collection":[{"href":"https:\/\/gazdasagportal.hu\/index.php\/wp-json\/wp\/v2\/posts"}],"about":[{"href":"https:\/\/gazdasagportal.hu\/index.php\/wp-json\/wp\/v2\/types\/post"}],"author":[{"embeddable":true,"href":"https:\/\/gazdasagportal.hu\/index.php\/wp-json\/wp\/v2\/users\/1"}],"replies":[{"embeddable":true,"href":"https:\/\/gazdasagportal.hu\/index.php\/wp-json\/wp\/v2\/comments?post=103214"}],"version-history":[{"count":1,"href":"https:\/\/gazdasagportal.hu\/index.php\/wp-json\/wp\/v2\/posts\/103214\/revisions"}],"predecessor-version":[{"id":103215,"href":"https:\/\/gazdasagportal.hu\/index.php\/wp-json\/wp\/v2\/posts\/103214\/revisions\/103215"}],"wp:attachment":[{"href":"https:\/\/gazdasagportal.hu\/index.php\/wp-json\/wp\/v2\/media?parent=103214"}],"wp:term":[{"taxonomy":"category","embeddable":true,"href":"https:\/\/gazdasagportal.hu\/index.php\/wp-json\/wp\/v2\/categories?post=103214"},{"taxonomy":"post_tag","embeddable":true,"href":"https:\/\/gazdasagportal.hu\/index.php\/wp-json\/wp\/v2\/tags?post=103214"}],"curies":[{"name":"wp","href":"https:\/\/api.w.org\/{rel}","templated":true}]}}