{"id":103154,"date":"2018-02-21T12:41:28","date_gmt":"2018-02-21T11:41:28","guid":{"rendered":"http:\/\/gazdasagportal.hu\/?p=103154"},"modified":"2018-02-21T12:41:28","modified_gmt":"2018-02-21T11:41:28","slug":"az-eddig-veltnel-meg-szelsosegesebb-lesz-az-idojaras-az-europai-varosokban","status":"publish","type":"post","link":"https:\/\/gazdasagportal.hu\/index.php\/az-eddig-veltnel-meg-szelsosegesebb-lesz-az-idojaras-az-europai-varosokban\/","title":{"rendered":"Az eddig v\u00e9ltn\u00e9l m\u00e9g sz\u00e9ls\u0151s\u00e9gesebb lesz az id\u0151j\u00e1r\u00e1s az eur\u00f3pai v\u00e1rosokban"},"content":{"rendered":"<p><strong>Eur\u00f3pa 571 v\u00e1ros\u00e1nak adatait elemezve a New Castle-i Egyetem kutat\u00f3i kimutatt\u00e1k, hogy az eddig v\u00e9ltn\u00e9l j\u00f3val sz\u00e9ls\u0151s\u00e9gesebb\u00e9 v\u00e1lik az id\u0151j\u00e1r\u00e1s a 2050-2100 k\u00f6z\u00f6tti id\u0151szakban.<\/strong><!--more--><\/p>\n<div class=\"ads-in-post1\"><div id=\"gazdasagportal.hu_fullbanner_wideboard\"><\/div>\r\n<\/div>\n<p>    A szakemberek az asz\u00e1lyokban, h\u0151hull\u00e1mokban, \u00e1rad\u00e1sokban v\u00e9gbement v\u00e1ltoz\u00e1sokat elemezt\u00e9k az \u00f6sszes kl\u00edmamodell alkalmaz\u00e1s\u00e1val az Environmental Research Letters tudom\u00e1nyos foly\u00f3iratban k\u00f6zz\u00e9tett tanulm\u00e1nyukban.<br \/>\n    Kimutatt\u00e1k, hogy mind az 571 v\u00e1ros\u00e1ban fokoz\u00f3dni fognak a h\u0151hull\u00e1mok, a legnagyobb m\u00e9rt\u00e9kben a h\u0151hull\u00e1mos id\u0151szakok a d\u00e9l-eur\u00f3pai orsz\u00e1gokban n\u0151nek, mik\u00f6zben a k\u00f6z\u00e9p-eur\u00f3pai v\u00e1rosokban a legnagyobb m\u00e9rt\u00e9kben &#8211; 2-7 Celsius-fokkal, a legrosszabb forgat\u00f3k\u00f6nyv szerint ak\u00e1r 8-14 Celsius-fokkal &#8211; fog emelkedni a h\u0151m\u00e9rs\u00e9klet h\u0151hull\u00e1mok idej\u00e9n &#8211; olvashat\u00f3 az eurekalert.org tudom\u00e1nyos h\u00edrport\u00e1lon.<br \/>\n    Az asz\u00e1ly felt\u00e9telei k\u00fcl\u00f6n\u00f6sen D\u00e9l-Eur\u00f3p\u00e1ban n\u00f6vekednek, sz\u00e1m\u00edt\u00e1saik szerint az Ib\u00e9riai-f\u00e9lsziget d\u00e9li r\u00e9sz\u00e9n fekv\u0151 Malag\u00e1ban \u00e9s Almeir\u00e1ban t\u00f6bb mint k\u00e9tszeres\u00e9re n\u0151 a sz\u00e1razs\u00e1g az 1951-2000-es \u00e9vekhez k\u00e9pest.<br \/>\n<div class=\"ads-in-post2\"><script async src=\"https:\/\/pagead2.googlesyndication.com\/pagead\/js\/adsbygoogle.js\"><\/script>\r\n<ins class=\"adsbygoogle\"\r\n     style=\"display:block\"\r\n     data-ad-format=\"fluid\"\r\n     data-ad-layout-key=\"-6t+ed+2i-1n-4w\"\r\n     data-ad-client=\"ca-pub-1959107119989764\"\r\n     data-ad-slot=\"4008251320\"><\/ins>\r\n<script>\r\n     (adsbygoogle = window.adsbygoogle || []).push({});\r\n<\/script><\/div>\n    \u00c9szaknyugat-Eur\u00f3p\u00e1ban a foly\u00f3k \u00e1rad\u00e1s\u00e1nak kock\u00e1zata n\u00f6vekszik. A legrosszabb el\u0151rejelz\u00e9sek a Brit-szigetek v\u00e1rosait \u00e9rintik, ahol m\u00e9g a legoptimist\u00e1bb forgat\u00f3k\u00f6nyv eset\u00e9ben is a v\u00e1rosok 85 sz\u00e1zal\u00e9k\u00e1t fogja a kor\u00e1bbin\u00e1l nagyobb \u00e1rv\u00edz s\u00fajtani.<br \/>\n    A legrosszabb el\u0151rejelz\u00e9seket alapul v\u00e9ve mindh\u00e1rom jelens\u00e9g &#8211; asz\u00e1ly, h\u0151hull\u00e1m, \u00e1rad\u00e1s &#8211; a legt\u00f6bb eur\u00f3pai v\u00e1rosban j\u00f3val sz\u00e9ls\u0151s\u00e9gesebb lesz.<br \/>\n    &#8222;Kutat\u00e1sunk r\u00e1vil\u00e1g\u00edt, hogy s\u00fcrg\u0151sen terveket kell kidolgozni arra, hogy v\u00e1rosaink mik\u00e9nt birk\u00f3zzanak meg ezekkel a j\u00f6v\u0151beni id\u0151j\u00e1r\u00e1si jelens\u00e9gekkel&#8221; &#8211; hangs\u00falyozta Richard Dawson professzor, a tanulm\u00e1ny t\u00e1rszerz\u0151je.<br \/>\n    &#8222;M\u00e1r most els\u0151 k\u00e9zb\u0151l l\u00e1tjuk az sz\u00e9ls\u0151s\u00e9ges id\u0151j\u00e1r\u00e1si esem\u00e9nyek k\u00f6vetkezm\u00e9nyeit az eur\u00f3pai f\u0151v\u00e1rosokban. P\u00e1rizsban az \u00e1tlaghoz k\u00e9pest t\u00f6bb mint n\u00e9gy m\u00e9tert n\u0151tt a Szajna v\u00edzszintje&#8221; &#8211; tette hozz\u00e1.<br \/>\n    M\u00e1s f\u0151v\u00e1rosokban, mint Dublinban, Helsinkiben, Rig\u00e1ban, Vilniusban \u00e9s Z\u00e1gr\u00e1bban is val\u00f3sz\u00edn\u0171leg az \u00e1rad\u00e1sok v\u00edzszintje lesz extr\u00e9m magas. A legrosszabb forgat\u00f3k\u00f6nyv t\u00f6bb mint 80 sz\u00e1zal\u00e9kos v\u00edzszint n\u00f6veked\u00e9ssel sz\u00e1mol \u00e1rvizek eset\u00e9n sz\u00e1mos nagyv\u00e1rosban, k\u00f6zt\u00fck a spanyol Santiago de Compostel\u00e1ban, az \u00edrorsz\u00e1gi Corkban, Waterfordban, a portug\u00e1liai Brag\u00e1ban \u00e9s Barcelosban vagy a brit Derry\/Londonderryben.<br \/>\n    Mik\u00f6zben Stockholmban \u00e9s R\u00f3m\u00e1ban fog n\u0151ni legink\u00e1bb a h\u0151hull\u00e1mos napok sz\u00e1ma, a h\u0151m\u00e9rs\u00e9kletn\u00f6veked\u00e9s h\u0151hull\u00e1mok eset\u00e9n Pr\u00e1g\u00e1ban \u00e9s B\u00e9csben lesz a legnagyobb.<br \/>\n    Lisszabonban \u00e9s Madridban fog el\u0151fordulni legt\u00f6bbsz\u00f6r legnagyobb sz\u00e1razs\u00e1g, mik\u00f6zben Ath\u00e9nt, a m\u00e1ltai Valett\u00e1t \u00e9s Sz\u00f3fi\u00e1t s\u00fajtja majd a legnagyobb sz\u00e1razs\u00e1g \u00e9s h\u0151hull\u00e1m az el\u0151rejelz\u00e9s szerint.(MTI)<\/p>\n","protected":false},"excerpt":{"rendered":"<p>Eur\u00f3pa 571 v\u00e1ros\u00e1nak adatait elemezve a New Castle-i Egyetem kutat\u00f3i kimutatt\u00e1k, hogy az eddig v\u00e9ltn\u00e9l j\u00f3val sz\u00e9ls\u0151s\u00e9gesebb\u00e9 v\u00e1lik az id\u0151j\u00e1r\u00e1s a 2050-2100 k\u00f6z\u00f6tti id\u0151szakban.<\/p>\n","protected":false},"author":1,"featured_media":0,"comment_status":"closed","ping_status":"open","sticky":false,"template":"","format":"standard","meta":[],"categories":[4,12],"tags":[],"_links":{"self":[{"href":"https:\/\/gazdasagportal.hu\/index.php\/wp-json\/wp\/v2\/posts\/103154"}],"collection":[{"href":"https:\/\/gazdasagportal.hu\/index.php\/wp-json\/wp\/v2\/posts"}],"about":[{"href":"https:\/\/gazdasagportal.hu\/index.php\/wp-json\/wp\/v2\/types\/post"}],"author":[{"embeddable":true,"href":"https:\/\/gazdasagportal.hu\/index.php\/wp-json\/wp\/v2\/users\/1"}],"replies":[{"embeddable":true,"href":"https:\/\/gazdasagportal.hu\/index.php\/wp-json\/wp\/v2\/comments?post=103154"}],"version-history":[{"count":1,"href":"https:\/\/gazdasagportal.hu\/index.php\/wp-json\/wp\/v2\/posts\/103154\/revisions"}],"predecessor-version":[{"id":103155,"href":"https:\/\/gazdasagportal.hu\/index.php\/wp-json\/wp\/v2\/posts\/103154\/revisions\/103155"}],"wp:attachment":[{"href":"https:\/\/gazdasagportal.hu\/index.php\/wp-json\/wp\/v2\/media?parent=103154"}],"wp:term":[{"taxonomy":"category","embeddable":true,"href":"https:\/\/gazdasagportal.hu\/index.php\/wp-json\/wp\/v2\/categories?post=103154"},{"taxonomy":"post_tag","embeddable":true,"href":"https:\/\/gazdasagportal.hu\/index.php\/wp-json\/wp\/v2\/tags?post=103154"}],"curies":[{"name":"wp","href":"https:\/\/api.w.org\/{rel}","templated":true}]}}