{"id":103152,"date":"2018-02-21T12:11:45","date_gmt":"2018-02-21T11:11:45","guid":{"rendered":"http:\/\/gazdasagportal.hu\/?p=103152"},"modified":"2018-02-21T12:11:45","modified_gmt":"2018-02-21T11:11:45","slug":"utokepes-magyar-honvedseg-nelkul-nincs-szuveren-allam","status":"publish","type":"post","link":"https:\/\/gazdasagportal.hu\/index.php\/utokepes-magyar-honvedseg-nelkul-nincs-szuveren-allam\/","title":{"rendered":"\u00dct\u0151k\u00e9pes Magyar Honv\u00e9ds\u00e9g n\u00e9lk\u00fcl nincs szuver\u00e9n \u00e1llam"},"content":{"rendered":"<p><strong>\u00d6r\u00f6k\u00e9rv\u00e9ny\u0171 igazs\u00e1g, hogy \u00fct\u0151k\u00e9pes Magyar Honv\u00e9ds\u00e9g n\u00e9lk\u00fcl Magyarorsz\u00e1g nem lehet szuver\u00e9n \u00e1llam &#8211; k\u00f6z\u00f6lte a honv\u00e9delmi miniszter a &#8222;170 \u00e9ves a Magyar Honv\u00e9ds\u00e9g&#8221; c\u00edm\u0171 programsorozat nyit\u00f3rendezv\u00e9ny\u00e9n szerd\u00e1n Budapesten.<\/strong><!--more--><\/p>\n<div class=\"ads-in-post1\"><div id=\"gazdasagportal.hu_fullbanner_wideboard\"><\/div>\r\n<\/div>\n<p>    Simicsk\u00f3 Istv\u00e1n &#8211; aki a hetvenedik, a rendszerv\u00e1lt\u00e1s \u00f3ta pedig a hetedik honv\u00e9delmi miniszter &#8211; besz\u00e9d\u00e9ben felid\u00e9zte: tiszts\u00e9g\u00e9ben, mik\u00f6zben Magyarorsz\u00e1g hat\u00e1rait igyekeztek megv\u00e9deni, \u00e1ttekintette valamennyi el\u0151dje tev\u00e9kenys\u00e9g\u00e9t. Elmondta, a Magyar Honv\u00e9ds\u00e9g fenn\u00e1ll\u00e1s\u00e1nak 170. \u00e9vfordul\u00f3j\u00e1t \u00fcnnepl\u0151 programsorozat ind\u00edt\u00e1s\u00e1t az 1796. febru\u00e1r 20-\u00e1n sz\u00fcletett M\u00e9sz\u00e1ros L\u00e1z\u00e1r els\u0151 had\u00fcgyminiszter el\u0151tti tiszteletb\u0151l id\u0151z\u00edtett\u00e9k erre az id\u0151szakra.<br \/>\n    Kifejtette: M\u00e9sz\u00e1ros L\u00e1z\u00e1r &#8211; akit 1848. \u00e1prilis 7-\u00e9n neveztek ki miniszterr\u00e9 &#8211; augusztus 16-\u00e1n a magyar nemzet szervez\u00e9s\u00e9r\u0151l azt mondta: &#8222;amit lehet, azt meg kell tartani a r\u00e9gi katonai rendszerb\u0151l, de a Magyar Hadsereg megszervez\u00e9s\u00e9hez id\u0151 kell.&#8221; M\u00e9sz\u00e1ros L\u00e1z\u00e1rnak a t\u00f6rt\u00e9nelmi esem\u00e9nyek miatt nem volt sok ideje &#8211; jegyezte meg Simicsk\u00f3 Istv\u00e1n.<br \/>\n<div class=\"ads-in-post2\"><script async src=\"https:\/\/pagead2.googlesyndication.com\/pagead\/js\/adsbygoogle.js\"><\/script>\r\n<ins class=\"adsbygoogle\"\r\n     style=\"display:block\"\r\n     data-ad-format=\"fluid\"\r\n     data-ad-layout-key=\"-6t+ed+2i-1n-4w\"\r\n     data-ad-client=\"ca-pub-1959107119989764\"\r\n     data-ad-slot=\"4008251320\"><\/ins>\r\n<script>\r\n     (adsbygoogle = window.adsbygoogle || []).push({});\r\n<\/script><\/div>\n    Kiemelte: nem sok nemzet van, amely olyan r\u00f6vid id\u0151 alatt olyan er\u0151t tudott volna fel\u00e1ll\u00edtani, mint a M\u00e9sz\u00e1ros L\u00e1z\u00e1r els\u0151 had\u00fcgyminiszter ir\u00e1ny\u00edt\u00e1s\u00e1val 1848-ban fel\u00e1ll\u00edtott magyar hadsereg, amely a vil\u00e1g akkor egyik leger\u0151sebb haderej\u00e9vel, az osztr\u00e1k hader\u0151vel szemben \u00e1llt helyt.<br \/>\n    A miniszter szerint a nemzet kialakul\u00e1s\u00e1nak id\u0151szak\u00e1ban a &#8222;rend\u00edthetetlen hazaszeretet, hit, szellemis\u00e9g&#8221; adta az er\u0151t ahhoz, hogy akkor sok dics\u0151s\u00e9ges csat\u00e1ban \u00e1lltak helyt a magyar katon\u00e1k.<br \/>\n    Simicsk\u00f3 Istv\u00e1n hozz\u00e1f\u0171zte: Magyarorsz\u00e1g f\u00fcggetlens\u00e9g\u00e9nek meg\u0151rz\u00e9s\u00e9hez fontos a hazaszeretet, s ebben a honv\u00e9ds\u00e9gnek, a katon\u00e1knak p\u00e9ld\u00e1t kell mutatniuk.<br \/>\n    &#8222;Ahhoz, hogy meg tudjuk \u0151rizni magyars\u00e1gunkat, Magyarorsz\u00e1got, tev\u00e9keny t\u00f6r\u0151d\u00e9ssel, odafigyel\u00e9ssel, alkot\u00f3 kreativit\u00e1ssal kell \u00e9p\u00edteni a Magyar Honv\u00e9ds\u00e9get&#8221; &#8211; emelte ki, hozz\u00e1t\u00e9ve: a m\u00e1r megkezdett Zr\u00ednyi 2026 honv\u00e9delmi \u00e9s hader\u0151fejleszt\u00e9si program nyom\u00e1n a honv\u00e9ds\u00e9gben elkezd\u0151d\u00f6tt a fejl\u0151d\u00e9s id\u0151szaka.<br \/>\n    Hermann R\u00f3bert, a Hadt\u00f6rt\u00e9neti Int\u00e9zet \u00e9s M\u00fazeum parancsnokhelyettese k\u00f6sz\u00f6nt\u0151j\u00e9ben kiemelte: 1848 el\u0151tt nem volt saj\u00e1t hadsereg\u00fck a magyaroknak. 1848 tavasz\u00e1n alig n\u00e9h\u00e1ny h\u00e9t alatt a semmib\u0151l j\u00f6tt l\u00e9tre a magyar honv\u00e9ds\u00e9g, amely j\u00fanius v\u00e9g\u00e9t\u0151l, j\u00falius elej\u00e9t\u0151l m\u00e1r a hadsz\u00ednt\u00e9ren harcolt.<br \/>\n    A rendezv\u00e9nyen Vargha Tam\u00e1s, a Honv\u00e9delmi Miniszt\u00e9rium (HM) parlamenti \u00e1llamtitk\u00e1ra bemutatta az \u00e9vfordul\u00f3s arculatot \u00e9s a rendezv\u00e9ny internetes megjelen\u00e9s\u00e9t. Egy\u00fattal meghirdette a &#8222;170 \u00e9ves a Magyar Honv\u00e9ds\u00e9g&#8221; rajzp\u00e1ly\u00e1zatot \u00e9s a &#8222;T\u00f6lts fel egy katonafot\u00f3t!&#8221; online p\u00e1ly\u00e1zatot.<br \/>\n    A budai V\u00e1rban, a HM Hadt\u00f6rt\u00e9neti Int\u00e9zet \u00e9s M\u00fazeumban (HIM) tartott rendezv\u00e9nyen &#8211; amelyen r\u00e9szt vett Boross P\u00e9ter volt minisztereln\u00f6k, Benk\u0151 Tibor vez\u00e9rkari f\u0151n\u00f6k, tov\u00e1bb\u00e1 a katonai alakulatok k\u00e9pvisel\u0151i &#8211; bemutatt\u00e1k az 1848-49-es \u00e9s a monarchia korabeli, az I. \u00e9s a II. vil\u00e1gh\u00e1bor\u00fas, az &#8217;56-os forradalom, tov\u00e1bb\u00e1 a jelenkor egyenruh\u00e1it \u00e9s fegyverzet\u00e9t. K\u00fcl\u00f6n ki\u00e1ll\u00edtott\u00e1k M\u00e9sz\u00e1ros L\u00e1z\u00e1r szem\u00e9lyes t\u00e1rgyait, tov\u00e1bb\u00e1 megnyitott\u00e1k azt az \u00e9vfordul\u00f3 alkalm\u00e1b\u00f3l szervezett v\u00e1ndorki\u00e1ll\u00edt\u00e1st is, amelyet az \u00e9v folyam\u00e1n orsz\u00e1gszerte t\u00f6bb telep\u00fcl\u00e9sre is elvisznek majd.<br \/>\n    A rendezv\u00e9nyen kiosztott h\u00e1tt\u00e9ranyag szerint a modern magyar hadsereg megalakul\u00e1sa 1848 m\u00e1jus v\u00e9g\u00e9re tehet\u0151, amikor Batthy\u00e1ny Lajos minisztereln\u00f6k utas\u00edt\u00e1s\u00e1ra felszereltek t\u00edz regul\u00e1ris gyalogz\u00e1szl\u00f3aljat, amelyet m\u00e1r a hivatalos iratokban is &#8222;honv\u00e9ds\u00e9gk\u00e9nt&#8221; emlegettek. A magyar \u00e1llam ellen ir\u00e1nyul\u00f3 k\u00fclf\u00f6ldi agresszi\u00f3 fenyeget\u00e9se \u00e9s bels\u0151 nemzetis\u00e9gi fegyveres mozgalmak vesz\u00e9lye miatt Kossuth Lajos k\u00e9r\u00e9s\u00e9re 1848. j\u00falius 11-\u00e9n Pesten az Orsz\u00e1ggy\u0171l\u00e9s k\u00e9pvisel\u0151i 200 ezer \u00fajoncot \u00e9s 42 milli\u00f3 forint azonnali hat\u00e1ly\u00fa hadihitelt szavaztak meg, hivatalosan is l\u00e9trehozva ezzel a nemzet regul\u00e1ris v\u00e9derej\u00e9t, a honv\u00e9ds\u00e9get.(MTI)<\/p>\n","protected":false},"excerpt":{"rendered":"<p>\u00d6r\u00f6k\u00e9rv\u00e9ny\u0171 igazs\u00e1g, hogy \u00fct\u0151k\u00e9pes Magyar Honv\u00e9ds\u00e9g n\u00e9lk\u00fcl Magyarorsz\u00e1g nem lehet szuver\u00e9n \u00e1llam &#8211; k\u00f6z\u00f6lte a honv\u00e9delmi miniszter a &#8222;170 \u00e9ves a Magyar Honv\u00e9ds\u00e9g&#8221; c\u00edm\u0171 programsorozat nyit\u00f3rendezv\u00e9ny\u00e9n szerd\u00e1n Budapesten.<\/p>\n","protected":false},"author":1,"featured_media":0,"comment_status":"closed","ping_status":"open","sticky":false,"template":"","format":"standard","meta":[],"categories":[4,18],"tags":[],"_links":{"self":[{"href":"https:\/\/gazdasagportal.hu\/index.php\/wp-json\/wp\/v2\/posts\/103152"}],"collection":[{"href":"https:\/\/gazdasagportal.hu\/index.php\/wp-json\/wp\/v2\/posts"}],"about":[{"href":"https:\/\/gazdasagportal.hu\/index.php\/wp-json\/wp\/v2\/types\/post"}],"author":[{"embeddable":true,"href":"https:\/\/gazdasagportal.hu\/index.php\/wp-json\/wp\/v2\/users\/1"}],"replies":[{"embeddable":true,"href":"https:\/\/gazdasagportal.hu\/index.php\/wp-json\/wp\/v2\/comments?post=103152"}],"version-history":[{"count":1,"href":"https:\/\/gazdasagportal.hu\/index.php\/wp-json\/wp\/v2\/posts\/103152\/revisions"}],"predecessor-version":[{"id":103153,"href":"https:\/\/gazdasagportal.hu\/index.php\/wp-json\/wp\/v2\/posts\/103152\/revisions\/103153"}],"wp:attachment":[{"href":"https:\/\/gazdasagportal.hu\/index.php\/wp-json\/wp\/v2\/media?parent=103152"}],"wp:term":[{"taxonomy":"category","embeddable":true,"href":"https:\/\/gazdasagportal.hu\/index.php\/wp-json\/wp\/v2\/categories?post=103152"},{"taxonomy":"post_tag","embeddable":true,"href":"https:\/\/gazdasagportal.hu\/index.php\/wp-json\/wp\/v2\/tags?post=103152"}],"curies":[{"name":"wp","href":"https:\/\/api.w.org\/{rel}","templated":true}]}}