{"id":103049,"date":"2018-02-18T11:36:59","date_gmt":"2018-02-18T10:36:59","guid":{"rendered":"http:\/\/gazdasagportal.hu\/?p=103049"},"modified":"2018-02-18T09:38:14","modified_gmt":"2018-02-18T08:38:14","slug":"tallai-a-nav-az-utolagos-adotraffipaxszal-ujabb-eselyt-biztosit-a-jogkovetesre","status":"publish","type":"post","link":"https:\/\/gazdasagportal.hu\/index.php\/tallai-a-nav-az-utolagos-adotraffipaxszal-ujabb-eselyt-biztosit-a-jogkovetesre\/","title":{"rendered":"T\u00e1llai: a NAV az ut\u00f3lagos ad\u00f3traffipaxszal \u00fajabb es\u00e9lyt biztos\u00edt a jogk\u00f6vet\u00e9sre"},"content":{"rendered":"<p><strong>Indul a Nemzeti Ad\u00f3- \u00e9s V\u00e1mhivatal (NAV) leg\u00fajabb szolg\u00e1ltat\u00e1sa; m\u00e1r nemcsak az ad\u00f3traffipaxot jelenti be, hanem azt is, hogy az adott h\u00f3napban milyen ad\u00f3z\u00f3 k\u00f6r sz\u00e1m\u00edthat kiemelt ellen\u0151rz\u00e9sre &#8211; mondta a Nemzetgazdas\u00e1gi Miniszt\u00e9rium (NGM) \u00e1llamtitk\u00e1ra az MTI-nek.<\/strong><!--more--><\/p>\n<div class=\"ads-in-post1\"><div id=\"gazdasagportal.hu_fullbanner_wideboard\"><\/div>\r\n<\/div>\n<p>    T\u00e1llai Andr\u00e1s t\u00e1j\u00e9koztat\u00e1sa szerint az \u00fagynevezett ut\u00f3lagos ad\u00f3traffipax t\u00f6bb mint egy \u00e1tlagos szolg\u00e1ltat\u00e1s, az ad\u00f3hivatal ugyanis az ellen\u0151rz\u00e9s megkezd\u00e9se el\u0151tt egy hetet biztos\u00edt a hib\u00e1k jav\u00edt\u00e1s\u00e1ra, illetve a bevallani elmulasztott ad\u00f3 \u00f6sszeg\u00e9nek a megfizet\u00e9s\u00e9re. Febru\u00e1rban a k\u00f6z\u00f6ss\u00e9gi beszerz\u00e9seiket bevallani elmulaszt\u00f3 keresked\u0151ket vizsg\u00e1lja kiemelten a NAV &#8211; ismertette T\u00e1llai Andr\u00e1s.<br \/>\n    Kiemelte, hogy az EU-ban is egyed\u00fcl\u00e1ll\u00f3 szolg\u00e1ltat\u00e1s l\u00e9nyege az \u00f6nk\u00e9ntes jogk\u00f6vet\u00e9sre \u00f6szt\u00f6nz\u00e9s. Az ut\u00f3lagos ad\u00f3traffipax bejelent\u00e9se ut\u00e1n a NAV egy hetet biztos\u00edt az \u00f6nellen\u0151rz\u00e9sre. Azt\u00e1n viszont a kock\u00e1zatelemz\u0151k kiv\u00e1laszt\u00e1sa alapj\u00e1n a revizorok m\u00e1r megb\u00edz\u00f3lev\u00e9llel keresik fel az \u00e9rintett ad\u00f3z\u00f3kat. A rendelkez\u00e9sre \u00e1ll\u00f3 egy hetet \u00e9rdemes kihaszn\u00e1lni, mert ez alatt a h\u00e9t nap alatt m\u00e9g szankci\u00f3mentesen a hibajav\u00edthat\u00e1s. A meg nem fizetett ad\u00f3n k\u00edv\u00fcl csak &#8211; a jegybanki alapkamattal megegyez\u0151 m\u00e9rt\u00e9k\u0171 &#8211; \u00f6nellen\u0151rz\u00e9si p\u00f3tl\u00e9kot kell megfizetni.<br \/>\n    Febru\u00e1rban az EU-ban keresked\u0151 v\u00e1llalkoz\u00e1sokat veszi g\u00f3rcs\u0151 al\u00e1 a NAV. Az ut\u00f3lagos ad\u00f3traffipax rost\u00e1j\u00e1n azok az ad\u00f3z\u00f3k akadnak fent, akik k\u00f6z\u00f6ss\u00e9gi beszerz\u00e9seiket elmulasztott\u00e1k bevallani. Az \u00e1fabevall\u00e1sokban szerepl\u0151 EU-s beszerz\u00e9seiket a kock\u00e1zatelemz\u0151k m\u00e1r \u00f6sszevetett\u00e9k a tag\u00e1llamok ad\u00f3hivatalainak adatszolg\u00e1ltat\u00e1saival &#8211; hangs\u00falyozta T\u00e1llai Andr\u00e1s.<br \/>\n<div class=\"ads-in-post2\"><script async src=\"https:\/\/pagead2.googlesyndication.com\/pagead\/js\/adsbygoogle.js\"><\/script>\r\n<ins class=\"adsbygoogle\"\r\n     style=\"display:block\"\r\n     data-ad-format=\"fluid\"\r\n     data-ad-layout-key=\"-6t+ed+2i-1n-4w\"\r\n     data-ad-client=\"ca-pub-1959107119989764\"\r\n     data-ad-slot=\"4008251320\"><\/ins>\r\n<script>\r\n     (adsbygoogle = window.adsbygoogle || []).push({});\r\n<\/script><\/div>\n    Az elt\u00e9r\u00e9s nagys\u00e1g\u00e1t, a t\u00e9veszt\u00e9s s\u00falyoss\u00e1g\u00e1t m\u00e9rlegelve az ad\u00f3hivatal d\u00f6nt a tov\u00e1bbi elj\u00e1r\u00e1sr\u00f3l. Sz\u00e1nd\u00e9kos ad\u00f3eltitkol\u00e1s eset\u00e9n ellen\u0151rz\u00e9sre, kisebb hib\u00e1k eset\u00e9n t\u00e1mogat\u00f3 elj\u00e1r\u00e1sra sz\u00e1m\u00edthatnak az \u00e9rintettek. A csal\u00e1rd, ad\u00f3kij\u00e1tsz\u00e1st b\u0171nszervezetten \u0171z\u0151 ad\u00f3z\u00f3k eset\u00e9ben a p\u00e9nz\u00fcgyi nyomoz\u00f3k az ad\u00f3igazgat\u00e1si elj\u00e1r\u00e1ssal p\u00e1rhuzamosan a k\u00f6lts\u00e9gvet\u00e9si csal\u00e1s t\u00e9ny\u00e1ll\u00e1s\u00e1nak megalapozotts\u00e1g\u00e1t vizsg\u00e1lj\u00e1k &#8211; tette hozz\u00e1 a NAV vezet\u0151je.<br \/>\n    Mindh\u00e1rom elj\u00e1r\u00e1s (az ellen\u0151rz\u00e9si, a t\u00e1mogat\u00f3, illetve a b\u0171n\u00fcgyi) febru\u00e1r 26-\u00e1n indul, addig m\u00e9g minden \u00e9rintettnek lehet\u0151s\u00e9ge van arra, hogy bevallja, illetve megfizesse az \u00e1llamkassz\u00e1t megillet\u0151 ad\u00f3bev\u00e9telt &#8211; h\u00fazta al\u00e1 T\u00e1llai Andr\u00e1s. A j\u00f6v\u0151 h\u00e9ten elk\u00fcld\u00f6tt \u00f6nellen\u0151rz\u00e9ssel a v\u00e1llalkoz\u00f3 mentes\u00fclhet a szigor\u00fa ad\u00f3jogi szankci\u00f3k al\u00f3l. Amennyiben ugyanis a revizorok a febru\u00e1r 26-\u00e1n kezd\u0151d\u0151 ellen\u0151rz\u00e9s sor\u00e1n \u00e1llap\u00edtj\u00e1k meg a bevallani elmulasztott ad\u00f3 \u00f6sszeg\u00e9t, akkor nemcsak az ad\u00f3hi\u00e1nyt kell megfizetni, hanem az ad\u00f3b\u00edrs\u00e1got is, amelynek m\u00e9rt\u00e9ke sz\u00e1nd\u00e9kos ad\u00f3eltitkol\u00e1s eset\u00e9n ak\u00e1r az ad\u00f3hi\u00e1ny 200 sz\u00e1zal\u00e9ka is lehet. Az ad\u00f3hi\u00e1ny ut\u00e1n pedig a jegybanki alapkamat k\u00e9tszeres\u00e9re rug\u00f3 k\u00e9sedelmi p\u00f3tl\u00e9kkal is sz\u00e1molhat az \u00e9rintett.(MTI)<\/p>\n","protected":false},"excerpt":{"rendered":"<p>Indul a Nemzeti Ad\u00f3- \u00e9s V\u00e1mhivatal (NAV) leg\u00fajabb szolg\u00e1ltat\u00e1sa; m\u00e1r nemcsak az ad\u00f3traffipaxot jelenti be, hanem azt is, hogy az adott h\u00f3napban milyen ad\u00f3z\u00f3 k\u00f6r sz\u00e1m\u00edthat kiemelt ellen\u0151rz\u00e9sre &#8211; mondta a Nemzetgazdas\u00e1gi Miniszt\u00e9rium (NGM) \u00e1llamtitk\u00e1ra az MTI-nek.<\/p>\n","protected":false},"author":1,"featured_media":0,"comment_status":"closed","ping_status":"open","sticky":false,"template":"","format":"standard","meta":[],"categories":[20,4,19],"tags":[],"_links":{"self":[{"href":"https:\/\/gazdasagportal.hu\/index.php\/wp-json\/wp\/v2\/posts\/103049"}],"collection":[{"href":"https:\/\/gazdasagportal.hu\/index.php\/wp-json\/wp\/v2\/posts"}],"about":[{"href":"https:\/\/gazdasagportal.hu\/index.php\/wp-json\/wp\/v2\/types\/post"}],"author":[{"embeddable":true,"href":"https:\/\/gazdasagportal.hu\/index.php\/wp-json\/wp\/v2\/users\/1"}],"replies":[{"embeddable":true,"href":"https:\/\/gazdasagportal.hu\/index.php\/wp-json\/wp\/v2\/comments?post=103049"}],"version-history":[{"count":1,"href":"https:\/\/gazdasagportal.hu\/index.php\/wp-json\/wp\/v2\/posts\/103049\/revisions"}],"predecessor-version":[{"id":103050,"href":"https:\/\/gazdasagportal.hu\/index.php\/wp-json\/wp\/v2\/posts\/103049\/revisions\/103050"}],"wp:attachment":[{"href":"https:\/\/gazdasagportal.hu\/index.php\/wp-json\/wp\/v2\/media?parent=103049"}],"wp:term":[{"taxonomy":"category","embeddable":true,"href":"https:\/\/gazdasagportal.hu\/index.php\/wp-json\/wp\/v2\/categories?post=103049"},{"taxonomy":"post_tag","embeddable":true,"href":"https:\/\/gazdasagportal.hu\/index.php\/wp-json\/wp\/v2\/tags?post=103049"}],"curies":[{"name":"wp","href":"https:\/\/api.w.org\/{rel}","templated":true}]}}