{"id":102765,"date":"2018-02-08T10:13:11","date_gmt":"2018-02-08T09:13:11","guid":{"rendered":"http:\/\/gazdasagportal.hu\/?p=102765"},"modified":"2018-02-08T10:13:11","modified_gmt":"2018-02-08T09:13:11","slug":"rekordnagysagra-nott-nemetorszag-exportjanak-importjanak-erteke-tavaly","status":"publish","type":"post","link":"https:\/\/gazdasagportal.hu\/index.php\/rekordnagysagra-nott-nemetorszag-exportjanak-importjanak-erteke-tavaly\/","title":{"rendered":"Rekordnagys\u00e1gra n\u0151tt N\u00e9metorsz\u00e1g exportj\u00e1nak, importj\u00e1nak \u00e9rt\u00e9ke tavaly"},"content":{"rendered":"<p><strong>Minden id\u0151k rekordj\u00e1ra emelkedett N\u00e9metorsz\u00e1g exportj\u00e1nak \u00e9s importj\u00e1nak \u00e9rt\u00e9ke a tavalyi \u00e9vben, t\u00fckr\u00f6zve a n\u00e9met gazdas\u00e1g \u00e9s a vil\u00e1ggazdas\u00e1g er\u0151s n\u00f6veked\u00e9s\u00e9t. <\/strong><!--more--><\/p>\n<div class=\"ads-in-post1\"><div id=\"gazdasagportal.hu_fullbanner_wideboard\"><\/div>\r\n<\/div>\n<p>    A n\u00e9met statisztikai hivatal (Destatis) cs\u00fct\u00f6rt\u00f6k\u00f6n k\u00f6zz\u00e9tett el\u0151zetes adatai szerint a n\u00e9met export \u00e9rt\u00e9ke tavaly 1279,4 milli\u00e1rd eur\u00f3, az import\u00e9 pedig 1034,6 milli\u00e1rd eur\u00f3 volt, az egy \u00e9vvel kor\u00e1bban fel\u00e1ll\u00edtott rekordhoz k\u00e9pest 6,3 sz\u00e1zal\u00e9kkal, illetve 8,3 sz\u00e1zal\u00e9kkal n\u0151tt.<br \/>\n    A tavalyi \u00e9v eg\u00e9sz\u00e9ben a n\u00e9met k\u00fclkereskedelmi m\u00e9rleg akt\u00edvuma 244,9 milli\u00e1rd eur\u00f3t tett ki, a foly\u00f3 fizet\u00e9si m\u00e9rlegben pedig 257,1 milli\u00e1rd eur\u00f3s t\u00f6bblet alakult ki. Egy \u00e9vvel kor\u00e1bban, 2016-ban a kereskedelmi m\u00e9rleg t\u00f6bblete t\u00f6rt\u00e9nelmi cs\u00facsot \u00e1ll\u00edtott be, 248,9 milli\u00e1rd eur\u00f3val, m\u00edg a foly\u00f3 fizet\u00e9si m\u00e9rlegben pedig 259,3 milli\u00e1rd eur\u00f3 keletkezett.<br \/>\n    Nyolc \u00e9v \u00f3ta el\u0151sz\u00f6r fordult el\u0151, hogy cs\u00f6kkent a k\u00fclkereskedelmi m\u00e9rleg \u00e9ves t\u00f6bblete az el\u0151z\u0151 \u00e9vhez k\u00e9pest. Ez \u00fajabb jele annak, hogy az er\u0151s bels\u0151 kereslet az import nagyobb ar\u00e1ny\u00fa n\u00f6veked\u00e9s\u00e9hez \u00e9s az exportorient\u00e1lt n\u00e9met gazdas\u00e1g lass\u00fa \u00fajraegyens\u00falyoz\u00f3d\u00e1s\u00e1hoz vezet.<br \/>\n    Decemberben a v\u00e1rtn\u00e1l valamivel kisebb lett N\u00e9metorsz\u00e1g k\u00fclkereskedelmi t\u00f6bblete.<br \/>\n<div class=\"ads-in-post2\"><script async src=\"https:\/\/pagead2.googlesyndication.com\/pagead\/js\/adsbygoogle.js\"><\/script>\r\n<ins class=\"adsbygoogle\"\r\n     style=\"display:block\"\r\n     data-ad-format=\"fluid\"\r\n     data-ad-layout-key=\"-6t+ed+2i-1n-4w\"\r\n     data-ad-client=\"ca-pub-1959107119989764\"\r\n     data-ad-slot=\"4008251320\"><\/ins>\r\n<script>\r\n     (adsbygoogle = window.adsbygoogle || []).push({});\r\n<\/script><\/div>\n    A kiigaz\u00edtatlan adatok szerint a tavalyi \u00e9v utols\u00f3 h\u00f3napj\u00e1ban a n\u00e9met export 100,9 milli\u00e1rd eur\u00f3t, az import pedig 82,7 milli\u00e1rd eur\u00f3t tett ki. Tavaly decemberhez k\u00e9pest az export \u00e9rt\u00e9ke 3,9 sz\u00e1zal\u00e9kkal, a behozatal\u00e9 pedig 4,9 sz\u00e1zal\u00e9kkal n\u0151tt. A kereskedelmi m\u00e9rleg 18,2 milli\u00e1rd eur\u00f3s t\u00f6bblettel z\u00e1rt, m\u00edg egy \u00e9vvel kor\u00e1bban 18,3 milli\u00e1rd eur\u00f3 volt a szufficit. A foly\u00f3 fizet\u00e9si m\u00e9rleg egyenlege 27,8 milli\u00e1rd eur\u00f3s t\u00f6bbletet mutatott decemberben az el\u0151z\u0151 havi 27,2 milli\u00e1rd eur\u00f3 ut\u00e1n.<br \/>\n    Szezon\u00e1lis \u00e9s napt\u00e1ri hat\u00e1ssal kiigaz\u00edtva, a kivitel \u00e9rt\u00e9ke 0,3 sz\u00e1zal\u00e9kkal, 111,9 milli\u00e1rd eur\u00f3ra, m\u00edg a behozatal\u00e9 1,4 sz\u00e1zal\u00e9kkal, 90,4 milli\u00e1rd eur\u00f3ra n\u0151tt decemberben. Elemz\u0151k arra sz\u00e1m\u00edtottak, hogy az export \u00e9rt\u00e9ke 1,0 sz\u00e1zal\u00e9kkal, az import\u00e9 pedig 0,5 sz\u00e1zal\u00e9kkal cs\u00f6kkent decemberben, miut\u00e1n az el\u0151z\u0151 h\u00f3napban a kivitel \u00e9rt\u00e9ke 4,1 sz\u00e1zal\u00e9kkal, a behozatal\u00e9 pedig 2,3 sz\u00e1zal\u00e9kkal b\u0151v\u00fclt. A kereskedelmi m\u00e9rleg t\u00f6bblete 21,4 milli\u00e1rd eur\u00f3t tett ki decemberben, szemben az elemz\u0151k \u00e1ltal v\u00e1rt 21,7 milli\u00e1rd, illetve a novemberben el\u00e9rt 22,3 milli\u00e1rd eur\u00f3s szufficittel.(MTI)<\/p>\n","protected":false},"excerpt":{"rendered":"<p>Minden id\u0151k rekordj\u00e1ra emelkedett N\u00e9metorsz\u00e1g exportj\u00e1nak \u00e9s importj\u00e1nak \u00e9rt\u00e9ke a tavalyi \u00e9vben, t\u00fckr\u00f6zve a n\u00e9met gazdas\u00e1g \u00e9s a vil\u00e1ggazdas\u00e1g er\u0151s n\u00f6veked\u00e9s\u00e9t.<\/p>\n","protected":false},"author":1,"featured_media":0,"comment_status":"closed","ping_status":"open","sticky":false,"template":"","format":"standard","meta":[],"categories":[246],"tags":[],"_links":{"self":[{"href":"https:\/\/gazdasagportal.hu\/index.php\/wp-json\/wp\/v2\/posts\/102765"}],"collection":[{"href":"https:\/\/gazdasagportal.hu\/index.php\/wp-json\/wp\/v2\/posts"}],"about":[{"href":"https:\/\/gazdasagportal.hu\/index.php\/wp-json\/wp\/v2\/types\/post"}],"author":[{"embeddable":true,"href":"https:\/\/gazdasagportal.hu\/index.php\/wp-json\/wp\/v2\/users\/1"}],"replies":[{"embeddable":true,"href":"https:\/\/gazdasagportal.hu\/index.php\/wp-json\/wp\/v2\/comments?post=102765"}],"version-history":[{"count":1,"href":"https:\/\/gazdasagportal.hu\/index.php\/wp-json\/wp\/v2\/posts\/102765\/revisions"}],"predecessor-version":[{"id":102766,"href":"https:\/\/gazdasagportal.hu\/index.php\/wp-json\/wp\/v2\/posts\/102765\/revisions\/102766"}],"wp:attachment":[{"href":"https:\/\/gazdasagportal.hu\/index.php\/wp-json\/wp\/v2\/media?parent=102765"}],"wp:term":[{"taxonomy":"category","embeddable":true,"href":"https:\/\/gazdasagportal.hu\/index.php\/wp-json\/wp\/v2\/categories?post=102765"},{"taxonomy":"post_tag","embeddable":true,"href":"https:\/\/gazdasagportal.hu\/index.php\/wp-json\/wp\/v2\/tags?post=102765"}],"curies":[{"name":"wp","href":"https:\/\/api.w.org\/{rel}","templated":true}]}}