{"id":102763,"date":"2018-02-08T09:57:35","date_gmt":"2018-02-08T08:57:35","guid":{"rendered":"http:\/\/gazdasagportal.hu\/?p=102763"},"modified":"2018-02-08T09:57:35","modified_gmt":"2018-02-08T08:57:35","slug":"elesen-biralta-a-nemet-sajto-a-koalicios-megallapodast","status":"publish","type":"post","link":"https:\/\/gazdasagportal.hu\/index.php\/elesen-biralta-a-nemet-sajto-a-koalicios-megallapodast\/","title":{"rendered":"\u00c9lesen b\u00edr\u00e1lta a n\u00e9met sajt\u00f3 a koal\u00edci\u00f3s meg\u00e1llapod\u00e1st"},"content":{"rendered":"<p><strong>\u00c9lesen b\u00edr\u00e1lta a vezet\u0151 n\u00e9met lapok t\u00f6bbs\u00e9ge szerd\u00e1n az Angela Merkel kancell\u00e1r vezette Kereszt\u00e9nydemokrata Uni\u00f3 (CDU), a Horst Seehofer bajor minisztereln\u00f6k vezette Kereszt\u00e9nyszoci\u00e1lis Uni\u00f3 (CSU) \u00e9s a Martin Schulz vezette N\u00e9met Szoci\u00e1ldemokrata P\u00e1rt (SPD) kedden k\u00f6t\u00f6tt koal\u00edci\u00f3s meg\u00e1llapod\u00e1s\u00e1t.<\/strong><!--more--><\/p>\n<div class=\"ads-in-post1\"><div id=\"gazdasagportal.hu_fullbanner_wideboard\"><\/div>\r\n<\/div>\n<p>    A legnagyobb p\u00e9ld\u00e1nysz\u00e1m\u00fa napilap, a Bild komment\u00e1rja szerint &#8222;Merkel az SPD-nek aj\u00e1nd\u00e9kozta a korm\u00e1nyt&#8221;, mert minden \u00e1ron kancell\u00e1r akar maradni. Sokszor a szem\u00e9re vetett\u00e9k, hogy nem tudni, mir\u0151l sz\u00f3l a politik\u00e1ja, de ezt m\u00e1r senki sem mondhatja, mert vil\u00e1goss\u00e1 v\u00e1lt, hogy &#8222;Angela Merkel sz\u00e1m\u00e1ra az \u00faj korm\u00e1ny Angela Merkelr\u0151l sz\u00f3l&#8221;.<br \/>\n    A CDU eln\u00f6ke a hatalom megtart\u00e1s\u00e1\u00e9rt \u00e1tengedte a legfontosabb miniszt\u00e9riumokat a szoci\u00e1ldemokrat\u00e1knak, \u00e9s \u00edgy megteremtette &#8222;az els\u0151 SPD-s korm\u00e1nyt, amelynek CDU-s a kancell\u00e1rja&#8221;.<br \/>\n    A miniszt\u00e9riumok eloszt\u00e1s\u00e1r\u00f3l a Die Welt c\u00edm\u0171 konzervat\u00edv lap is \u00edrt, kiemelve: Angela Merkel nagy \u00e1rat fizetett az\u00e9rt, hogy negyedszerre is kancell\u00e1r lehessen, \u00e9s p\u00e1rtja egyetlen kulcsfontoss\u00e1g\u00fa t\u00e1rc\u00e1t sem tudott megtartani. Hozz\u00e1tett\u00e9k, hogy koal\u00edci\u00f3s meg\u00e1llapod\u00e1s n\u00e9lk\u00fcl\u00f6zi az amb\u00edci\u00f3t, a lehets\u00e9ges miniszterek n\u00e9vsora pedig &#8222;elszomor\u00edt\u00f3&#8221;.<br \/>\n<div class=\"ads-in-post2\"><script async src=\"https:\/\/pagead2.googlesyndication.com\/pagead\/js\/adsbygoogle.js\"><\/script>\r\n<ins class=\"adsbygoogle\"\r\n     style=\"display:block\"\r\n     data-ad-format=\"fluid\"\r\n     data-ad-layout-key=\"-6t+ed+2i-1n-4w\"\r\n     data-ad-client=\"ca-pub-1959107119989764\"\r\n     data-ad-slot=\"4008251320\"><\/ins>\r\n<script>\r\n     (adsbygoogle = window.adsbygoogle || []).push({});\r\n<\/script><\/div>\n    A baloldali Frankfurter Rundschau szerint viszont a koal\u00edci\u00f3s meg\u00e1llapod\u00e1s hatalmas siker, legal\u00e1bbis az SPD sz\u00e1m\u00e1ra. A lap szerint n\u00e9ha a gyenges\u00e9gre, r\u00e1szorults\u00e1gra hivatkozva lehet a legjobb eredm\u00e9nyt el\u00e9rni egy t\u00e1rgyal\u00e1son, ami az SPD eset\u00e9ben azt jelenti, hogy a p\u00e1rt vezet\u00e9se \u00e9rvelhetett a koal\u00edci\u00f3s szerz\u0151d\u00e9sr\u0151l tartand\u00f3 p\u00e1rtszavaz\u00e1ssal. A szavaz\u00e1son 463 723 p\u00e1rttag vehet r\u00e9szt, ami &#8222;463 723 ok arra, hogy j\u00f3 eredm\u00e9nyre van sz\u00fcks\u00e9g&#8221;, \u00e9s ezt Martin Schulz mindig Angela Merkel \u00e9s Horst Seehofer orra al\u00e1 d\u00f6rg\u00f6lhette.<br \/>\n    Sokan nem hitt\u00e9k, hogy a p\u00e1rt megszerezheti a k\u00fcl\u00fcgyminiszt\u00e9riumot \u00e9s a p\u00e9nz\u00fcgyminiszt\u00e9riumot, \u00e9s szinte mindenki kiz\u00e1rtnak tartotta, hogy m\u00e9g a munka\u00fcgyi t\u00e1rc\u00e1t is elh\u00f3d\u00edthatja. M\u00e9gis siker\u00fclt, ami nagyszer\u0171 teljes\u00edtm\u00e9ny az SPD r\u00e9sz\u00e9r\u0151l.<br \/>\n    A liber\u00e1lis S\u00fcddeutsche Zeitung els\u0151sorban azt kifog\u00e1solta, hogy Martin Schulz v\u00e9get vet az SPD eln\u00f6ki tiszts\u00e9g\u00e9b\u0151l a k\u00fcl\u00fcgyminiszteri tiszts\u00e9gre v\u00e1lt\u00f3 Sigmar Gabriel politikai p\u00e1lyafut\u00e1s\u00e1nak. Mint \u00edrt\u00e1k, a koal\u00edci\u00f3s szerz\u0151d\u00e9s &#8222;szolid munka, a szok\u00e1sos kever\u00e9k, amelyben mindenki tal\u00e1l b\u00edr\u00e1lni-, \u00e9s dics\u00e9rnival\u00f3t&#8221;. Az viszont &#8222;\u0151r\u00fclet&#8221;, amit az SPD m\u0171vel: a p\u00e1rt meghajol &#8222;bukott vezet\u0151je&#8221;, Martin Schulz akarata el\u0151tt, aki ahelyett, hogy &#8222;szalut\u00e1lna \u00e9s lel\u00e9pne&#8221;, elhappolja a k\u00fcl\u00fcgyminiszt\u00e9riumot Sigmar Gabrielt\u0151l, aki a n\u00e9met diplom\u00e1cia vezet\u0151jek\u00e9nt az ut\u00f3bbi 12 h\u00f3napban felk\u00fczd\u00f6tte mag\u00e1t az SPD legn\u00e9pszer\u0171bb politikus\u00e1v\u00e1, \u00e9s v\u00e1rhat\u00f3an \u00e9ppen akkor k\u00e9nyszer\u00fcl befejezni p\u00e1lyafut\u00e1s\u00e1t, amikor elkezdett volna hasznot hajtani az SPD-nek.<br \/>\n     A Handelsblatt c\u00edm\u0171 \u00fczleti lap szerint a CDU\/CSU \u00e9s az SPD megk\u00f6t\u00f6tte a &#8222;t\u00e9tlens\u00e9g sz\u00f6vets\u00e9g\u00e9t&#8221;, hiszen koal\u00edci\u00f3s meg\u00e1llapod\u00e1suk &#8222;semmif\u00e9le v\u00e1laszt nem ad a nagy kih\u00edv\u00e1sokra&#8221;. A h\u00e1rom p\u00e1rtot els\u0151sorban a korm\u00e1nyz\u00e1sra ir\u00e1nyul\u00f3 akarat egyes\u00edti, \u00e9s nem az orsz\u00e1g meg\u00faj\u00edt\u00e1s\u00e1nak sz\u00e1nd\u00e9ka. \u00cdgy nem terveznek m\u00e9lyrehat\u00f3 reformokat, \u00e9s vagy f\u00e9l sz\u00edvvel, vagy egy\u00e1ltal\u00e1n nem foglalkoznak az olyan kih\u00edv\u00e1sokkal, mint a menek\u00fcltv\u00e1ls\u00e1g, a demogr\u00e1fiai \u00e1talakul\u00e1s, vagy a gazdas\u00e1g \u00e9s a t\u00e1rsadalom digitaliz\u00e1ci\u00f3ja.<br \/>\n    Kiemelt\u00e9k: a tervbe vett osztogat\u00e1s \u00e9s az apr\u00f3 \u00e1talak\u00edt\u00e1sok &#8222;nem adnak garanci\u00e1t a n\u00f6veked\u00e9s \u00e9s a j\u00f3l\u00e9t tart\u00f3s fennmarad\u00e1s\u00e1ra&#8221;.(MTI)<\/p>\n","protected":false},"excerpt":{"rendered":"<p>\u00c9lesen b\u00edr\u00e1lta a vezet\u0151 n\u00e9met lapok t\u00f6bbs\u00e9ge szerd\u00e1n az Angela Merkel kancell\u00e1r vezette Kereszt\u00e9nydemokrata Uni\u00f3 (CDU), a Horst Seehofer bajor minisztereln\u00f6k vezette Kereszt\u00e9nyszoci\u00e1lis Uni\u00f3 (CSU) \u00e9s a Martin Schulz vezette N\u00e9met Szoci\u00e1ldemokrata P\u00e1rt (SPD) kedden k\u00f6t\u00f6tt koal\u00edci\u00f3s meg\u00e1llapod\u00e1s\u00e1t.<\/p>\n","protected":false},"author":1,"featured_media":0,"comment_status":"closed","ping_status":"open","sticky":false,"template":"","format":"standard","meta":[],"categories":[12],"tags":[],"_links":{"self":[{"href":"https:\/\/gazdasagportal.hu\/index.php\/wp-json\/wp\/v2\/posts\/102763"}],"collection":[{"href":"https:\/\/gazdasagportal.hu\/index.php\/wp-json\/wp\/v2\/posts"}],"about":[{"href":"https:\/\/gazdasagportal.hu\/index.php\/wp-json\/wp\/v2\/types\/post"}],"author":[{"embeddable":true,"href":"https:\/\/gazdasagportal.hu\/index.php\/wp-json\/wp\/v2\/users\/1"}],"replies":[{"embeddable":true,"href":"https:\/\/gazdasagportal.hu\/index.php\/wp-json\/wp\/v2\/comments?post=102763"}],"version-history":[{"count":1,"href":"https:\/\/gazdasagportal.hu\/index.php\/wp-json\/wp\/v2\/posts\/102763\/revisions"}],"predecessor-version":[{"id":102764,"href":"https:\/\/gazdasagportal.hu\/index.php\/wp-json\/wp\/v2\/posts\/102763\/revisions\/102764"}],"wp:attachment":[{"href":"https:\/\/gazdasagportal.hu\/index.php\/wp-json\/wp\/v2\/media?parent=102763"}],"wp:term":[{"taxonomy":"category","embeddable":true,"href":"https:\/\/gazdasagportal.hu\/index.php\/wp-json\/wp\/v2\/categories?post=102763"},{"taxonomy":"post_tag","embeddable":true,"href":"https:\/\/gazdasagportal.hu\/index.php\/wp-json\/wp\/v2\/tags?post=102763"}],"curies":[{"name":"wp","href":"https:\/\/api.w.org\/{rel}","templated":true}]}}