{"id":102734,"date":"2018-02-07T14:25:12","date_gmt":"2018-02-07T13:25:12","guid":{"rendered":"http:\/\/gazdasagportal.hu\/?p=102734"},"modified":"2018-02-07T14:25:12","modified_gmt":"2018-02-07T13:25:12","slug":"a-hazai-hegyekben-nehol-harminccentis-a-ho","status":"publish","type":"post","link":"https:\/\/gazdasagportal.hu\/index.php\/a-hazai-hegyekben-nehol-harminccentis-a-ho\/","title":{"rendered":"A hazai hegyekben n\u00e9hol harminccentis a h\u00f3"},"content":{"rendered":"<p><strong>A magasabban fekv\u0151 telep\u00fcl\u00e9sek k\u00f6z\u00fcl n\u00e9h\u00e1nyban m\u00e1r 30 centim\u00e9ter k\u00f6r\u00fcli a h\u00f3r\u00e9teg, de az alacsonyabb r\u00e9szeken is jelent\u0151s mennyis\u00e9g\u0171 h\u00f3 hullott szerd\u00e1n. Az el\u0151rejelz\u00e9s szerint viszont olvad\u00e1s v\u00e1rhat\u00f3.<\/strong><!--more--><\/p>\n<div class=\"ads-in-post1\"><div id=\"gazdasagportal.hu_fullbanner_wideboard\"><\/div>\r\n<\/div>\n<p>    Az Orsz\u00e1gos Meteorol\u00f3giai Szolg\u00e1lat adatai szerint Borsod-Aba\u00faj-Zempl\u00e9n megy\u00e9ben B\u00fckkszentkereszten 35, Lillaf\u00fcred-J\u00e1vork\u00faton 33, a di\u00f3sgy\u0151ri m\u00e9r\u0151\u00e1llom\u00e1son 17, Aggteleken pedig 30 centim\u00e9teres h\u00f3r\u00e9teget m\u00e9rtek. Heves megy\u00e9ben K\u00e9kestet\u0151n 26, M\u00e1traszentimr\u00e9n 14 centim\u00e9ternyi h\u00f3 hullott.<br \/>\n    Az alacsonyabban fekv\u0151 telep\u00fcl\u00e9sek k\u00f6z\u00fcl a Vas megyei R\u00e1bagyarmaton 12, Szombathelyen 8 centim\u00e9teres a h\u00f3. Orsz\u00e1gszerte t\u00f6bbfel\u00e9 hullott t\u00f6bb centim\u00e9ternyi h\u00f3 vagy alakult ki h\u00f3lepel.<br \/>\n    Az Orsz\u00e1gos Meteorol\u00f3giai Szolg\u00e1lat tov\u00e1bbi \u00f3nos es\u0151re \u00e9s havaz\u00e1sra is figyelmeztet. Az MTI-hez eljuttatott k\u00f6zlem\u00e9ny\u00fckben azt \u00edrt\u00e1k: \u00e9jjel \u00e9s reggel f\u0151k\u00e9nt az Alf\u00f6ld \u00e9szaki harmad\u00e1n \u00e9s az \u00c9szaki-k\u00f6z\u00e9phegys\u00e9g t\u00e9rs\u00e9g\u00e9ben lehet \u00e1tmenetileg \u00f3nos csapad\u00e9k. Az \u00f3nos es\u0151 vesz\u00e9lye miatt cs\u00fct\u00f6rt\u00f6kre Borsod-Aba\u00faj-Zempl\u00e9n, Heves \u00e9s N\u00f3gr\u00e1d megy\u00e9re adtak ki els\u0151fok\u00fa figyelmeztet\u00e9st.<br \/>\n<div class=\"ads-in-post2\"><script async src=\"https:\/\/pagead2.googlesyndication.com\/pagead\/js\/adsbygoogle.js\"><\/script>\r\n<ins class=\"adsbygoogle\"\r\n     style=\"display:block\"\r\n     data-ad-format=\"fluid\"\r\n     data-ad-layout-key=\"-6t+ed+2i-1n-4w\"\r\n     data-ad-client=\"ca-pub-1959107119989764\"\r\n     data-ad-slot=\"4008251320\"><\/ins>\r\n<script>\r\n     (adsbygoogle = window.adsbygoogle || []).push({});\r\n<\/script><\/div>\n    A havaz\u00e1s miatt cs\u00fct\u00f6rt\u00f6kre Zala megy\u00e9re adtak ki els\u0151fok\u00fa figyelmeztet\u00e9st. Kifejtett\u00e9k: \u00e9jjel a Nyugat-Dun\u00e1nt\u00falon \u00fajabb havaz\u00e1s kezd\u0151dik, 1-10 centim\u00e9ternyi friss h\u00f3r\u00e9teg alakulhat ki. F\u0151k\u00e9nt Zal\u00e1ban \u00e9s t\u00e1gabb t\u00e9rs\u00e9g\u00e9ben &#8211; &#8222;jelent\u0151s bizonytalans\u00e1g mellett&#8221; &#8211; helyenk\u00e9nt ak\u00e1r 10-15 centim\u00e9tern\u00e9l is t\u00f6bb tapad\u00f3 h\u00f3 hullhat. M\u00e1sutt jellemz\u0151en es\u0151, havas es\u0151 val\u00f3sz\u00edn\u0171, n\u00e9hol \u00e1tmenetileg \u00f3nos es\u0151 sem kiz\u00e1rt.<br \/>\n    Cs\u00fct\u00f6rt\u00f6k\u00f6n napk\u00f6zben fokozatosan kevesebb lesz a csapad\u00e9k, a lehull\u00f3, illetve lehullott h\u00f3 olvadni fog &#8211; tett\u00e9k hozz\u00e1.<br \/>\n    A h\u0151m\u00e9rs\u00e9klet kora d\u00e9lut\u00e1n 0 \u00e9s plusz 10, k\u00e9s\u0151 este 0 \u00e9s plusz 5 Celsius-fok k\u00f6z\u00f6tt v\u00e1rhat\u00f3. Cs\u00fct\u00f6rt\u00f6k hajnalra m\u00ednusz 1 \u00e9s plusz 4 fok k\u00f6z\u00e9 cs\u00f6kken a h\u0151m\u00e9rs\u00e9klet. A legmagasabb nappali h\u0151m\u00e9rs\u00e9klet plusz 1 \u00e9s 6 fok k\u00f6z\u00f6tt alakul.(MTI)<\/p>\n","protected":false},"excerpt":{"rendered":"<p>A magasabban fekv\u0151 telep\u00fcl\u00e9sek k\u00f6z\u00fcl n\u00e9h\u00e1nyban m\u00e1r 30 centim\u00e9ter k\u00f6r\u00fcli a h\u00f3r\u00e9teg, de az alacsonyabb r\u00e9szeken is jelent\u0151s mennyis\u00e9g\u0171 h\u00f3 hullott szerd\u00e1n. Az el\u0151rejelz\u00e9s szerint viszont olvad\u00e1s v\u00e1rhat\u00f3.<\/p>\n","protected":false},"author":1,"featured_media":0,"comment_status":"closed","ping_status":"open","sticky":false,"template":"","format":"standard","meta":[],"categories":[4],"tags":[],"_links":{"self":[{"href":"https:\/\/gazdasagportal.hu\/index.php\/wp-json\/wp\/v2\/posts\/102734"}],"collection":[{"href":"https:\/\/gazdasagportal.hu\/index.php\/wp-json\/wp\/v2\/posts"}],"about":[{"href":"https:\/\/gazdasagportal.hu\/index.php\/wp-json\/wp\/v2\/types\/post"}],"author":[{"embeddable":true,"href":"https:\/\/gazdasagportal.hu\/index.php\/wp-json\/wp\/v2\/users\/1"}],"replies":[{"embeddable":true,"href":"https:\/\/gazdasagportal.hu\/index.php\/wp-json\/wp\/v2\/comments?post=102734"}],"version-history":[{"count":1,"href":"https:\/\/gazdasagportal.hu\/index.php\/wp-json\/wp\/v2\/posts\/102734\/revisions"}],"predecessor-version":[{"id":102735,"href":"https:\/\/gazdasagportal.hu\/index.php\/wp-json\/wp\/v2\/posts\/102734\/revisions\/102735"}],"wp:attachment":[{"href":"https:\/\/gazdasagportal.hu\/index.php\/wp-json\/wp\/v2\/media?parent=102734"}],"wp:term":[{"taxonomy":"category","embeddable":true,"href":"https:\/\/gazdasagportal.hu\/index.php\/wp-json\/wp\/v2\/categories?post=102734"},{"taxonomy":"post_tag","embeddable":true,"href":"https:\/\/gazdasagportal.hu\/index.php\/wp-json\/wp\/v2\/tags?post=102734"}],"curies":[{"name":"wp","href":"https:\/\/api.w.org\/{rel}","templated":true}]}}