{"id":102704,"date":"2018-02-06T21:39:26","date_gmt":"2018-02-06T20:39:26","guid":{"rendered":"http:\/\/gazdasagportal.hu\/?p=102704"},"modified":"2018-02-06T20:47:24","modified_gmt":"2018-02-06T19:47:24","slug":"a-havazas-miatt-nehany-az-onos-eso-veszelye-miatt-viszont-tobbfele-figyelmeztetnek","status":"publish","type":"post","link":"https:\/\/gazdasagportal.hu\/index.php\/a-havazas-miatt-nehany-az-onos-eso-veszelye-miatt-viszont-tobbfele-figyelmeztetnek\/","title":{"rendered":"A havaz\u00e1s miatt n\u00e9h\u00e1ny, az \u00f3nos es\u0151 vesz\u00e9lye miatt viszont t\u00f6bbfel\u00e9 figyelmeztetnek"},"content":{"rendered":"<p><strong>A v\u00e1rtn\u00e1l kevesebb helyen v\u00e1rhat\u00f3 h\u00f3es\u00e9s, de sok helyen lehet \u00f3nos es\u0151. A havaz\u00e1s miatt n\u00e9h\u00e1ny nyugat-dun\u00e1nt\u00fali megy\u00e9re, t\u00f6bb megy\u00e9re \u00e9s a f\u0151v\u00e1rosra az \u00f3nos es\u0151 vesz\u00e9lye miatt adott ki els\u0151fok\u00fa figyelmeztet\u00e9st szerd\u00e1ra az Orsz\u00e1gos Meteorol\u00f3giai Szolg\u00e1lat.<\/strong><!--more--><\/p>\n<div class=\"ads-in-post1\"><div id=\"gazdasagportal.hu_fullbanner_wideboard\"><\/div>\r\n<\/div>\n<p>    A keddi vesz\u00e9lyjelz\u00e9s szerint szerd\u00e1n hajnalban d\u00e9lnyugat fel\u0151l csapad\u00e9kz\u00f3na \u00e9rkezik, amely a els\u0151sorban a Dun\u00e1nt\u00falt \u00e9rinti majd.<br \/>\n    Szerda hajnalt\u00f3l kora d\u00e9lut\u00e1nig a Nyugat-Dun\u00e1nt\u00falon intenz\u00edv havaz\u00e1s val\u00f3sz\u00edn\u0171, amely sor\u00e1n ak\u00e1r 10-15 centim\u00e9ter nedves, \u00fagynevezett tapad\u00f3 h\u00f3r\u00e9teg k\u00e9pz\u0151dhet. A Dun\u00e1nt\u00fal t\u00f6bbi r\u00e9sz\u00e9n \u00e9s a k\u00f6z\u00e9ps\u0151 orsz\u00e1gr\u00e9szben is eshet &#8211; t\u00f6bbnyire csak r\u00f6videbb ideig &#8211; h\u00f3, de abb\u00f3l jelent\u0151s r\u00e9teg nem tud kialakulni.<br \/>\n    A havaz\u00e1s vesz\u00e9lye miatt Gy\u0151r-Moson-Sopron, Vas \u00e9s Zala megy\u00e9re adtak ki els\u0151fok\u00fa figyelmeztet\u00e9st.<br \/>\n<div class=\"ads-in-post2\"><script async src=\"https:\/\/pagead2.googlesyndication.com\/pagead\/js\/adsbygoogle.js\"><\/script>\r\n<ins class=\"adsbygoogle\"\r\n     style=\"display:block\"\r\n     data-ad-format=\"fluid\"\r\n     data-ad-layout-key=\"-6t+ed+2i-1n-4w\"\r\n     data-ad-client=\"ca-pub-1959107119989764\"\r\n     data-ad-slot=\"4008251320\"><\/ins>\r\n<script>\r\n     (adsbygoogle = window.adsbygoogle || []).push({});\r\n<\/script><\/div>\n    Felh\u00edvt\u00e1k a figyelmet tov\u00e1bb\u00e1, hogy a Dun\u00e1nt\u00fal k\u00f6z\u00e9ps\u0151 \u00e9s keleti harmad\u00e1n, valamint a k\u00f6z\u00e9ps\u0151 orsz\u00e1gr\u00e9szben szerda reggel, teh\u00e1t a csapad\u00e9k megkezd\u0151d\u00e9sekor a h\u00f3 mellett r\u00f6vid ideig \u00f3nos es\u0151 is hullhat, de napk\u00f6zben egyre ink\u00e1bb az es\u0151 lesz jellemz\u0151. Az \u00f3nos es\u0151 vesz\u00e9lye miatt Budapestre, tov\u00e1bb\u00e1 Pest, Baranya, Fej\u00e9r, Kom\u00e1rom-Esztergom, N\u00f3gr\u00e1d, Somogy, Tolna \u00e9s Veszpr\u00e9m megy\u00e9re adtak ki ugyancsak els\u0151fok\u00fa figyelmeztet\u00e9st.<br \/>\n    Az el\u0151rejelz\u00e9s szerint szerd\u00e1n a legalacsonyabb h\u0151m\u00e9rs\u00e9klet m\u00ednusz 7 \u00e9s 0 fok k\u00f6z\u00f6tt val\u00f3sz\u00edn\u0171, az \u00c9szaki-k\u00f6z\u00e9phegys\u00e9g v\u00f6lgyeiben lehet a leghidegebb. A legmagasabb nappali h\u0151m\u00e9rs\u00e9klet m\u00ednusz 1 \u00e9s plusz 10 Celsius-fok k\u00f6z\u00f6tt v\u00e1rhat\u00f3 (5 fok f\u00f6l\u00e9 a Dun\u00e1nt\u00fal d\u00e9li fel\u00e9n \u00e9s az Alf\u00f6ld\u00f6n melegszik fel a leveg\u0151, leghidegebb pedig az Alpokalj\u00e1n lesz).<br \/>\n(MTI)<\/p>\n","protected":false},"excerpt":{"rendered":"<p>A v\u00e1rtn\u00e1l kevesebb helyen v\u00e1rhat\u00f3 h\u00f3es\u00e9s, de sok helyen lehet \u00f3nos es\u0151. A havaz\u00e1s miatt n\u00e9h\u00e1ny nyugat-dun\u00e1nt\u00fali megy\u00e9re, t\u00f6bb megy\u00e9re \u00e9s a f\u0151v\u00e1rosra az \u00f3nos es\u0151 vesz\u00e9lye miatt adott ki els\u0151fok\u00fa figyelmeztet\u00e9st szerd\u00e1ra az Orsz\u00e1gos Meteorol\u00f3giai Szolg\u00e1lat.<\/p>\n","protected":false},"author":1,"featured_media":0,"comment_status":"closed","ping_status":"open","sticky":false,"template":"","format":"standard","meta":[],"categories":[4],"tags":[],"_links":{"self":[{"href":"https:\/\/gazdasagportal.hu\/index.php\/wp-json\/wp\/v2\/posts\/102704"}],"collection":[{"href":"https:\/\/gazdasagportal.hu\/index.php\/wp-json\/wp\/v2\/posts"}],"about":[{"href":"https:\/\/gazdasagportal.hu\/index.php\/wp-json\/wp\/v2\/types\/post"}],"author":[{"embeddable":true,"href":"https:\/\/gazdasagportal.hu\/index.php\/wp-json\/wp\/v2\/users\/1"}],"replies":[{"embeddable":true,"href":"https:\/\/gazdasagportal.hu\/index.php\/wp-json\/wp\/v2\/comments?post=102704"}],"version-history":[{"count":1,"href":"https:\/\/gazdasagportal.hu\/index.php\/wp-json\/wp\/v2\/posts\/102704\/revisions"}],"predecessor-version":[{"id":102705,"href":"https:\/\/gazdasagportal.hu\/index.php\/wp-json\/wp\/v2\/posts\/102704\/revisions\/102705"}],"wp:attachment":[{"href":"https:\/\/gazdasagportal.hu\/index.php\/wp-json\/wp\/v2\/media?parent=102704"}],"wp:term":[{"taxonomy":"category","embeddable":true,"href":"https:\/\/gazdasagportal.hu\/index.php\/wp-json\/wp\/v2\/categories?post=102704"},{"taxonomy":"post_tag","embeddable":true,"href":"https:\/\/gazdasagportal.hu\/index.php\/wp-json\/wp\/v2\/tags?post=102704"}],"curies":[{"name":"wp","href":"https:\/\/api.w.org\/{rel}","templated":true}]}}