{"id":102698,"date":"2018-02-06T16:51:34","date_gmt":"2018-02-06T15:51:34","guid":{"rendered":"http:\/\/gazdasagportal.hu\/?p=102698"},"modified":"2018-02-06T16:51:34","modified_gmt":"2018-02-06T15:51:34","slug":"magyarorszagon-az-okostelefon-tulajdonosok-29-szazaleka-tartja-magat-telefonfuggonek-egy-felmeres-szerint","status":"publish","type":"post","link":"https:\/\/gazdasagportal.hu\/index.php\/magyarorszagon-az-okostelefon-tulajdonosok-29-szazaleka-tartja-magat-telefonfuggonek-egy-felmeres-szerint\/","title":{"rendered":"Magyarorsz\u00e1gon az okostelefon tulajdonosok 29 sz\u00e1zal\u00e9ka tartja mag\u00e1t telefonf\u00fcgg\u0151nek egy felm\u00e9r\u00e9s szerint"},"content":{"rendered":"<p><strong>Magyarorsz\u00e1gon az okostelefon tulajdonosok 29 sz\u00e1zal\u00e9ka tartja mag\u00e1t telefonf\u00fcgg\u0151nek, ami jelent\u0151sen elmarad a 42 sz\u00e1zal\u00e9kos r\u00e9gi\u00f3s \u00e1tlagt\u00f3l &#8211; der\u00fcl ki a Huawei megb\u00edz\u00e1s\u00e1b\u00f3l, az Ipsos \u00e1ltal, az okostelefonok napi haszn\u00e1lat\u00e1r\u00f3l k\u00e9sz\u00edtett felm\u00e9r\u00e9sb\u0151l. <\/strong><!--more--><\/p>\n<div class=\"ads-in-post1\"><div id=\"gazdasagportal.hu_fullbanner_wideboard\"><\/div>\r\n<\/div>\n<p>    A felm\u00e9r\u00e9sb\u0151l kider\u00fclt, hogy a magyaroknak csup\u00e1n 62 sz\u00e1zal\u00e9ka haszn\u00e1lja hangh\u00edv\u00e1sra a k\u00e9sz\u00fcl\u00e9k\u00e9t, szemben a 73 sz\u00e1zal\u00e9kos eur\u00f3pai \u00e1tlaggal. A v\u00e1laszad\u00f3k 83 sz\u00e1zal\u00e9ka fot\u00f3z\u00e1sra haszn\u00e1lja okostelefonj\u00e1t, a megk\u00e9rdezettek 77 sz\u00e1zal\u00e9ka sz\u00f6veges \u00fczenetek k\u00fcld\u00e9s\u00e9re, 76 sz\u00e1zal\u00e9ka pedig a telefonj\u00e1n kereszt\u00fcl l\u00e9p fel a k\u00f6z\u00f6ss\u00e9gi oldalakra.<br \/>\n    Arra is r\u00e1mutattak, hogy a magyarok t\u00f6bbs\u00e9ge egy \u00f3r\u00e1t sem b\u00edr ki a mobilja ellen\u0151rz\u00e9se n\u00e9lk\u00fcl, a v\u00e1laszad\u00f3k 38 sz\u00e1zal\u00e9ka pedig egy \u00f3ra leforg\u00e1sa alatt t\u00f6bbsz\u00f6r is, ak\u00e1r 10 percenk\u00e9nt, vagy m\u00e9g gyakrabban r\u00e1n\u00e9z a telefonj\u00e1ra.<br \/>\n    A magyar okostelefon felhaszn\u00e1l\u00f3k eur\u00f3pai t\u00e1rsaikhoz k\u00e9pest t\u00f6bbet tartj\u00e1k magukn\u00e1l a k\u00e9sz\u00fcl\u00e9keiket: 10-b\u0151l 3 megk\u00e9rdezett t\u00f6bb mint 20 \u00f3r\u00e1n kereszt\u00fcl k\u00e9ptelen megv\u00e1lni az okos k\u00e9sz\u00fcl\u00e9k\u00e9t\u0151l, annak ellen\u00e9re, hogy k\u00f6zel k\u00e9tharmaduk maximum napi 3-8 \u00f3r\u00e1n kereszt\u00fcl haszn\u00e1lja akt\u00edvan a telefonj\u00e1t. R\u00e1ad\u00e1sul a v\u00e1laszad\u00f3k 81 sz\u00e1zal\u00e9ka alv\u00e1s k\u00f6zben is kart\u00e1vols\u00e1gon bel\u00fcl tartja a k\u00e9sz\u00fcl\u00e9k\u00e9t. A magyarok 45 sz\u00e1zal\u00e9ka az \u00e9bred\u00e9st k\u00f6vet\u0151en el\u0151sz\u00f6r a telefonja ut\u00e1n ny\u00fal, elalv\u00e1s el\u0151tt pedig 58 sz\u00e1zal\u00e9kuk m\u00e9g az interneten b\u00f6ng\u00e9szik a telefonja seg\u00edts\u00e9g\u00e9vel.<br \/>\n    Ugyanakkor azt is megjegyezt\u00e9k, hogy a magyarok 42 sz\u00e1zal\u00e9ka \u00fagy \u00e9rzi t\u00fal sok id\u0151t t\u00f6lt az okostelefonj\u00e1val, 49 sz\u00e1zal\u00e9kuk pedig megpr\u00f3b\u00e1l id\u0151korl\u00e1tot is szabni a mobiloz\u00e1snak.<br \/>\n<div class=\"ads-in-post2\"><script async src=\"https:\/\/pagead2.googlesyndication.com\/pagead\/js\/adsbygoogle.js\"><\/script>\r\n<ins class=\"adsbygoogle\"\r\n     style=\"display:block\"\r\n     data-ad-format=\"fluid\"\r\n     data-ad-layout-key=\"-6t+ed+2i-1n-4w\"\r\n     data-ad-client=\"ca-pub-1959107119989764\"\r\n     data-ad-slot=\"4008251320\"><\/ins>\r\n<script>\r\n     (adsbygoogle = window.adsbygoogle || []).push({});\r\n<\/script><\/div>\nA kutat\u00e1s 12 eur\u00f3pai orsz\u00e1gban t\u00f6bb mint hatezer felhaszn\u00e1l\u00f3, k\u00f6zt\u00fck 501 magyar okostelefon tulajdonos bevon\u00e1s\u00e1val k\u00e9sz\u00fclt janu\u00e1rban.<br \/>\n    A v\u00e1llalat kor\u00e1bbi k\u00f6zl\u00e9se szerint tavaly t\u00f6bb mint 15 sz\u00e1zal\u00e9kkal n\u00f6velte glob\u00e1lis \u00e9rt\u00e9kes\u00edt\u00e9si \u00e1rbev\u00e9tel\u00e9t a k\u00ednai Huawei Technologies Co. Ltd. mobil t\u00e1vk\u00f6zl\u00e9si berendez\u00e9s gy\u00e1rt\u00f3 \u00e9s szolg\u00e1ltat\u00f3 v\u00e1llalat, okostelefon-elad\u00e1sait Eur\u00f3p\u00e1ban t\u00f6bb mint h\u00fasz sz\u00e1zal\u00e9kkal n\u00f6velte. A v\u00e1llalat glob\u00e1lis, valamennyi \u00fczlet\u00e1g\u00e1t mag\u00e1ba foglal\u00f3 \u00e1rbev\u00e9tele az egy \u00e9vvel kor\u00e1bbihoz k\u00e9pest tavaly t\u00f6bb mint 15 sz\u00e1zal\u00e9kkal, 600 milli\u00e1rd j\u00fcanra (92 milli\u00e1rd doll\u00e1r) n\u0151tt, az okostelefon sz\u00e1ll\u00edt\u00e1sa vil\u00e1gszerte el\u00e9rte a 153 milli\u00f3t, amellyel a vil\u00e1gon a harmadik helyen \u00e1ll. A Huawei 2015 \u00f3ta a vil\u00e1g harmadik legnagyobb okostelefon sz\u00e1ll\u00edt\u00f3ja a glob\u00e1lis kisz\u00e1ll\u00edt\u00e1sok alapj\u00e1n, 2016-ban 140 milli\u00f3 okostelefont sz\u00e1ll\u00edtott le, a megel\u0151z\u0151 \u00e9vin\u00e9l mintegy 30 sz\u00e1zal\u00e9kkal t\u00f6bbet.<br \/>\n(MTI)<\/p>\n","protected":false},"excerpt":{"rendered":"<p>Magyarorsz\u00e1gon az okostelefon tulajdonosok 29 sz\u00e1zal\u00e9ka tartja mag\u00e1t telefonf\u00fcgg\u0151nek, ami jelent\u0151sen elmarad a 42 sz\u00e1zal\u00e9kos r\u00e9gi\u00f3s \u00e1tlagt\u00f3l &#8211; der\u00fcl ki a Huawei megb\u00edz\u00e1s\u00e1b\u00f3l, az Ipsos \u00e1ltal, az okostelefonok napi haszn\u00e1lat\u00e1r\u00f3l k\u00e9sz\u00edtett felm\u00e9r\u00e9sb\u0151l.<\/p>\n","protected":false},"author":1,"featured_media":0,"comment_status":"closed","ping_status":"open","sticky":false,"template":"","format":"standard","meta":[],"categories":[4],"tags":[],"_links":{"self":[{"href":"https:\/\/gazdasagportal.hu\/index.php\/wp-json\/wp\/v2\/posts\/102698"}],"collection":[{"href":"https:\/\/gazdasagportal.hu\/index.php\/wp-json\/wp\/v2\/posts"}],"about":[{"href":"https:\/\/gazdasagportal.hu\/index.php\/wp-json\/wp\/v2\/types\/post"}],"author":[{"embeddable":true,"href":"https:\/\/gazdasagportal.hu\/index.php\/wp-json\/wp\/v2\/users\/1"}],"replies":[{"embeddable":true,"href":"https:\/\/gazdasagportal.hu\/index.php\/wp-json\/wp\/v2\/comments?post=102698"}],"version-history":[{"count":1,"href":"https:\/\/gazdasagportal.hu\/index.php\/wp-json\/wp\/v2\/posts\/102698\/revisions"}],"predecessor-version":[{"id":102699,"href":"https:\/\/gazdasagportal.hu\/index.php\/wp-json\/wp\/v2\/posts\/102698\/revisions\/102699"}],"wp:attachment":[{"href":"https:\/\/gazdasagportal.hu\/index.php\/wp-json\/wp\/v2\/media?parent=102698"}],"wp:term":[{"taxonomy":"category","embeddable":true,"href":"https:\/\/gazdasagportal.hu\/index.php\/wp-json\/wp\/v2\/categories?post=102698"},{"taxonomy":"post_tag","embeddable":true,"href":"https:\/\/gazdasagportal.hu\/index.php\/wp-json\/wp\/v2\/tags?post=102698"}],"curies":[{"name":"wp","href":"https:\/\/api.w.org\/{rel}","templated":true}]}}