{"id":102649,"date":"2018-02-05T13:08:45","date_gmt":"2018-02-05T12:08:45","guid":{"rendered":"http:\/\/gazdasagportal.hu\/?p=102649"},"modified":"2018-02-05T13:08:45","modified_gmt":"2018-02-05T12:08:45","slug":"bisnode-hetedevel-csokkent-a-nemfizetesi-eljarasok-szama-tavaly","status":"publish","type":"post","link":"https:\/\/gazdasagportal.hu\/index.php\/bisnode-hetedevel-csokkent-a-nemfizetesi-eljarasok-szama-tavaly\/","title":{"rendered":"Bisnode: heted\u00e9vel cs\u00f6kkent a nemfizet\u00e9si elj\u00e1r\u00e1sok sz\u00e1ma tavaly"},"content":{"rendered":"<p><strong>Tavaly 9,3 sz\u00e1zal\u00e9kkal cs\u00f6kkent a gazdas\u00e1gi t\u00e1rsas\u00e1gokat \u00e9rint\u0151 megsz\u0171n\u00e9si elj\u00e1r\u00e1sok sz\u00e1ma, \u00edgy heted\u00e9vel kevesebb nemfizet\u00e9si elj\u00e1r\u00e1st kezdem\u00e9nyeztek &#8211; der\u00fcl ki a Bisnode Magyarorsz\u00e1g Kft. legfrissebb, tavalyi \u00e9vr\u0151l sz\u00f3l\u00f3 elemz\u00e9s\u00e9b\u0151l, amelyet h\u00e9tf\u0151n juttattak el az MTI-nek.<\/strong><!--more--><\/p>\n<div class=\"ads-in-post1\"><div id=\"gazdasagportal.hu_fullbanner_wideboard\"><\/div>\r\n<\/div>\n<p>    Az elemz\u00e9s szerint a felsz\u00e1mol\u00e1sok mellett a k\u00e9nyszert\u00f6rl\u00e9sek sz\u00e1ma is jelent\u0151sen visszaesett: tavaly k\u00f6zel 1100-zal kevesebb felsz\u00e1mol\u00e1si elj\u00e1r\u00e1s \u00e9s 4100-zal kevesebb k\u00e9nyszert\u00f6rl\u00e9s indult, \u00edgy az el\u0151bbiek sz\u00e1ma minim\u00e1lisan haladta csak meg a 6800-at, m\u00edg ut\u00f3bbi megk\u00f6zel\u00edtette a 19 ezret.<br \/>\n    A felsz\u00e1mol\u00e1sok \u00e9s k\u00e9nyszert\u00f6rl\u00e9sek 2014-es tet\u0151z\u00e9se \u00f3ta \u00e9vr\u0151l \u00e9vre cs\u00f6kkent ezen k\u00e9t elj\u00e1r\u00e1st\u00edpus gyakoris\u00e1ga, \u00edgy sz\u00e1muk 2017 v\u00e9g\u00e9re \u00f6sszesen 56,9 sz\u00e1zal\u00e9kkal esett vissza.<br \/>\n    A cs\u0151delj\u00e1r\u00e1sok sz\u00e1ma is tov\u00e1bbi 28 sz\u00e1zal\u00e9kkal cs\u00f6kkent, a 2016-os 50 elj\u00e1r\u00e1s helyett mind\u00f6ssze 36 c\u00e9g kezdem\u00e9nyezett cs\u0151delj\u00e1r\u00e1st maga ellen. A k\u00f6zel harminc sz\u00e1zal\u00e9kos \u00e9ves visszaes\u00e9s 2017 utols\u00f3 negyed\u00e9v\u00e9nek az eredm\u00e9nye, amikor mind\u00f6ssze 4 cs\u0151delj\u00e1r\u00e1s indult az egy \u00e9vvel kor\u00e1bban regisztr\u00e1lt 17 helyett.<br \/>\n<div class=\"ads-in-post2\"><script async src=\"https:\/\/pagead2.googlesyndication.com\/pagead\/js\/adsbygoogle.js\"><\/script>\r\n<ins class=\"adsbygoogle\"\r\n     style=\"display:block\"\r\n     data-ad-format=\"fluid\"\r\n     data-ad-layout-key=\"-6t+ed+2i-1n-4w\"\r\n     data-ad-client=\"ca-pub-1959107119989764\"\r\n     data-ad-slot=\"4008251320\"><\/ins>\r\n<script>\r\n     (adsbygoogle = window.adsbygoogle || []).push({});\r\n<\/script><\/div>\n    A v\u00e9gelsz\u00e1mol\u00e1sok sz\u00e1ma az utols\u00f3 negyed\u00e9vben 44,9 sz\u00e1zal\u00e9kkal emelkedett 2016 azonos id\u0151szak\u00e1hoz k\u00e9pest, \u00edgy \u00e9ves szinten 17,5 sz\u00e1zal\u00e9kkal t\u00f6bb v\u00e1llalkoz\u00e1s kezdem\u00e9nyezte \u00edgy a megsz\u0171n\u00e9s\u00e9t. Ezzel a v\u00e9gelsz\u00e1mol\u00e1s maradt a m\u00e1sodik legn\u00e9pszer\u0171bb megsz\u0171n\u00e9si m\u00f3d \u00e9vi 10 148 elj\u00e1r\u00e1ssal. Ez az elj\u00e1r\u00e1st\u00edpus 2015-ben volt a legkev\u00e9sb\u00e9 gyakori, majd 2016-ban 9,8 sz\u00e1zal\u00e9kos emelked\u00e9st k\u00f6vet\u0151en 8640-re n\u00f6vekedett &#8211; \u00edrt\u00e1k.<br \/>\n    A t\u00edz legkev\u00e9sb\u00e9 kock\u00e1zatos ipar\u00e1g list\u00e1j\u00e1t a Bisnode mutat\u00f3i alapj\u00e1n a hum\u00e1n eg\u00e9szs\u00e9g\u00fcgyi, szoci\u00e1lis ell\u00e1t\u00e1s vezette 2017-ben, m\u00e1sodik az oktat\u00e1s, \u00e9s 3. a sz\u00e1m\u00edt\u00f3g\u00e9p, elektronikai, optikai term\u00e9kek gy\u00e1rt\u00e1sa. A legkock\u00e1zatosabb ipar\u00e1g az \u00e9lelmiszeripar, \u00e9s a g\u00e9pj\u00e1rm\u0171ipar lettek, a vend\u00e9gl\u00e1t\u00f3ipar tavaly elvesztette vezet\u0151 hely\u00e9t, \u00e9s 3. lett.<br \/>\n(MTI)<\/p>\n","protected":false},"excerpt":{"rendered":"<p>Tavaly 9,3 sz\u00e1zal\u00e9kkal cs\u00f6kkent a gazdas\u00e1gi t\u00e1rsas\u00e1gokat \u00e9rint\u0151 megsz\u0171n\u00e9si elj\u00e1r\u00e1sok sz\u00e1ma, \u00edgy heted\u00e9vel kevesebb nemfizet\u00e9si elj\u00e1r\u00e1st kezdem\u00e9nyeztek &#8211; der\u00fcl ki a Bisnode Magyarorsz\u00e1g Kft. legfrissebb, tavalyi \u00e9vr\u0151l sz\u00f3l\u00f3 elemz\u00e9s\u00e9b\u0151l, amelyet h\u00e9tf\u0151n juttattak el az MTI-nek.<\/p>\n","protected":false},"author":1,"featured_media":0,"comment_status":"closed","ping_status":"open","sticky":false,"template":"","format":"standard","meta":[],"categories":[19],"tags":[],"_links":{"self":[{"href":"https:\/\/gazdasagportal.hu\/index.php\/wp-json\/wp\/v2\/posts\/102649"}],"collection":[{"href":"https:\/\/gazdasagportal.hu\/index.php\/wp-json\/wp\/v2\/posts"}],"about":[{"href":"https:\/\/gazdasagportal.hu\/index.php\/wp-json\/wp\/v2\/types\/post"}],"author":[{"embeddable":true,"href":"https:\/\/gazdasagportal.hu\/index.php\/wp-json\/wp\/v2\/users\/1"}],"replies":[{"embeddable":true,"href":"https:\/\/gazdasagportal.hu\/index.php\/wp-json\/wp\/v2\/comments?post=102649"}],"version-history":[{"count":1,"href":"https:\/\/gazdasagportal.hu\/index.php\/wp-json\/wp\/v2\/posts\/102649\/revisions"}],"predecessor-version":[{"id":102650,"href":"https:\/\/gazdasagportal.hu\/index.php\/wp-json\/wp\/v2\/posts\/102649\/revisions\/102650"}],"wp:attachment":[{"href":"https:\/\/gazdasagportal.hu\/index.php\/wp-json\/wp\/v2\/media?parent=102649"}],"wp:term":[{"taxonomy":"category","embeddable":true,"href":"https:\/\/gazdasagportal.hu\/index.php\/wp-json\/wp\/v2\/categories?post=102649"},{"taxonomy":"post_tag","embeddable":true,"href":"https:\/\/gazdasagportal.hu\/index.php\/wp-json\/wp\/v2\/tags?post=102649"}],"curies":[{"name":"wp","href":"https:\/\/api.w.org\/{rel}","templated":true}]}}