{"id":102645,"date":"2018-02-05T10:51:54","date_gmt":"2018-02-05T09:51:54","guid":{"rendered":"http:\/\/gazdasagportal.hu\/?p=102645"},"modified":"2018-02-05T10:51:54","modified_gmt":"2018-02-05T09:51:54","slug":"a-porsche-megduplazza-az-elektromos-autok-gyartasaval-kapcsolatos-kiadasait","status":"publish","type":"post","link":"https:\/\/gazdasagportal.hu\/index.php\/a-porsche-megduplazza-az-elektromos-autok-gyartasaval-kapcsolatos-kiadasait\/","title":{"rendered":"A Porsche megdupl\u00e1zza az elektromos aut\u00f3k gy\u00e1rt\u00e1s\u00e1val kapcsolatos kiad\u00e1sait"},"content":{"rendered":"<p><strong>A Porsche n\u00e9met aut\u00f3gy\u00e1rt\u00f3 megdupl\u00e1zza az elektromos aut\u00f3k gy\u00e1rt\u00e1s\u00e1ra ford\u00edtott \u00f6sszeget.<\/strong><!--more--><\/p>\n<div class=\"ads-in-post1\"><div id=\"gazdasagportal.hu_fullbanner_wideboard\"><\/div>\r\n<\/div>\n<p>    Oliver Blume, a Porsche vez\u00e9rigazgat\u00f3ja azt mondta, hogy az elektromos aut\u00f3k gy\u00e1rt\u00e1s\u00e1ra sz\u00e1nt \u00f6sszeget 6 milli\u00e1rd eur\u00f3ra n\u00f6velt\u00e9k az eredetileg tervezett 3 milli\u00e1rd eur\u00f3r\u00f3l.<br \/>\n    A v\u00e1llalatvezet\u0151 kifejtette, hogy az \u00f6sszeget r\u00e9szben a m\u00e1r megl\u00e9v\u0151 modellek elektromos v\u00e1ltozat\u00e1nak kifejleszt\u00e9s\u00e9re, illetve \u00faj elektromos aut\u00f3k l\u00e9trehoz\u00e1s\u00e1ra k\u00f6ltik.<br \/>\n<div class=\"ads-in-post2\"><script async src=\"https:\/\/pagead2.googlesyndication.com\/pagead\/js\/adsbygoogle.js\"><\/script>\r\n<ins class=\"adsbygoogle\"\r\n     style=\"display:block\"\r\n     data-ad-format=\"fluid\"\r\n     data-ad-layout-key=\"-6t+ed+2i-1n-4w\"\r\n     data-ad-client=\"ca-pub-1959107119989764\"\r\n     data-ad-slot=\"4008251320\"><\/ins>\r\n<script>\r\n     (adsbygoogle = window.adsbygoogle || []).push({});\r\n<\/script><\/div>\n    A Porsche 2019 v\u00e9g\u00e9re tervezi piacra dobni a Mission E elektromos aut\u00f3modellj\u00e9t, amib\u0151l kezdetben \u00e9vi 20 ezer k\u00e9sz\u00fcl a c\u00e9g zuffenhauseni \u00fczem\u00e9ben. A Porsche m\u00e1s elektromos aut\u00f3kat is gy\u00e1rt majd, amelyek lipcsei gy\u00e1r\u00e1ban k\u00e9sz\u00fclnek majd &#8211; mondta el a vez\u00e9rigazgat\u00f3.<br \/>\n    Oliver Blume hangs\u00falyozta tov\u00e1bb\u00e1, hogy a Porsche nem mond le a bels\u0151\u00e9g\u00e9s\u0171 motorral, \u00edgy a d\u00edzelmotorral felszerelt aut\u00f3k gy\u00e1rt\u00e1s\u00e1r\u00f3l.<br \/>\n    A Porsche forgalma 2016-ban mintegy 22,3 milli\u00e1rd eur\u00f3 volt, a tavalyi adatot m\u00e1rciusban hozz\u00e1k nyilv\u00e1noss\u00e1gra.(MTI)<\/p>\n","protected":false},"excerpt":{"rendered":"<p>A Porsche n\u00e9met aut\u00f3gy\u00e1rt\u00f3 megdupl\u00e1zza az elektromos aut\u00f3k gy\u00e1rt\u00e1s\u00e1ra ford\u00edtott \u00f6sszeget.<\/p>\n","protected":false},"author":1,"featured_media":0,"comment_status":"closed","ping_status":"open","sticky":false,"template":"","format":"standard","meta":[],"categories":[246],"tags":[],"_links":{"self":[{"href":"https:\/\/gazdasagportal.hu\/index.php\/wp-json\/wp\/v2\/posts\/102645"}],"collection":[{"href":"https:\/\/gazdasagportal.hu\/index.php\/wp-json\/wp\/v2\/posts"}],"about":[{"href":"https:\/\/gazdasagportal.hu\/index.php\/wp-json\/wp\/v2\/types\/post"}],"author":[{"embeddable":true,"href":"https:\/\/gazdasagportal.hu\/index.php\/wp-json\/wp\/v2\/users\/1"}],"replies":[{"embeddable":true,"href":"https:\/\/gazdasagportal.hu\/index.php\/wp-json\/wp\/v2\/comments?post=102645"}],"version-history":[{"count":1,"href":"https:\/\/gazdasagportal.hu\/index.php\/wp-json\/wp\/v2\/posts\/102645\/revisions"}],"predecessor-version":[{"id":102646,"href":"https:\/\/gazdasagportal.hu\/index.php\/wp-json\/wp\/v2\/posts\/102645\/revisions\/102646"}],"wp:attachment":[{"href":"https:\/\/gazdasagportal.hu\/index.php\/wp-json\/wp\/v2\/media?parent=102645"}],"wp:term":[{"taxonomy":"category","embeddable":true,"href":"https:\/\/gazdasagportal.hu\/index.php\/wp-json\/wp\/v2\/categories?post=102645"},{"taxonomy":"post_tag","embeddable":true,"href":"https:\/\/gazdasagportal.hu\/index.php\/wp-json\/wp\/v2\/tags?post=102645"}],"curies":[{"name":"wp","href":"https:\/\/api.w.org\/{rel}","templated":true}]}}