{"id":102633,"date":"2018-02-04T15:18:13","date_gmt":"2018-02-04T14:18:13","guid":{"rendered":"http:\/\/gazdasagportal.hu\/?p=102633"},"modified":"2018-02-04T15:18:13","modified_gmt":"2018-02-04T14:18:13","slug":"brit-belugyminiszter-helyenvalo-a-kulonbsegtetel-a-brexit-elott-es-a-brexit-utan-erkezo-eu-allampolgarok-kozott","status":"publish","type":"post","link":"https:\/\/gazdasagportal.hu\/index.php\/brit-belugyminiszter-helyenvalo-a-kulonbsegtetel-a-brexit-elott-es-a-brexit-utan-erkezo-eu-allampolgarok-kozott\/","title":{"rendered":"Brit bel\u00fcgyminiszter: hely\u00e9nval\u00f3 a k\u00fcl\u00f6nbs\u00e9gt\u00e9tel a Brexit el\u0151tt \u00e9s a Brexit ut\u00e1n \u00e9rkez\u0151 EU-\u00e1llampolg\u00e1rok k\u00f6z\u00f6tt"},"content":{"rendered":"<p><strong>A brit bel\u00fcgyminiszter szerint &#8222;hely\u00e9nval\u00f3&#8221;, hogy London k\u00fcl\u00f6nbs\u00e9get akar tenni a brit EU-tags\u00e1g megsz\u0171n\u00e9se el\u0151tt, illetve a kil\u00e9p\u00e9s ut\u00e1n tervezett \u00e1tmeneti id\u0151szakban Nagy-Britanni\u00e1ba \u00e9rkez\u0151 EU-\u00e1llampolg\u00e1rok leteleped\u00e9si jogosults\u00e1gai k\u00f6z\u00f6tt.<\/strong><!--more--><\/p>\n<div class=\"ads-in-post1\"><div id=\"gazdasagportal.hu_fullbanner_wideboard\"><\/div>\r\n<\/div>\n<p>    Amber Rudd a BBC telev\u00edzi\u00f3 vas\u00e1rnapi politikai magazinm\u0171sor\u00e1nak nyilatkozva meger\u0151s\u00edtette: a brit korm\u00e1ny tervei szerint az uni\u00f3ban marad\u00f3 orsz\u00e1gok \u00e1llampolg\u00e1rai, akik a Brexit ut\u00e1ni \u00e1tmeneti id\u0151szakban \u00e9rkeznek, szint\u00e9n munk\u00e1t v\u00e1llalhatnak Nagy-Britanni\u00e1ban, de nekik m\u00e1r regisztr\u00e1ci\u00f3s k\u00f6telezetts\u00e9g\u00fck lesz, annak \u00e9rdek\u00e9ben, hogy bizony\u00edts\u00e1k a hat\u00f3s\u00e1goknak nagy-britanniai jelenl\u00e9t\u00fcket.<br \/>\n    Rudd hozz\u00e1tette: Theresa May minisztereln\u00f6k sz\u00e1nd\u00e9ka az, hogy a kil\u00e9p\u00e9s ut\u00e1ni \u00e1tmeneti id\u0151szakban \u00e9rkez\u0151 EU-\u00e1llampolg\u00e1rok leteleped\u00e9si jogosults\u00e1gai k\u00fcl\u00f6nb\u00f6zzenek azok\u00e9t\u00f3l, akik a Brexit id\u0151pontj\u00e1ban m\u00e1r Nagy-Britanni\u00e1ban \u00e9lnek.<br \/>\n    Arra a riporteri k\u00e9rd\u00e9sre, hogy ha az Eur\u00f3pai Uni\u00f3 elfogadhatatlannak min\u0151s\u00edten\u00e9 az EU-\u00e1llampolg\u00e1rok ilyen megk\u00fcl\u00f6nb\u00f6ztet\u00e9s\u00e9t, akkor a brit korm\u00e1ny ink\u00e1bb lemondana-e az \u00e1tmeneti id\u0151szakr\u00f3l, a brit bel\u00fcgyminiszter kit\u00e9r\u0151en \u00fagy v\u00e1laszolt: v\u00e9lem\u00e9nye szerint a londoni aj\u00e1nl\u00e1s &#8222;igazs\u00e1gos, ny\u00edlt \u00e9s nagyvonal\u00fa&#8221; mind az \u00e1tmeneti id\u0151szak el\u0151tt, mind az \u00e1tmeneti id\u0151szakban \u00e9rkez\u0151 EU-\u00e1llampolg\u00e1rok sz\u00e1m\u00e1ra.<br \/>\n<div class=\"ads-in-post2\"><script async src=\"https:\/\/pagead2.googlesyndication.com\/pagead\/js\/adsbygoogle.js\"><\/script>\r\n<ins class=\"adsbygoogle\"\r\n     style=\"display:block\"\r\n     data-ad-format=\"fluid\"\r\n     data-ad-layout-key=\"-6t+ed+2i-1n-4w\"\r\n     data-ad-client=\"ca-pub-1959107119989764\"\r\n     data-ad-slot=\"4008251320\"><\/ins>\r\n<script>\r\n     (adsbygoogle = window.adsbygoogle || []).push({});\r\n<\/script><\/div>\n    A brit korm\u00e1ny t\u00f6bbsz\u00f6r meger\u0151s\u00edtett sz\u00e1nd\u00e9ka szerint azok az EU-\u00e1llampolg\u00e1rok, akik a brit EU-tags\u00e1g megsz\u0171n\u00e9s\u00e9nek v\u00e1rhat\u00f3 id\u0151pontj\u00e1ban, 2019. m\u00e1rcius 29-\u00e9n m\u00e1r \u00f6t \u00e9ve folyamatosan \u00e9s t\u00f6rv\u00e9nyesen Nagy-Britanni\u00e1ban tart\u00f3zkodnak, letelepedett st\u00e1tust kaphatnak, a brit \u00e1llampolg\u00e1rok\u00e9val azonos jogosults\u00e1gokkal.<br \/>\n    Akik a brit EU-tags\u00e1g megsz\u0171n\u00e9s\u00e9nek napj\u00e1ig \u00f6t \u00e9vn\u00e9l kevesebb ideje, de szint\u00e9n \u00e9letvitelszer\u0171en \u00e9s t\u00f6rv\u00e9nyesen Nagy-Britanni\u00e1ban tart\u00f3zkodnak, ugyancsak maradhatnak, am\u00edg nagy-britanniai tart\u00f3zkod\u00e1suk id\u0151tartama el\u00e9ri az \u00f6t \u00e9vet, \u00e9s onnant\u00f3l \u0151k is \u00e1lland\u00f3 tart\u00f3zkod\u00e1si enged\u00e9lyhez juthatnak, szint\u00e9n a jelenlegivel azonos, vagyis gyakorlatilag teljes k\u00f6r\u0171 \u00e1llampolg\u00e1ri jogosults\u00e1gokkal.<br \/>\n    A brit korm\u00e1ny tervei szerint azonban azoknak az EU-\u00e1llampolg\u00e1roknak, akik a brit EU-tags\u00e1g megsz\u0171n\u00e9se ut\u00e1n kezd\u0151d\u0151 &#8211; London sz\u00e1nd\u00e9kai alapj\u00e1n legfeljebb k\u00e9t\u00e9vi &#8211; \u00e1tmeneti id\u0151szakban \u00e9rkeznek Nagy-Britanni\u00e1ba, m\u00e1r regisztr\u00e1ci\u00f3s k\u00f6telezetts\u00e9g\u00fck lenne.<br \/>\n    Theresa May minisztereln\u00f6k t\u00f6bbsz\u00f6r hangoztatott \u00e1ll\u00e1spontja szerint ez is a majdani \u00faj brit bev\u00e1ndorl\u00e1si rendszer el\u0151k\u00e9sz\u00edt\u00e9s\u00e9nek r\u00e9sze lesz.<br \/>\n    A brit korm\u00e1ny az\u00e9rt szeretne meg\u00e1llapod\u00e1sra jutni a Brexit ut\u00e1ni \u00e1tmeneti id\u0151szakr\u00f3l az EU-val, mert v\u00e9lem\u00e9nye szerint a brit EU-tags\u00e1g megsz\u0171n\u00e9s\u00e9nek j\u00f6v\u0151 m\u00e1rciusra v\u00e1rhat\u00f3 id\u0151pontj\u00e1ban m\u00e9g sem az Egyes\u00fclt Kir\u00e1lys\u00e1g, sem az Eur\u00f3pai Uni\u00f3, sem az EU-tag\u00e1llamok nem lesznek abban a helyzetben, hogy z\u00f6kken\u0151mentesen meghonos\u00edthass\u00e1k az \u00faj kapcsolatok felt\u00e9telrendszer\u00e9nek sz\u00e1mos elem\u00e9t.<br \/>\n    E k\u00e9rd\u00e9sben azonban m\u00e1ris vita van London \u00e9s az EU k\u00f6z\u00f6tt. Az Eur\u00f3pai Uni\u00f3 nemr\u00e9giben elfogadott t\u00e1rgyal\u00e1si ir\u00e1nyelvei szerint ugyanis Nagy-Britanni\u00e1nak az \u00e1tmeneti id\u0151szakban is a EU v\u00e1muni\u00f3j\u00e1ban \u00e9s egys\u00e9ges piac\u00e1n kell maradnia, \u00e9s ebben az id\u0151szakban a jelenlegi gyakorlattal azonos m\u00f3don kell \u00e9rv\u00e9nyes\u00edtenie a k\u00f6z\u00f6ss\u00e9gi jogot, bele\u00e9rtve az EU-\u00e1llampolg\u00e1rok leteleped\u00e9si jogosults\u00e1gait.(MTI)<\/p>\n","protected":false},"excerpt":{"rendered":"<p>A brit bel\u00fcgyminiszter szerint &#8222;hely\u00e9nval\u00f3&#8221;, hogy London k\u00fcl\u00f6nbs\u00e9get akar tenni a brit EU-tags\u00e1g megsz\u0171n\u00e9se el\u0151tt, illetve a kil\u00e9p\u00e9s ut\u00e1n tervezett \u00e1tmeneti id\u0151szakban Nagy-Britanni\u00e1ba \u00e9rkez\u0151 EU-\u00e1llampolg\u00e1rok leteleped\u00e9si jogosults\u00e1gai k\u00f6z\u00f6tt.<\/p>\n","protected":false},"author":1,"featured_media":0,"comment_status":"closed","ping_status":"open","sticky":false,"template":"","format":"standard","meta":[],"categories":[12,246],"tags":[],"_links":{"self":[{"href":"https:\/\/gazdasagportal.hu\/index.php\/wp-json\/wp\/v2\/posts\/102633"}],"collection":[{"href":"https:\/\/gazdasagportal.hu\/index.php\/wp-json\/wp\/v2\/posts"}],"about":[{"href":"https:\/\/gazdasagportal.hu\/index.php\/wp-json\/wp\/v2\/types\/post"}],"author":[{"embeddable":true,"href":"https:\/\/gazdasagportal.hu\/index.php\/wp-json\/wp\/v2\/users\/1"}],"replies":[{"embeddable":true,"href":"https:\/\/gazdasagportal.hu\/index.php\/wp-json\/wp\/v2\/comments?post=102633"}],"version-history":[{"count":1,"href":"https:\/\/gazdasagportal.hu\/index.php\/wp-json\/wp\/v2\/posts\/102633\/revisions"}],"predecessor-version":[{"id":102634,"href":"https:\/\/gazdasagportal.hu\/index.php\/wp-json\/wp\/v2\/posts\/102633\/revisions\/102634"}],"wp:attachment":[{"href":"https:\/\/gazdasagportal.hu\/index.php\/wp-json\/wp\/v2\/media?parent=102633"}],"wp:term":[{"taxonomy":"category","embeddable":true,"href":"https:\/\/gazdasagportal.hu\/index.php\/wp-json\/wp\/v2\/categories?post=102633"},{"taxonomy":"post_tag","embeddable":true,"href":"https:\/\/gazdasagportal.hu\/index.php\/wp-json\/wp\/v2\/tags?post=102633"}],"curies":[{"name":"wp","href":"https:\/\/api.w.org\/{rel}","templated":true}]}}