{"id":102631,"date":"2018-02-04T13:58:21","date_gmt":"2018-02-04T12:58:21","guid":{"rendered":"http:\/\/gazdasagportal.hu\/?p=102631"},"modified":"2018-02-04T13:58:21","modified_gmt":"2018-02-04T12:58:21","slug":"janet-yellen-tavozott-a-fed-elerol","status":"publish","type":"post","link":"https:\/\/gazdasagportal.hu\/index.php\/janet-yellen-tavozott-a-fed-elerol\/","title":{"rendered":"Janet Yellen t\u00e1vozott a Fed \u00e9l\u00e9r\u0151l"},"content":{"rendered":"<p><strong>Janet Yellen, az amerikai jegybank szerep\u00e9t bet\u00f6lt\u0151 Fed vezet\u0151j\u00e9nek mand\u00e1tuma p\u00e9nteken lej\u00e1rt, de nem hagy mag\u00e1nak id\u0151t pihen\u00e9sre, h\u00e9tf\u0151n m\u00e1ris bel\u00e9p \u00faj munkahely\u00e9re.<\/strong><!--more--><\/p>\n<div class=\"ads-in-post1\"><div id=\"gazdasagportal.hu_fullbanner_wideboard\"><\/div>\r\n<\/div>\n<p>    Janet Yellen, k\u00f6vetve el\u0151dei p\u00e9ld\u00e1j\u00e1t, miut\u00e1n t\u00e1vozik a Fed \u00e9l\u00e9r\u0151l, nem marad a korm\u00e1nyz\u00f3tan\u00e1csban sem, \u00e9s teljesen kivonul a monet\u00e1ris politika ir\u00e1ny\u00edt\u00e1s\u00e1b\u00f3l.<br \/>\n    Janet Yellen, aki az els\u0151 n\u0151, aki a Fed \u00e9l\u00e9n \u00e1llt, h\u00e9tf\u0151t\u0151l a washingtoni Brookings Int\u00e9zet vezet\u0151 gazdas\u00e1gi munkat\u00e1rsa lesz, az int\u00e9zm\u00e9nyen bel\u00fcli, a p\u00e9nz\u00fcgyi \u00e9s monet\u00e1ris politik\u00e1t tanulm\u00e1nyoz\u00f3 Hutchins K\u00f6zpontban. Itt dolgozik egy\u00e9bk\u00e9nt kor\u00e1bbi hivatali el\u0151dje, Ben Bernanke is.<br \/>\n    Janet Yellen egy mand\u00e1tumot t\u00f6lt\u00f6tt ki a Fed \u00e9l\u00e9n, \u00e9s b\u00e1r Donald Trump elismer\u0151en sz\u00f3lt a demokrata p\u00e1rti Barack Obama \u00e1ltal kinevezett vezet\u0151 eredm\u00e9nyeir\u0151l, nem szavazott bizalmat neki \u00fajabb n\u00e9gy \u00e9vre, helyette Jerome Powellt aj\u00e1nlotta, aki h\u00e9tf\u0151n teszi le a hivatali esk\u00fct.<br \/>\n    Yellen az utols\u00f3, p\u00e9nteki munkanapj\u00e1n k\u00e9sz\u00fclt telev\u00edzi\u00f3s interj\u00faban el\u0151sz\u00f6r ismerte el, hogy csal\u00f3dott, ami\u00e9rt Donald Trump eln\u00f6k nem jel\u00f6lte \u00fajabb n\u00e9gy \u00e9vre. \u00cdgy \u0151 lett az els\u0151 Fed vezet\u0151 n\u00e9gy \u00e9vtizeden bel\u00fcl, akinek nem adatott meg a m\u00e1sodik mand\u00e1tum.<br \/>\n<div class=\"ads-in-post2\"><script async src=\"https:\/\/pagead2.googlesyndication.com\/pagead\/js\/adsbygoogle.js\"><\/script>\r\n<ins class=\"adsbygoogle\"\r\n     style=\"display:block\"\r\n     data-ad-format=\"fluid\"\r\n     data-ad-layout-key=\"-6t+ed+2i-1n-4w\"\r\n     data-ad-client=\"ca-pub-1959107119989764\"\r\n     data-ad-slot=\"4008251320\"><\/ins>\r\n<script>\r\n     (adsbygoogle = window.adsbygoogle || []).push({});\r\n<\/script><\/div>\n    Cs\u00fct\u00f6rt\u00f6k\u00f6n, a Fed t\u00f6bbsz\u00e1z munkat\u00e1rs\u00e1nak r\u00e9szv\u00e9tel\u00e9vel \u00e1llom\u00e1nygy\u0171l\u00e9st tartottak, a dolgoz\u00f3k az \u00e9p\u00fclet \u00f3ri\u00e1si \u00e1trium\u00e1ban kitart\u00f3 tapsvihar mellett b\u00facs\u00faztatt\u00e1k Yellent, aki azt mondta, hogy &#8222;j\u00f3 kezekben lesznek ut\u00f3dja alatt&#8221;.<br \/>\n    Ut\u00f3dja, Jerome Powell m\u00e9ltat\u00e1s\u00e1ban kiemelte, hogy Yellen &#8222;a legszakk\u00e9pzettebb szem\u00e9ly, aki valaha a Fed \u00e9l\u00e9n \u00e1llt&#8221;.<br \/>\n    A 64 \u00e9ves Powell \u00e9vek \u00f3ta egy\u00fctt dolgozik Yellennel, miut\u00e1n  2012 \u00f3ta a Fed korm\u00e1nyz\u00f3tan\u00e1cs\u00e1nak a tagja. Power lesz egy\u00e9bk\u00e9nt az els\u0151 Fed vezet\u0151, aki nem k\u00f6zgazd\u00e1sz.<br \/>\n    Yellen \u00e9s Powell a monet\u00e1ris politika tekintet\u00e9ben egyar\u00e1nt &#8222;galambnak&#8221; sz\u00e1m\u00edt, a piacok az \u00faj Fed eln\u00f6kt\u0151l a Yellen \u00e1ltal lefektetett monet\u00e1ris politikai ir\u00e1nyvonal folytat\u00e1s\u00e1t v\u00e1rj\u00e1k.<br \/>\n    Janet Yellen ir\u00e1ny\u00edt\u00e1sa alatt a Fed 2014 m\u00e1sodik fel\u00e9ben felhagyott a gazdas\u00e1g\u00e9l\u00e9nk\u00edt\u0151 \u00e1llampap\u00edr-v\u00e1s\u00e1rl\u00e1si programmal.  Ezen k\u00edv\u00fcl 2015 december\u00e9ben megkezdte az alapkamat igen lass\u00fa emel\u00e9s\u00e9t, m\u00e9g hozz\u00e1 \u00fagy, hogy ez nem okozott fesz\u00fclts\u00e9get a p\u00e9nzpiacokon \u00e9s nem szabott g\u00e1tat a gazdas\u00e1g fokozatos er\u0151s\u00f6d\u00e9s\u00e9nek sem. A k\u00f6vetkez\u0151 kamatd\u00f6nt\u00e9s egy \u00e9vvel k\u00e9s\u0151bb, 2016 december\u00e9ben volt. Tavaly a Fed h\u00e1romszor emelt kamatot.<br \/>\n    Janet Yellen p\u00e9nteken azt mondta, hogy a stabil gazdas\u00e1gi n\u00f6veked\u00e9s, a b\u00e9rek gyorsabb emelked\u00e9se \u00e9s a mind kevesebb munkan\u00e9lk\u00fcli lehet\u0151v\u00e9 teszi, hogy a Fed folytassa a fokozatos kamatemel\u00e9st. A Fed az idei \u00e9vre h\u00e1rom \u00fajabb kamatemel\u00e9ssel sz\u00e1mol.(MTI)<\/p>\n","protected":false},"excerpt":{"rendered":"<p>Janet Yellen, az amerikai jegybank szerep\u00e9t bet\u00f6lt\u0151 Fed vezet\u0151j\u00e9nek mand\u00e1tuma p\u00e9nteken lej\u00e1rt, de nem hagy mag\u00e1nak id\u0151t pihen\u00e9sre, h\u00e9tf\u0151n m\u00e1ris bel\u00e9p \u00faj munkahely\u00e9re.<\/p>\n","protected":false},"author":1,"featured_media":0,"comment_status":"closed","ping_status":"open","sticky":false,"template":"","format":"standard","meta":[],"categories":[13,8,246],"tags":[],"_links":{"self":[{"href":"https:\/\/gazdasagportal.hu\/index.php\/wp-json\/wp\/v2\/posts\/102631"}],"collection":[{"href":"https:\/\/gazdasagportal.hu\/index.php\/wp-json\/wp\/v2\/posts"}],"about":[{"href":"https:\/\/gazdasagportal.hu\/index.php\/wp-json\/wp\/v2\/types\/post"}],"author":[{"embeddable":true,"href":"https:\/\/gazdasagportal.hu\/index.php\/wp-json\/wp\/v2\/users\/1"}],"replies":[{"embeddable":true,"href":"https:\/\/gazdasagportal.hu\/index.php\/wp-json\/wp\/v2\/comments?post=102631"}],"version-history":[{"count":1,"href":"https:\/\/gazdasagportal.hu\/index.php\/wp-json\/wp\/v2\/posts\/102631\/revisions"}],"predecessor-version":[{"id":102632,"href":"https:\/\/gazdasagportal.hu\/index.php\/wp-json\/wp\/v2\/posts\/102631\/revisions\/102632"}],"wp:attachment":[{"href":"https:\/\/gazdasagportal.hu\/index.php\/wp-json\/wp\/v2\/media?parent=102631"}],"wp:term":[{"taxonomy":"category","embeddable":true,"href":"https:\/\/gazdasagportal.hu\/index.php\/wp-json\/wp\/v2\/categories?post=102631"},{"taxonomy":"post_tag","embeddable":true,"href":"https:\/\/gazdasagportal.hu\/index.php\/wp-json\/wp\/v2\/tags?post=102631"}],"curies":[{"name":"wp","href":"https:\/\/api.w.org\/{rel}","templated":true}]}}