{"id":102629,"date":"2018-02-04T12:11:53","date_gmt":"2018-02-04T11:11:53","guid":{"rendered":"http:\/\/gazdasagportal.hu\/?p=102629"},"modified":"2018-02-04T12:15:13","modified_gmt":"2018-02-04T11:15:13","slug":"peldatlan-mennyisegu-ho-hullott-a-hetvegen-moszkvaban","status":"publish","type":"post","link":"https:\/\/gazdasagportal.hu\/index.php\/peldatlan-mennyisegu-ho-hullott-a-hetvegen-moszkvaban\/","title":{"rendered":"P\u00e9ld\u00e1tlan mennyis\u00e9g\u0171 h\u00f3 hullott a h\u00e9tv\u00e9g\u00e9n Moszkv\u00e1ban"},"content":{"rendered":"<p><strong>P\u00e9ld\u00e1tlan mennyis\u00e9g\u0171 h\u00f3 hullott a h\u00e9tv\u00e9g\u00e9n Moszkv\u00e1ban, ami komoly k\u00f6zleked\u00e9si fennakad\u00e1sokat \u00e9s hal\u00e1los balesetet okozott.<\/strong><!--more--><\/p>\n<div class=\"ads-in-post1\"><div id=\"gazdasagportal.hu_fullbanner_wideboard\"><\/div>\r\n<\/div>\n<p>    Szergej Szobjanyin polg\u00e1rmester k\u00f6z\u00f6lte, hogy a hal\u00e1los balesetet egy villanyvezet\u00e9kre zuhan\u00f3 fa okozta. A szerencs\u00e9tlens\u00e9gnek tov\u00e1bbi k\u00e9t s\u00e9r\u00fcltje van.<br \/>\n    A moszkvai rep\u00fcl\u0151tereken szombaton 100, vas\u00e1rnap pedig 85 j\u00e1ratot tartottak vissza vagy t\u00f6r\u00f6ltek. A vonatok k\u00e9snek \u00e9s a f\u0151v\u00e1rosi metr\u00f3 egyik vonal\u00e1nak felsz\u00edni szakasz\u00e1n le kellett \u00e1ll\u00edtani a k\u00f6zleked\u00e9st, mert fa d\u0151lt a p\u00e1ly\u00e1ra.<br \/>\n    A v\u00e1ros utc\u00e1in szombaton 19 k\u00f6zleked\u00e9si balesetben t\u00f6bb mint h\u00faszan s\u00e9r\u00fcltek meg. Az Interfax h\u00edr\u00fcgyn\u00f6ks\u00e9g \u00e1ltal k\u00f6z\u00f6lt vas\u00e1rnap d\u00e9lel\u0151tti \u00f6sszes\u00edt\u00e9s szerint Moszkv\u00e1ban 360 fa d\u0151lt ki.<br \/>\n<div class=\"ads-in-post2\"><script async src=\"https:\/\/pagead2.googlesyndication.com\/pagead\/js\/adsbygoogle.js\"><\/script>\r\n<ins class=\"adsbygoogle\"\r\n     style=\"display:block\"\r\n     data-ad-format=\"fluid\"\r\n     data-ad-layout-key=\"-6t+ed+2i-1n-4w\"\r\n     data-ad-client=\"ca-pub-1959107119989764\"\r\n     data-ad-slot=\"4008251320\"><\/ins>\r\n<script>\r\n     (adsbygoogle = window.adsbygoogle || []).push({});\r\n<\/script><\/div>\n    A Fobosz meteorol\u00f3giai szolg\u00e1lat szerint vas\u00e1rnap reggelig egy nap leforg\u00e1sa alatt f\u00e9lhavi csapad\u00e9kmennyis\u00e9g szakadt r\u00e1 a v\u00e1rosra \u00e9s vas\u00e1rnap tov\u00e1bbi 40 sz\u00e1zal\u00e9knak megfelel\u0151 mennyis\u00e9g\u0171 h\u00f3 v\u00e1rhat\u00f3 m\u00e9g. A h\u00f3r\u00e9teg k\u00e9t nap alatt az el\u0151rejelz\u00e9sek szerint 62 centim\u00e9terrel vastagodhat, ami szak\u00e9rt\u0151k szerint &#8222;sz\u00e1z\u00e9vente csak egyszer fordul el\u0151&#8221;.<br \/>\n    A Rosszija 24 h\u00edrtelev\u00edzi\u00f3 azt k\u00f6z\u00f6lte, hogy a meteorol\u00f3giai m\u00e9r\u00e9sek kezdetek \u00f3ta ekkora h\u00f3es\u00e9s nem volt Moszkv\u00e1ban.<br \/>\n    Szobjanyin szombat \u00e9jjel \u00f3vatoss\u00e1gra intette a moszkvaiakat, a h\u00f3 terhe alatt kid\u0151l\u0151 f\u00e1k \u00e9s villanyoszlopok vesz\u00e9ly\u00e9re figyelmeztetve. A polg\u00e1rmester vas\u00e1rnap arra h\u00edvta fel a figyelmet, hogy a nap folyam\u00e1n m\u00e1sodpercenk\u00e9nt 20 m\u00e9teres sz\u00e9ll\u00f6k\u00e9sek s\u00falyosb\u00edthatj\u00e1k a helyzetet.<br \/>\n    A k\u00f6zter\u00fclet-fenntart\u00f3k rendk\u00edv\u00fcli munkarendben dolgoznak, de a h\u00f3eltakar\u00edt\u00e1s \u00edgy is er\u0151sen akadozik.<br \/>\n    A h\u00edrad\u00e1sok szerint Oroszorsz\u00e1g k\u00f6z\u00e9ps\u0151 r\u00e9sz\u00e9n 19 ezer ember maradt \u00e1ram n\u00e9lk\u00fcl a rendk\u00edv\u00fcl er\u0151s havaz\u00e1s miatt.(MTI)<\/p>\n","protected":false},"excerpt":{"rendered":"<p>P\u00e9ld\u00e1tlan mennyis\u00e9g\u0171 h\u00f3 hullott a h\u00e9tv\u00e9g\u00e9n Moszkv\u00e1ban, ami komoly k\u00f6zleked\u00e9si fennakad\u00e1sokat \u00e9s hal\u00e1los balesetet okozott.<\/p>\n","protected":false},"author":1,"featured_media":0,"comment_status":"closed","ping_status":"open","sticky":false,"template":"","format":"standard","meta":[],"categories":[12],"tags":[],"_links":{"self":[{"href":"https:\/\/gazdasagportal.hu\/index.php\/wp-json\/wp\/v2\/posts\/102629"}],"collection":[{"href":"https:\/\/gazdasagportal.hu\/index.php\/wp-json\/wp\/v2\/posts"}],"about":[{"href":"https:\/\/gazdasagportal.hu\/index.php\/wp-json\/wp\/v2\/types\/post"}],"author":[{"embeddable":true,"href":"https:\/\/gazdasagportal.hu\/index.php\/wp-json\/wp\/v2\/users\/1"}],"replies":[{"embeddable":true,"href":"https:\/\/gazdasagportal.hu\/index.php\/wp-json\/wp\/v2\/comments?post=102629"}],"version-history":[{"count":1,"href":"https:\/\/gazdasagportal.hu\/index.php\/wp-json\/wp\/v2\/posts\/102629\/revisions"}],"predecessor-version":[{"id":102630,"href":"https:\/\/gazdasagportal.hu\/index.php\/wp-json\/wp\/v2\/posts\/102629\/revisions\/102630"}],"wp:attachment":[{"href":"https:\/\/gazdasagportal.hu\/index.php\/wp-json\/wp\/v2\/media?parent=102629"}],"wp:term":[{"taxonomy":"category","embeddable":true,"href":"https:\/\/gazdasagportal.hu\/index.php\/wp-json\/wp\/v2\/categories?post=102629"},{"taxonomy":"post_tag","embeddable":true,"href":"https:\/\/gazdasagportal.hu\/index.php\/wp-json\/wp\/v2\/tags?post=102629"}],"curies":[{"name":"wp","href":"https:\/\/api.w.org\/{rel}","templated":true}]}}