{"id":102625,"date":"2018-02-03T21:08:51","date_gmt":"2018-02-03T20:08:51","guid":{"rendered":"http:\/\/gazdasagportal.hu\/?p=102625"},"modified":"2018-02-03T21:08:51","modified_gmt":"2018-02-03T20:08:51","slug":"havazas-orszagszerte-tobb-helyen-megmaradt-a-ho","status":"publish","type":"post","link":"https:\/\/gazdasagportal.hu\/index.php\/havazas-orszagszerte-tobb-helyen-megmaradt-a-ho\/","title":{"rendered":"Havaz\u00e1s &#8211; Orsz\u00e1gszerte t\u00f6bb helyen megmaradt a h\u00f3"},"content":{"rendered":"<p><strong>Orsz\u00e1gszerte t\u00f6bb helyen megmaradt a szombaton lehullott h\u00f3, de csak a hegyvid\u00e9keken alakult ki jelent\u0151sebb h\u00f3r\u00e9teg.<\/strong><!--more--><\/p>\n<div class=\"ads-in-post1\"><div id=\"gazdasagportal.hu_fullbanner_wideboard\"><\/div>\r\n<\/div>\n<p>    Az Orsz\u00e1gos Meteorol\u00f3giai Szolg\u00e1lat szombatra a f\u00e9l orsz\u00e1gra &#8211; k\u00f6zt\u00fck a f\u0151v\u00e1rosra &#8211; adott ki els\u0151fok\u00fa figyelmeztet\u00e9st a havaz\u00e1s miatt. Az \u00e9rintett ter\u00fcleteken a nap folyam\u00e1n kisebb \u00e9s nagyobb intenzit\u00e1ssal havazott. T\u00f6bb helyen jelenleg is esik a h\u00f3.<br \/>\n    A meteorol\u00f3giai szolg\u00e1lat d\u00e9lut\u00e1ni adatai szerint a hegyvid\u00e9keken alakult ki vastagabb h\u00f3takar\u00f3, K\u00e9kestet\u0151n 17 centim\u00e9teres h\u00f3r\u00e9teget m\u00e9rtek.<br \/>\n    S\u00edkvid\u00e9keken jellemz\u0151en n\u00e9h\u00e1ny centim\u00e9teres a h\u00f3vastags\u00e1g, emellett t\u00f6bbfel\u00e9 alakult ki h\u00f3lepel, illetve h\u00f3folt.<br \/>\n<div class=\"ads-in-post2\"><script async src=\"https:\/\/pagead2.googlesyndication.com\/pagead\/js\/adsbygoogle.js\"><\/script>\r\n<ins class=\"adsbygoogle\"\r\n     style=\"display:block\"\r\n     data-ad-format=\"fluid\"\r\n     data-ad-layout-key=\"-6t+ed+2i-1n-4w\"\r\n     data-ad-client=\"ca-pub-1959107119989764\"\r\n     data-ad-slot=\"4008251320\"><\/ins>\r\n<script>\r\n     (adsbygoogle = window.adsbygoogle || []).push({});\r\n<\/script><\/div>\n    A havaz\u00e1s miatt szombatra kiadott figyelmeztet\u00e9seket kora este majdnem mindenhol visszavont\u00e1k. M\u00e1r csak Borsod-Aba\u00faj-Zempl\u00e9n megy\u00e9ben van \u00e9rv\u00e9nyben els\u0151fok\u00fa figyelmeztet\u00e9s.<br \/>\n    Az MTI-hez eljuttatott vesz\u00e9lyjelz\u00e9s\u00fckben azt \u00edrt\u00e1k: az intenz\u00edv csapad\u00e9k z\u00f3n\u00e1ja egyre ink\u00e1bb a keleti, \u00e9szakkeleti ter\u00fcletekre korl\u00e1toz\u00f3dik. Ott m\u00e9g vegyesen es\u0151, havas es\u0151 \u00e9s h\u00f3 egyar\u00e1nt eshet. A hegyvid\u00e9ki ter\u00fcleteken m\u00e9g egy \u00fajabb, mintegy 5 centim\u00e9ternyi h\u00f3 eshet, s\u00edkvid\u00e9ken ink\u00e1bb csak \u00e1tmenetileg megmarad\u00f3, latyakos, legfeljebb n\u00e9h\u00e1ny centis r\u00e9teg alakulhat ki. Vas\u00e1rnap fokozatosan megsz\u0171nik a csapad\u00e9k, legfeljebb n\u00e9hol fordulhat el\u0151 z\u00e1poros csapad\u00e9k.<br \/>\n    A jelenlegi el\u0151rejelz\u00e9sek szerint a k\u00f6vetkez\u0151 napokban sz\u00e1raz, de hideg id\u0151 v\u00e1rhat\u00f3, n\u00e9hol ak\u00e1r m\u00ednusz 10 Celsius-fokig is h\u0171lhet a leveg\u0151. Szerd\u00e1n v\u00e1rhat\u00f3 ism\u00e9t havaz\u00e1s, s a jelenlegi sz\u00e1m\u00edt\u00e1sok szerint ak\u00e1r s\u00edkvid\u00e9keken is jelent\u0151sebb h\u00f3takar\u00f3 alakulhat ki.(MTI)<\/p>\n","protected":false},"excerpt":{"rendered":"<p>Orsz\u00e1gszerte t\u00f6bb helyen megmaradt a szombaton lehullott h\u00f3, de csak a hegyvid\u00e9keken alakult ki jelent\u0151sebb h\u00f3r\u00e9teg.<\/p>\n","protected":false},"author":1,"featured_media":0,"comment_status":"closed","ping_status":"open","sticky":false,"template":"","format":"standard","meta":[],"categories":[4],"tags":[],"_links":{"self":[{"href":"https:\/\/gazdasagportal.hu\/index.php\/wp-json\/wp\/v2\/posts\/102625"}],"collection":[{"href":"https:\/\/gazdasagportal.hu\/index.php\/wp-json\/wp\/v2\/posts"}],"about":[{"href":"https:\/\/gazdasagportal.hu\/index.php\/wp-json\/wp\/v2\/types\/post"}],"author":[{"embeddable":true,"href":"https:\/\/gazdasagportal.hu\/index.php\/wp-json\/wp\/v2\/users\/1"}],"replies":[{"embeddable":true,"href":"https:\/\/gazdasagportal.hu\/index.php\/wp-json\/wp\/v2\/comments?post=102625"}],"version-history":[{"count":1,"href":"https:\/\/gazdasagportal.hu\/index.php\/wp-json\/wp\/v2\/posts\/102625\/revisions"}],"predecessor-version":[{"id":102626,"href":"https:\/\/gazdasagportal.hu\/index.php\/wp-json\/wp\/v2\/posts\/102625\/revisions\/102626"}],"wp:attachment":[{"href":"https:\/\/gazdasagportal.hu\/index.php\/wp-json\/wp\/v2\/media?parent=102625"}],"wp:term":[{"taxonomy":"category","embeddable":true,"href":"https:\/\/gazdasagportal.hu\/index.php\/wp-json\/wp\/v2\/categories?post=102625"},{"taxonomy":"post_tag","embeddable":true,"href":"https:\/\/gazdasagportal.hu\/index.php\/wp-json\/wp\/v2\/tags?post=102625"}],"curies":[{"name":"wp","href":"https:\/\/api.w.org\/{rel}","templated":true}]}}