{"id":102590,"date":"2018-02-02T11:45:43","date_gmt":"2018-02-02T10:45:43","guid":{"rendered":"http:\/\/gazdasagportal.hu\/?p=102590"},"modified":"2018-02-02T11:45:43","modified_gmt":"2018-02-02T10:45:43","slug":"lelassult-az-ipari-termeloi-arak-novekedese-az-eu-ban","status":"publish","type":"post","link":"https:\/\/gazdasagportal.hu\/index.php\/lelassult-az-ipari-termeloi-arak-novekedese-az-eu-ban\/","title":{"rendered":"Lelassult az ipari termel\u0151i \u00e1rak n\u00f6veked\u00e9se az EU-ban"},"content":{"rendered":"<p><strong>Lelassult decemberben az ipari termel\u0151i \u00e1rak n\u00f6veked\u00e9si \u00fcteme az Eur\u00f3pai Uni\u00f3ban &#8211; mutatj\u00e1k az Eurostat adatai.<\/strong><!--more--><\/p>\n<div class=\"ads-in-post1\"><div id=\"gazdasagportal.hu_fullbanner_wideboard\"><\/div>\r\n<\/div>\n<p>    Az uni\u00f3 statisztikai hivatala p\u00e9nteken k\u00f6z\u00f6lte, hogy becsl\u00e9se szerint 2017 december\u00e9ben a belf\u00f6ldi termel\u0151i \u00e1rindex az eur\u00f3\u00f6vezetben 0,2 sz\u00e1zal\u00e9kkal, az uni\u00f3 eg\u00e9sz\u00e9ben pedig 0,1 sz\u00e1zal\u00e9kkal emelkedett az el\u0151z\u0151 h\u00f3naphoz k\u00e9pest a novemberi 0,6 sz\u00e1zal\u00e9k , illetve 0,7 sz\u00e1zal\u00e9k ut\u00e1n.<br \/>\n    Tavaly decemberhez viszony\u00edtva az eur\u00f3\u00f6vezetben 2,2 sz\u00e1zal\u00e9kkal, az EU 28 tag\u00e1llam\u00e1ban pedig 2,4 sz\u00e1zal\u00e9kkal mentek f\u00f6l az ipari termel\u0151i \u00e1rak.<br \/>\n<div class=\"ads-in-post2\"><script async src=\"https:\/\/pagead2.googlesyndication.com\/pagead\/js\/adsbygoogle.js\"><\/script>\r\n<ins class=\"adsbygoogle\"\r\n     style=\"display:block\"\r\n     data-ad-format=\"fluid\"\r\n     data-ad-layout-key=\"-6t+ed+2i-1n-4w\"\r\n     data-ad-client=\"ca-pub-1959107119989764\"\r\n     data-ad-slot=\"4008251320\"><\/ins>\r\n<script>\r\n     (adsbygoogle = window.adsbygoogle || []).push({});\r\n<\/script><\/div>\n    A m\u00falt \u00e9v eg\u00e9sz\u00e9ben az ipari termel\u0151i \u00e1rak az eur\u00f3z\u00f3n\u00e1ban 3,1 sz\u00e1zal\u00e9kkal, az uni\u00f3 eg\u00e9sz\u00e9ben pedig 3,4 sz\u00e1zal\u00e9kkal emelkedtek.<br \/>\n    Az Eurostat adatai szerint Magyarorsz\u00e1gon decemberben novemberhez k\u00e9pest 0,1 sz\u00e1zal\u00e9kkal cs\u00f6kkentek, 2016 december\u00e9hez viszony\u00edtva pedig 3,4 sz\u00e1zal\u00e9kkal emelkedtek a belf\u00f6ldi termel\u0151i \u00e1rak.<br \/>\n    A KSH cs\u00fct\u00f6rt\u00f6k\u00f6n azt k\u00f6z\u00f6lte, hogy a belf\u00f6ldi \u00e9rt\u00e9kes\u00edt\u00e9si \u00e1rak a m\u00falt \u00e9v december\u00e9ben \u00e9ves \u00f6sszevet\u00e9sben 3,6 sz\u00e1zal\u00e9kkal n\u0151ttek. A tavalyi \u00e9v eg\u00e9sz\u00e9ben a belf\u00f6ldi \u00e9rt\u00e9kes\u00edt\u00e9si \u00e1rak 2016-hoz k\u00e9pest 4,7 sz\u00e1zal\u00e9kkal mentek f\u00f6l.(MTI)<\/p>\n","protected":false},"excerpt":{"rendered":"<p>Lelassult decemberben az ipari termel\u0151i \u00e1rak n\u00f6veked\u00e9si \u00fcteme az Eur\u00f3pai Uni\u00f3ban &#8211; mutatj\u00e1k az Eurostat adatai.<\/p>\n","protected":false},"author":1,"featured_media":0,"comment_status":"closed","ping_status":"open","sticky":false,"template":"","format":"standard","meta":[],"categories":[246],"tags":[],"_links":{"self":[{"href":"https:\/\/gazdasagportal.hu\/index.php\/wp-json\/wp\/v2\/posts\/102590"}],"collection":[{"href":"https:\/\/gazdasagportal.hu\/index.php\/wp-json\/wp\/v2\/posts"}],"about":[{"href":"https:\/\/gazdasagportal.hu\/index.php\/wp-json\/wp\/v2\/types\/post"}],"author":[{"embeddable":true,"href":"https:\/\/gazdasagportal.hu\/index.php\/wp-json\/wp\/v2\/users\/1"}],"replies":[{"embeddable":true,"href":"https:\/\/gazdasagportal.hu\/index.php\/wp-json\/wp\/v2\/comments?post=102590"}],"version-history":[{"count":1,"href":"https:\/\/gazdasagportal.hu\/index.php\/wp-json\/wp\/v2\/posts\/102590\/revisions"}],"predecessor-version":[{"id":102591,"href":"https:\/\/gazdasagportal.hu\/index.php\/wp-json\/wp\/v2\/posts\/102590\/revisions\/102591"}],"wp:attachment":[{"href":"https:\/\/gazdasagportal.hu\/index.php\/wp-json\/wp\/v2\/media?parent=102590"}],"wp:term":[{"taxonomy":"category","embeddable":true,"href":"https:\/\/gazdasagportal.hu\/index.php\/wp-json\/wp\/v2\/categories?post=102590"},{"taxonomy":"post_tag","embeddable":true,"href":"https:\/\/gazdasagportal.hu\/index.php\/wp-json\/wp\/v2\/tags?post=102590"}],"curies":[{"name":"wp","href":"https:\/\/api.w.org\/{rel}","templated":true}]}}