{"id":102501,"date":"2018-01-31T07:28:44","date_gmt":"2018-01-31T06:28:44","guid":{"rendered":"http:\/\/gazdasagportal.hu\/?p=102501"},"modified":"2018-01-31T07:28:44","modified_gmt":"2018-01-31T06:28:44","slug":"ejfelkor-lejarnak-a-tavalyi-eves-orszagos-es-megyei-matricak","status":"publish","type":"post","link":"https:\/\/gazdasagportal.hu\/index.php\/ejfelkor-lejarnak-a-tavalyi-eves-orszagos-es-megyei-matricak\/","title":{"rendered":"\u00c9jf\u00e9lkor lej\u00e1rnak a tavalyi \u00e9ves orsz\u00e1gos \u00e9s megyei matric\u00e1k"},"content":{"rendered":"<p><strong>Lej\u00e1r szerda \u00e9jf\u00e9lkor a tavaly v\u00e1s\u00e1rolt orsz\u00e1gos \u00e9s megyei \u00e9ves aut\u00f3p\u00e1lya-matric\u00e1k \u00e9rv\u00e9nyess\u00e9ge.<\/strong><!--more--><\/p>\n<div class=\"ads-in-post1\"><div id=\"gazdasagportal.hu_fullbanner_wideboard\"><\/div>\r\n<\/div>\n<p>A Nemzeti \u00datd\u00edjfizet\u00e9si Szolg\u00e1ltat\u00f3 (N\u00daSZ) Zrt. kor\u00e1bbi t\u00e1j\u00e9koztat\u00e1sa szerint az idei \u00e9vre megv\u00e1ltott \u00e9ves matric\u00e1k is 2019. janu\u00e1r 31-ig lesznek \u00e9rv\u00e9nyesek. A d\u00edjak az id\u00e9n nem v\u00e1ltoznak.<br \/>\n\u00daj matric\u00e1t az interneten kereszt\u00fcl is lehet v\u00e1s\u00e1rolni az\u00a0<strong><a title=\"Hely megnyit\u00e1sa\" href=\"https:\/\/e-autopalyamatrica.hu\/\" target=\"_blank\" rel=\"noopener noreferrer\">https:\/\/e-autopalyamatrica.hu\/<\/a><\/strong>\u00a0oldalon. A rendsz\u00e1mot \u00e9s a d\u00edjkateg\u00f3ri\u00e1t mindig ellen\u0151rizni kell, mivel a hib\u00e1s adatokkal megv\u00e1ltott matrica eset\u00e9n p\u00f3td\u00edjat kell fizetni. Az elektronikus v\u00e1s\u00e1rl\u00e1st a nyugt\u00e1z\u00f3 \u00e9rtes\u00edt\u00e9s igazolja.<br \/>\n<div class=\"ads-in-post2\"><script async src=\"https:\/\/pagead2.googlesyndication.com\/pagead\/js\/adsbygoogle.js\"><\/script>\r\n<ins class=\"adsbygoogle\"\r\n     style=\"display:block\"\r\n     data-ad-format=\"fluid\"\r\n     data-ad-layout-key=\"-6t+ed+2i-1n-4w\"\r\n     data-ad-client=\"ca-pub-1959107119989764\"\r\n     data-ad-slot=\"4008251320\"><\/ins>\r\n<script>\r\n     (adsbygoogle = window.adsbygoogle || []).push({});\r\n<\/script><\/div>\nAz \u00fathaszn\u00e1lati jogosults\u00e1got a fizet\u0151s \u00fatszakaszra hajt\u00e1s el\u0151tt meg kell v\u00e1ltani, az e-matrica megv\u00e1s\u00e1rl\u00e1sa nem jelent visszamen\u0151leges jogos \u00fathaszn\u00e1latot &#8211; figyelmeztetett a N\u00daSZ.<br \/>\nAz \u00faj szab\u00e1lyoz\u00e1s szerint a p\u00f3td\u00edjfizet\u00e9s elker\u00fclhet\u0151, ha a jogosults\u00e1g n\u00e9lk\u00fcl fizet\u0151s \u00fatszakaszra hajt\u00f3k egy \u00f3r\u00e1n bel\u00fcl megv\u00e1ltj\u00e1k az e-matric\u00e1t.<br \/>\nAz id\u00e9n b\u0151v\u00fclt a d\u00edjk\u00f6teles utak k\u00f6re: Gy\u0151r-Moson-Sopron megy\u00e9ben az M85-\u00f6s Csorn\u00e1t elker\u00fcl\u0151 m\u00e1sodik szakasz\u00e1n, valamint Hajd\u00fa-Bihar megy\u00e9ben az M35-\u00f6s Debrecen-Beretty\u00f3\u00fajfalu szakasz\u00e1n m\u00e1r fizetni kell.(MTI)<\/p>\n<p>&nbsp;<\/p><div id=\"gazda-950953331\" class=\"gazda-tartalomban gazda-entity-placement\"><script async src=\"https:\/\/pagead2.googlesyndication.com\/pagead\/js\/adsbygoogle.js\"><\/script>\r\n<ins class=\"adsbygoogle\"\r\n     style=\"display:block\"\r\n     data-ad-format=\"fluid\"\r\n     data-ad-layout-key=\"-6t+ed+2i-1n-4w\"\r\n     data-ad-client=\"ca-pub-1959107119989764\"\r\n     data-ad-slot=\"4008251320\"><\/ins>\r\n<script>\r\n     (adsbygoogle = window.adsbygoogle || []).push({});\r\n<\/script><\/div>\n","protected":false},"excerpt":{"rendered":"<p>Lej\u00e1r szerda \u00e9jf\u00e9lkor a tavaly v\u00e1s\u00e1rolt orsz\u00e1gos \u00e9s megyei \u00e9ves aut\u00f3p\u00e1lya-matric\u00e1k \u00e9rv\u00e9nyess\u00e9ge.<\/p>\n","protected":false},"author":1,"featured_media":0,"comment_status":"closed","ping_status":"open","sticky":false,"template":"","format":"standard","meta":[],"categories":[4],"tags":[],"_links":{"self":[{"href":"https:\/\/gazdasagportal.hu\/index.php\/wp-json\/wp\/v2\/posts\/102501"}],"collection":[{"href":"https:\/\/gazdasagportal.hu\/index.php\/wp-json\/wp\/v2\/posts"}],"about":[{"href":"https:\/\/gazdasagportal.hu\/index.php\/wp-json\/wp\/v2\/types\/post"}],"author":[{"embeddable":true,"href":"https:\/\/gazdasagportal.hu\/index.php\/wp-json\/wp\/v2\/users\/1"}],"replies":[{"embeddable":true,"href":"https:\/\/gazdasagportal.hu\/index.php\/wp-json\/wp\/v2\/comments?post=102501"}],"version-history":[{"count":1,"href":"https:\/\/gazdasagportal.hu\/index.php\/wp-json\/wp\/v2\/posts\/102501\/revisions"}],"predecessor-version":[{"id":102502,"href":"https:\/\/gazdasagportal.hu\/index.php\/wp-json\/wp\/v2\/posts\/102501\/revisions\/102502"}],"wp:attachment":[{"href":"https:\/\/gazdasagportal.hu\/index.php\/wp-json\/wp\/v2\/media?parent=102501"}],"wp:term":[{"taxonomy":"category","embeddable":true,"href":"https:\/\/gazdasagportal.hu\/index.php\/wp-json\/wp\/v2\/categories?post=102501"},{"taxonomy":"post_tag","embeddable":true,"href":"https:\/\/gazdasagportal.hu\/index.php\/wp-json\/wp\/v2\/tags?post=102501"}],"curies":[{"name":"wp","href":"https:\/\/api.w.org\/{rel}","templated":true}]}}