{"id":102495,"date":"2018-01-31T04:04:37","date_gmt":"2018-01-31T03:04:37","guid":{"rendered":"http:\/\/gazdasagportal.hu\/?p=102495"},"modified":"2018-01-30T20:33:03","modified_gmt":"2018-01-30T19:33:03","slug":"rettegesben-tartotta-falujat-es-rendorokre-tamadt-egy-zalai-ferfi","status":"publish","type":"post","link":"https:\/\/gazdasagportal.hu\/index.php\/rettegesben-tartotta-falujat-es-rendorokre-tamadt-egy-zalai-ferfi\/","title":{"rendered":"Retteg\u00e9sben tartotta faluj\u00e1t \u00e9s rend\u0151r\u00f6kre t\u00e1madt egy zalai f\u00e9rfi"},"content":{"rendered":"<p><strong>K\u00e9nyszergy\u00f3gykezel\u00e9st ind\u00edtv\u00e1nyoz az \u00fcgy\u00e9szs\u00e9g egy zalai f\u00e9rfi ellen, aki lak\u00f3hely\u00e9nek k\u00f6z\u00f6ss\u00e9g\u00e9t folyamatosan retteg\u00e9sben tartotta, a rend\u0151r\u00f6kre pedig vasvill\u00e1val t\u00e1madt &#8211; t\u00e1j\u00e9koztatta a Zala Megyei F\u0151\u00fcgy\u00e9szs\u00e9g sz\u00f3viv\u0151je kedden az MTI-t.<\/strong><!--more--><\/p>\n<div class=\"ads-in-post1\"><div id=\"gazdasagportal.hu_fullbanner_wideboard\"><\/div>\r\n<\/div>\n    Pirger Csaba k\u00f6z\u00f6lte: a kor\u00e1bban m\u00e1r cselekv\u0151k\u00e9pess\u00e9get kiz\u00e1r\u00f3 gondnoks\u00e1g al\u00e1 helyezett 53 \u00e9ves f\u00e9rfi 2016 \u0151sz\u00e9t\u0151l &#8222;faluk\u00f6z\u00f6ss\u00e9g\u00e9nek r\u00e9m\u00e9v\u00e9 v\u00e1lt&#8221;. Az \u00e9lelmiszerboltban el\u0151zetes sz\u00f3v\u00e1lt\u00e1s n\u00e9lk\u00fcl szidalmazott, majd arcul \u00fct\u00f6tt egy id\u0151s asszonyt, egy h\u00e1zasp\u00e1rt ver\u00e9ssel \u00e9s meg\u00f6l\u00e9ssel fenyegetett. A h\u00e1za el\u0151tt s\u00e9t\u00e1l\u00f3 f\u00e9rfira azzal t\u00e1madt, hogy \u00f6zveggy\u00e9 teszi a feles\u00e9g\u00e9t, mert elv\u00e1gja a tork\u00e1t. Egy m\u00e1siknak t\u00f6bbsz\u00f6r is azt mondta, hogy meg\u00f6li. Rendszeresen fenyegetett ver\u00e9ssel m\u00e1sokat is, volt, akinek a h\u00e1z\u00e1t akarta felgy\u00fajtani.<br \/>\n<div class=\"ads-in-post2\"><script async src=\"https:\/\/pagead2.googlesyndication.com\/pagead\/js\/adsbygoogle.js\"><\/script>\r\n<ins class=\"adsbygoogle\"\r\n     style=\"display:block\"\r\n     data-ad-format=\"fluid\"\r\n     data-ad-layout-key=\"-6t+ed+2i-1n-4w\"\r\n     data-ad-client=\"ca-pub-1959107119989764\"\r\n     data-ad-slot=\"4008251320\"><\/ins>\r\n<script>\r\n     (adsbygoogle = window.adsbygoogle || []).push({});\r\n<\/script><\/div>\n    Tavaly m\u00e1rciusban a szomsz\u00e9d k\u00e9rt rend\u0151ri seg\u00edts\u00e9get, mert a f\u00e9rfi vasvill\u00e1val t\u00e1madt r\u00e1, ami\u00e9rt a t\u00e9v\u00e9n\u00e9z\u00e9sben zavarta a szomsz\u00e9dja kerti munk\u00e1ja. A rend\u0151r\u00f6kkel szemben is agressz\u00edven l\u00e9pett fel, vasvill\u00e1val t\u00e1madt r\u00e1juk, azzal, hogy lesz\u00farja \u0151ket. Ezut\u00e1n az int\u00e9zked\u0151 rend\u0151r\u00f6k el\u0151l a padl\u00e1sra menek\u00fclt, a felj\u00e1ratot eltorlaszolta, majd bef\u0151ttes\u00fcvegekkel \u00e9s t\u00e9gladarabokkal dob\u00e1l\u00f3zott.<br \/>\n    A Zalaegerszegi J\u00e1r\u00e1si \u00e9s Nyomoz\u00f3 \u00dcgy\u00e9szs\u00e9g hivatalos szem\u00e9ly ellen felfegyverkezve elk\u00f6vetett er\u0151szak, becs\u00fclets\u00e9rt\u00e9s \u00e9s zaklat\u00e1s miatt emelt v\u00e1dat, az igazs\u00e1g\u00fcgyi elmeorvos-szak\u00e9rt\u0151i v\u00e9lem\u00e9ny szerint azonban a f\u00e9rfi k\u00f3ros elme\u00e1llapot\u00fa, hi\u00e1nyzik a bel\u00e1t\u00e1si k\u00e9pess\u00e9ge. Mivel emiatt nem b\u00fcntethet\u0151, az \u00fcgy\u00e9szs\u00e9g a f\u00e9rfi k\u00e9nyszergy\u00f3gykezel\u00e9s\u00e9t ind\u00edtv\u00e1nyozta.(MTI)<\/p>\n","protected":false},"excerpt":{"rendered":"<p>K\u00e9nyszergy\u00f3gykezel\u00e9st ind\u00edtv\u00e1nyoz az \u00fcgy\u00e9szs\u00e9g egy zalai f\u00e9rfi ellen, aki lak\u00f3hely\u00e9nek k\u00f6z\u00f6ss\u00e9g\u00e9t folyamatosan retteg\u00e9sben tartotta, a rend\u0151r\u00f6kre pedig vasvill\u00e1val t\u00e1madt &#8211; t\u00e1j\u00e9koztatta a Zala Megyei F\u0151\u00fcgy\u00e9szs\u00e9g sz\u00f3viv\u0151je kedden az MTI-t.<\/p>\n","protected":false},"author":1,"featured_media":0,"comment_status":"closed","ping_status":"open","sticky":false,"template":"","format":"standard","meta":[],"categories":[4],"tags":[],"_links":{"self":[{"href":"https:\/\/gazdasagportal.hu\/index.php\/wp-json\/wp\/v2\/posts\/102495"}],"collection":[{"href":"https:\/\/gazdasagportal.hu\/index.php\/wp-json\/wp\/v2\/posts"}],"about":[{"href":"https:\/\/gazdasagportal.hu\/index.php\/wp-json\/wp\/v2\/types\/post"}],"author":[{"embeddable":true,"href":"https:\/\/gazdasagportal.hu\/index.php\/wp-json\/wp\/v2\/users\/1"}],"replies":[{"embeddable":true,"href":"https:\/\/gazdasagportal.hu\/index.php\/wp-json\/wp\/v2\/comments?post=102495"}],"version-history":[{"count":1,"href":"https:\/\/gazdasagportal.hu\/index.php\/wp-json\/wp\/v2\/posts\/102495\/revisions"}],"predecessor-version":[{"id":102496,"href":"https:\/\/gazdasagportal.hu\/index.php\/wp-json\/wp\/v2\/posts\/102495\/revisions\/102496"}],"wp:attachment":[{"href":"https:\/\/gazdasagportal.hu\/index.php\/wp-json\/wp\/v2\/media?parent=102495"}],"wp:term":[{"taxonomy":"category","embeddable":true,"href":"https:\/\/gazdasagportal.hu\/index.php\/wp-json\/wp\/v2\/categories?post=102495"},{"taxonomy":"post_tag","embeddable":true,"href":"https:\/\/gazdasagportal.hu\/index.php\/wp-json\/wp\/v2\/tags?post=102495"}],"curies":[{"name":"wp","href":"https:\/\/api.w.org\/{rel}","templated":true}]}}