{"id":102485,"date":"2018-01-31T04:29:13","date_gmt":"2018-01-31T03:29:13","guid":{"rendered":"http:\/\/gazdasagportal.hu\/?p=102485"},"modified":"2018-01-30T19:48:42","modified_gmt":"2018-01-30T18:48:42","slug":"orban-harcolni-fogunk-az-ausztriaban-dolgozokert","status":"publish","type":"post","link":"https:\/\/gazdasagportal.hu\/index.php\/orban-harcolni-fogunk-az-ausztriaban-dolgozokert\/","title":{"rendered":"Orb\u00e1n: harcolni fogunk az Ausztri\u00e1ban dolgoz\u00f3k\u00e9rt"},"content":{"rendered":"<p><strong>Tisztess\u00e9ges elj\u00e1r\u00e1st k\u00e9rt Orb\u00e1n Viktor korm\u00e1nyf\u0151 az Ausztri\u00e1ban dolgoz\u00f3 magyaroknak az osztr\u00e1k csal\u00e1dt\u00e1mogat\u00e1si rendszerrel kapcsolatban Sebastian Kurz osztr\u00e1k kancell\u00e1rt\u00f3l.<\/strong><!--more--><\/p>\n<div class=\"ads-in-post1\"><div id=\"gazdasagportal.hu_fullbanner_wideboard\"><\/div>\r\n<\/div>\n<p>    A k\u00e9t korm\u00e1nyf\u0151 k\u00f6z\u00f6s keddi, b\u00e9csi sajt\u00f3t\u00e1j\u00e9koztat\u00f3j\u00e1n a magyar minisztereln\u00f6k kijelentette: azt k\u00e9rte, hogy a magyaroknak, akik itt dolgoznak, tisztess\u00e9ges elj\u00e1r\u00e1sban legyen r\u00e9sz\u00fck, ha befizett\u00e9k a szoci\u00e1lis hozz\u00e1j\u00e1rul\u00e1st, kapj\u00e1k meg, ami megilleti \u0151ket.<br \/>\n    Ha valaki Magyarorsz\u00e1gon befizeti, amit be kell fizetnie ad\u00f3k\u00e9nt \u00e9s szoci\u00e1lis hozz\u00e1j\u00e1rul\u00e1sk\u00e9nt, akkor mindent megkap, amit a magyarok megkapnak. Magyarorsz\u00e1gon fair elj\u00e1r\u00e1s van, ezt  szeretn\u00e9nk itt is: ha a magyarok befizetik, amit be kell fizetni, kapj\u00e1k meg azt, ami az osztr\u00e1koknak is j\u00e1r &#8211; jelentette ki. Hozz\u00e1tette, hogy harcolni fognak ez\u00e9rt.<br \/>\n    A korm\u00e1nyf\u0151 kifejtette: az Eur\u00f3pai Bizotts\u00e1g feladata a szerz\u0151d\u00e9sek v\u00e9delme, \u00e9s ha az uni\u00f3s test\u00fclet olyat tapasztal, ami ellent\u00e9tes az uni\u00f3s alapszerz\u0151d\u00e9ssel, hivatalb\u00f3l fel kell l\u00e9pnie. Br\u00fcsszel teszi a dolg\u00e1t, uni\u00f3s szinten lesz d\u00f6nt\u00e9s az \u00fcgyben, \u00e9s ezt &#8222;mi tudom\u00e1sul vessz\u00fck&#8221; &#8211; k\u00f6z\u00f6lte.<br \/>\n<div class=\"ads-in-post2\"><script async src=\"https:\/\/pagead2.googlesyndication.com\/pagead\/js\/adsbygoogle.js\"><\/script>\r\n<ins class=\"adsbygoogle\"\r\n     style=\"display:block\"\r\n     data-ad-format=\"fluid\"\r\n     data-ad-layout-key=\"-6t+ed+2i-1n-4w\"\r\n     data-ad-client=\"ca-pub-1959107119989764\"\r\n     data-ad-slot=\"4008251320\"><\/ins>\r\n<script>\r\n     (adsbygoogle = window.adsbygoogle || []).push({});\r\n<\/script><\/div>\n         Orb\u00e1n Viktor al\u00e1h\u00fazta a k\u00e9t orsz\u00e1g k\u00f6z\u00f6tti aut\u00f3p\u00e1lya-\u00f6sszek\u00f6ttet\u00e9sek jelent\u0151s\u00e9g\u00e9t, tov\u00e1bb\u00e1 kiemelte a sikeres gazdas\u00e1gi egy\u00fcttm\u0171k\u00f6d\u00e9st, mint mondta, Ausztria az egyik legfontosabb befektet\u0151 Magyarorsz\u00e1gon, a szoros gazdas\u00e1gi kapcsolatokb\u00f3l mindk\u00e9t f\u00e9l profit\u00e1l.<br \/>\n         Egy arra vonatkoz\u00f3 k\u00e9rd\u00e9sre, hogy programja k\u00e9s\u0151bbi r\u00e9szek\u00e9nt tal\u00e1lkozik Heinz-Christian Strache szabads\u00e1gp\u00e1rti (FP\u00d6) alkancell\u00e1rral, a korm\u00e1nyf\u0151 eml\u00e9keztetett: az FP\u00d6 meghat\u00e1roz\u00f3 szerepet kapott az osztr\u00e1k korm\u00e1nyban. Term\u00e9szetes, hogy tal\u00e1lkozik minden fontos osztr\u00e1k politikai vezet\u0151vel, r\u00e1ad\u00e1sul a p\u00e1rt a biztons\u00e1ggal kapcsolatos t\u00e1rc\u00e1kat kapott, \u00edgy a biztons\u00e1gr\u00f3l is t\u00e1rgyalnak majd &#8211; mondta.<br \/>\n         K\u00e9rd\u00e9sre k\u00f6z\u00f6lte: &#8222;tapasztalat, hogy ha a liber\u00e1lisok nincsenek benne a korm\u00e1nyban&#8221;, akkor azt mondj\u00e1k, hogy v\u00e9ge a demokr\u00e1ci\u00e1nak. &#8222;Nem fogadjuk el, hogy b\u00e1rmelyik ideol\u00f3giai ir\u00e1nyzat saj\u00e1t mag\u00e1t a demokr\u00e1ci\u00e1val azonos\u00edtsa&#8221;, \u00e9s &#8222;a jelz\u0151 n\u00e9lk\u00fcli demokr\u00e1cia az igazi demokr\u00e1cia&#8221; &#8211; hangoztatta.(MTI)<\/p>\n","protected":false},"excerpt":{"rendered":"<p>Tisztess\u00e9ges elj\u00e1r\u00e1st k\u00e9rt Orb\u00e1n Viktor korm\u00e1nyf\u0151 az Ausztri\u00e1ban dolgoz\u00f3 magyaroknak az osztr\u00e1k csal\u00e1dt\u00e1mogat\u00e1si rendszerrel kapcsolatban Sebastian Kurz osztr\u00e1k kancell\u00e1rt\u00f3l.<\/p>\n","protected":false},"author":1,"featured_media":0,"comment_status":"closed","ping_status":"open","sticky":false,"template":"","format":"standard","meta":[],"categories":[4,12],"tags":[],"_links":{"self":[{"href":"https:\/\/gazdasagportal.hu\/index.php\/wp-json\/wp\/v2\/posts\/102485"}],"collection":[{"href":"https:\/\/gazdasagportal.hu\/index.php\/wp-json\/wp\/v2\/posts"}],"about":[{"href":"https:\/\/gazdasagportal.hu\/index.php\/wp-json\/wp\/v2\/types\/post"}],"author":[{"embeddable":true,"href":"https:\/\/gazdasagportal.hu\/index.php\/wp-json\/wp\/v2\/users\/1"}],"replies":[{"embeddable":true,"href":"https:\/\/gazdasagportal.hu\/index.php\/wp-json\/wp\/v2\/comments?post=102485"}],"version-history":[{"count":1,"href":"https:\/\/gazdasagportal.hu\/index.php\/wp-json\/wp\/v2\/posts\/102485\/revisions"}],"predecessor-version":[{"id":102486,"href":"https:\/\/gazdasagportal.hu\/index.php\/wp-json\/wp\/v2\/posts\/102485\/revisions\/102486"}],"wp:attachment":[{"href":"https:\/\/gazdasagportal.hu\/index.php\/wp-json\/wp\/v2\/media?parent=102485"}],"wp:term":[{"taxonomy":"category","embeddable":true,"href":"https:\/\/gazdasagportal.hu\/index.php\/wp-json\/wp\/v2\/categories?post=102485"},{"taxonomy":"post_tag","embeddable":true,"href":"https:\/\/gazdasagportal.hu\/index.php\/wp-json\/wp\/v2\/tags?post=102485"}],"curies":[{"name":"wp","href":"https:\/\/api.w.org\/{rel}","templated":true}]}}