{"id":102462,"date":"2018-01-30T10:32:47","date_gmt":"2018-01-30T09:32:47","guid":{"rendered":"http:\/\/gazdasagportal.hu\/?p=102462"},"modified":"2018-01-30T10:32:47","modified_gmt":"2018-01-30T09:32:47","slug":"a-tavalyinal-tagabb-korben-keszit-iden-szja-bevallasi-tervezetet-a-nav","status":"publish","type":"post","link":"https:\/\/gazdasagportal.hu\/index.php\/a-tavalyinal-tagabb-korben-keszit-iden-szja-bevallasi-tervezetet-a-nav\/","title":{"rendered":"A tavalyin\u00e1l t\u00e1gabb k\u00f6rben k\u00e9sz\u00edt id\u00e9n szja-bevall\u00e1si tervezetet a NAV"},"content":{"rendered":"<p><strong>A tavalyi mintegy 4 milli\u00f3hoz k\u00e9pest is t\u00f6bb szja-bevall\u00e1si tervezetet k\u00e9sz\u00edt id\u00e9n a Nemzeti Ad\u00f3- \u00e9s V\u00e1mhivatal (NAV). A nyilv\u00e1ntart\u00e1s\u00e1ban szerepl\u0151 adatok alapj\u00e1n a mez\u0151gazdas\u00e1gi \u0151stermel\u0151knek \u00e9s az \u00e1fa fizet\u00e9s\u00e9re k\u00f6telezett mag\u00e1nszem\u00e9lyeknek is \u00f6ssze\u00e1ll\u00edtja a bevall\u00e1s tervezet\u00e9t a NAV.<\/strong><!--more--><\/p>\n<div class=\"ads-in-post1\"><div id=\"gazdasagportal.hu_fullbanner_wideboard\"><\/div>\r\n<\/div>\n<p>    Az ad\u00f3hivatal keddi k\u00f6zlem\u00e9ny\u00e9ben hozz\u00e1tette, az ad\u00f3z\u00f3knak ebben a k\u00f6r\u00e9ben a tervezet egy aj\u00e1nlat, amely nem v\u00e1lik automatikusan bevall\u00e1ss\u00e1, azt ki kell eg\u00e9sz\u00edteni az \u00f6n\u00e1ll\u00f3 tev\u00e9kenys\u00e9gb\u0151l sz\u00e1rmaz\u00f3, illetve az \u0151stermel\u0151i bev\u00e9telekkel, k\u00f6lts\u00e9gekkel.<br \/>\n    A NAV az ad\u00f3bevall\u00e1si tervezet \u00f6ssze\u00e1ll\u00edt\u00e1s\u00e1hoz a kifizet\u0151k, munk\u00e1ltat\u00f3k \u00e1ltal beny\u00fajtott adatokat haszn\u00e1lja fel. A mez\u0151gazdas\u00e1gi \u0151stermel\u0151k \u00e9s az \u00e1fa fizet\u00e9s\u00e9re k\u00f6telezett mag\u00e1nszem\u00e9lyek sz\u00e1m\u00e1ra az ad\u00f3bevall\u00e1si tervezet seg\u00edt a bevall\u00e1s kit\u00f6lt\u00e9s\u00e9ben. Az ilyen tev\u00e9kenys\u00e9ggel kapcsolatos bev\u00e9telek \u00e9s k\u00f6lts\u00e9gek nem szerepelnek a NAV nyilv\u00e1ntart\u00e1s\u00e1ban, \u00edgy azokat az ad\u00f3bevall\u00e1si tervezet nem tartalmazza. Ez\u00e9rt az ad\u00f3bevall\u00e1si tervezetet az ad\u00f3z\u00f3knak ki kell eg\u00e9sz\u00edteni\u00fck az \u00f6n\u00e1ll\u00f3, illetve az \u0151stermel\u0151i tev\u00e9kenys\u00e9g j\u00f6vedelm\u00e9vel, \u00e9s az ahhoz kapcsol\u00f3d\u00f3 fizet\u00e9si k\u00f6telezetts\u00e9gekkel. Az ad\u00f3bevall\u00e1si tervezet alapj\u00e1n elk\u00e9sz\u00edtett szja-bevall\u00e1s beny\u00fajt\u00e1si hat\u00e1rideje 2018. m\u00e1jus 22.<br \/>\n<div class=\"ads-in-post2\"><script async src=\"https:\/\/pagead2.googlesyndication.com\/pagead\/js\/adsbygoogle.js\"><\/script>\r\n<ins class=\"adsbygoogle\"\r\n     style=\"display:block\"\r\n     data-ad-format=\"fluid\"\r\n     data-ad-layout-key=\"-6t+ed+2i-1n-4w\"\r\n     data-ad-client=\"ca-pub-1959107119989764\"\r\n     data-ad-slot=\"4008251320\"><\/ins>\r\n<script>\r\n     (adsbygoogle = window.adsbygoogle || []).push({});\r\n<\/script><\/div>\n    Ha nem eg\u00e9sz\u00edtik ki, nem m\u00f3dos\u00edtj\u00e1k az ad\u00f3bevall\u00e1si tervezetet, az nem v\u00e1lik m\u00e1jus 22-\u00e9n \u00e9rv\u00e9nyes szem\u00e9lyij\u00f6vedelemad\u00f3-bevall\u00e1ss\u00e1. Erre a kit\u00f6lt\u0151 program k\u00fcl\u00f6n figyelmezteti is az ad\u00f3z\u00f3kat.<br \/>\n    Ha a mez\u0151gazdas\u00e1gi \u0151stermel\u0151 \u00e9ves bev\u00e9tele a 600 ezer forintot nem haladta meg \u00e9s nem volt m\u00e1s ad\u00f3k\u00f6teles j\u00f6vedelme, akkor bevall\u00e1st sem kell beny\u00fajtania.<br \/>\n    Az elk\u00e9sz\u00edtett ad\u00f3bevall\u00e1si tervezeteket a NAV 2018. m\u00e1rcius 15-t\u0151l az \u00dcgyf\u00e9lkapun kereszt\u00fcl elektronikus form\u00e1ban el\u00e9rhet\u0151v\u00e9 teszi.<br \/>\n    Akinek nincs \u00fcgyf\u00e9lkapuja, 2018. m\u00e1rcius 19-ig k\u00e9rheti a tervezet post\u00e1z\u00e1s\u00e1t lev\u00e9lben, SMS-ben (06-30\/344-4304) vagy a NAV honlapj\u00e1n el\u00e9rhet\u0151 \u0171rlapon, formanyomtatv\u00e1nyon (BEVTERVK), tov\u00e1bb\u00e1 telefonon, a 1819-es h\u00edv\u00f3sz\u00e1mon, valamint az \u00fcgyf\u00e9lszolg\u00e1latokon.(MTI)<\/p>\n","protected":false},"excerpt":{"rendered":"<p>A tavalyi mintegy 4 milli\u00f3hoz k\u00e9pest is t\u00f6bb szja-bevall\u00e1si tervezetet k\u00e9sz\u00edt id\u00e9n a Nemzeti Ad\u00f3- \u00e9s V\u00e1mhivatal (NAV). A nyilv\u00e1ntart\u00e1s\u00e1ban szerepl\u0151 adatok alapj\u00e1n a mez\u0151gazdas\u00e1gi \u0151stermel\u0151knek \u00e9s az \u00e1fa fizet\u00e9s\u00e9re k\u00f6telezett mag\u00e1nszem\u00e9lyeknek is \u00f6ssze\u00e1ll\u00edtja a bevall\u00e1s tervezet\u00e9t a NAV.<\/p>\n","protected":false},"author":1,"featured_media":0,"comment_status":"closed","ping_status":"open","sticky":false,"template":"","format":"standard","meta":[],"categories":[20,4,19],"tags":[],"_links":{"self":[{"href":"https:\/\/gazdasagportal.hu\/index.php\/wp-json\/wp\/v2\/posts\/102462"}],"collection":[{"href":"https:\/\/gazdasagportal.hu\/index.php\/wp-json\/wp\/v2\/posts"}],"about":[{"href":"https:\/\/gazdasagportal.hu\/index.php\/wp-json\/wp\/v2\/types\/post"}],"author":[{"embeddable":true,"href":"https:\/\/gazdasagportal.hu\/index.php\/wp-json\/wp\/v2\/users\/1"}],"replies":[{"embeddable":true,"href":"https:\/\/gazdasagportal.hu\/index.php\/wp-json\/wp\/v2\/comments?post=102462"}],"version-history":[{"count":1,"href":"https:\/\/gazdasagportal.hu\/index.php\/wp-json\/wp\/v2\/posts\/102462\/revisions"}],"predecessor-version":[{"id":102463,"href":"https:\/\/gazdasagportal.hu\/index.php\/wp-json\/wp\/v2\/posts\/102462\/revisions\/102463"}],"wp:attachment":[{"href":"https:\/\/gazdasagportal.hu\/index.php\/wp-json\/wp\/v2\/media?parent=102462"}],"wp:term":[{"taxonomy":"category","embeddable":true,"href":"https:\/\/gazdasagportal.hu\/index.php\/wp-json\/wp\/v2\/categories?post=102462"},{"taxonomy":"post_tag","embeddable":true,"href":"https:\/\/gazdasagportal.hu\/index.php\/wp-json\/wp\/v2\/tags?post=102462"}],"curies":[{"name":"wp","href":"https:\/\/api.w.org\/{rel}","templated":true}]}}