{"id":102444,"date":"2018-01-29T21:08:03","date_gmt":"2018-01-29T20:08:03","guid":{"rendered":"http:\/\/gazdasagportal.hu\/?p=102444"},"modified":"2018-01-29T21:08:03","modified_gmt":"2018-01-29T20:08:03","slug":"orban-a-ket-orszag-megvedeserol-szeretnenk-megallapodni-ausztriaval","status":"publish","type":"post","link":"https:\/\/gazdasagportal.hu\/index.php\/orban-a-ket-orszag-megvedeserol-szeretnenk-megallapodni-ausztriaval\/","title":{"rendered":"Orb\u00e1n: a k\u00e9t orsz\u00e1g megv\u00e9d\u00e9s\u00e9r\u0151l szeretn\u00e9nk meg\u00e1llapodni Ausztri\u00e1val"},"content":{"rendered":"<p><strong>Meg\u00e1llapod\u00e1sokat szeretne k\u00f6tni kedden Ausztri\u00e1ban a magyar korm\u00e1nyf\u0151 a migr\u00e1ci\u00f3r\u00f3l, a k\u00e9t orsz\u00e1g megv\u00e9d\u00e9s\u00e9r\u0151l \u00e9s egym\u00e1s megseg\u00edt\u00e9s\u00e9r\u0151l.<\/strong><!--more--><\/p>\n<div class=\"ads-in-post1\"><div id=\"gazdasagportal.hu_fullbanner_wideboard\"><\/div>\r\n<\/div>\n<p>    Orb\u00e1n Viktor saj\u00e1t Facebook-oldal\u00e1n tett k\u00f6zz\u00e9 egy videobejegyz\u00e9st, \u00fatban B\u00e9cs fel\u00e9, egy vas\u00fati kocsib\u00f3l.<br \/>\n    A minisztereln\u00f6k b\u00edzik a t\u00e1rgyal\u00e1sok siker\u00e9ben.<br \/>\n    Orb\u00e1n Viktor kedden t\u00e1rgyal Sebastian Kurz osztr\u00e1k kancell\u00e1rral, \u00e9s tal\u00e1lkozik Heinz-Christian Strache alkancell\u00e1rral.(MTI)<br \/>\n<div class=\"ads-in-post2\"><script async src=\"https:\/\/pagead2.googlesyndication.com\/pagead\/js\/adsbygoogle.js\"><\/script>\r\n<ins class=\"adsbygoogle\"\r\n     style=\"display:block\"\r\n     data-ad-format=\"fluid\"\r\n     data-ad-layout-key=\"-6t+ed+2i-1n-4w\"\r\n     data-ad-client=\"ca-pub-1959107119989764\"\r\n     data-ad-slot=\"4008251320\"><\/ins>\r\n<script>\r\n     (adsbygoogle = window.adsbygoogle || []).push({});\r\n<\/script><\/div>\n","protected":false},"excerpt":{"rendered":"<p>Meg\u00e1llapod\u00e1sokat szeretne k\u00f6tni kedden Ausztri\u00e1ban a magyar korm\u00e1nyf\u0151 a migr\u00e1ci\u00f3r\u00f3l, a k\u00e9t orsz\u00e1g megv\u00e9d\u00e9s\u00e9r\u0151l \u00e9s egym\u00e1s megseg\u00edt\u00e9s\u00e9r\u0151l.<\/p>\n","protected":false},"author":1,"featured_media":0,"comment_status":"closed","ping_status":"open","sticky":false,"template":"","format":"standard","meta":[],"categories":[4,18],"tags":[],"_links":{"self":[{"href":"https:\/\/gazdasagportal.hu\/index.php\/wp-json\/wp\/v2\/posts\/102444"}],"collection":[{"href":"https:\/\/gazdasagportal.hu\/index.php\/wp-json\/wp\/v2\/posts"}],"about":[{"href":"https:\/\/gazdasagportal.hu\/index.php\/wp-json\/wp\/v2\/types\/post"}],"author":[{"embeddable":true,"href":"https:\/\/gazdasagportal.hu\/index.php\/wp-json\/wp\/v2\/users\/1"}],"replies":[{"embeddable":true,"href":"https:\/\/gazdasagportal.hu\/index.php\/wp-json\/wp\/v2\/comments?post=102444"}],"version-history":[{"count":1,"href":"https:\/\/gazdasagportal.hu\/index.php\/wp-json\/wp\/v2\/posts\/102444\/revisions"}],"predecessor-version":[{"id":102445,"href":"https:\/\/gazdasagportal.hu\/index.php\/wp-json\/wp\/v2\/posts\/102444\/revisions\/102445"}],"wp:attachment":[{"href":"https:\/\/gazdasagportal.hu\/index.php\/wp-json\/wp\/v2\/media?parent=102444"}],"wp:term":[{"taxonomy":"category","embeddable":true,"href":"https:\/\/gazdasagportal.hu\/index.php\/wp-json\/wp\/v2\/categories?post=102444"},{"taxonomy":"post_tag","embeddable":true,"href":"https:\/\/gazdasagportal.hu\/index.php\/wp-json\/wp\/v2\/tags?post=102444"}],"curies":[{"name":"wp","href":"https:\/\/api.w.org\/{rel}","templated":true}]}}