{"id":102380,"date":"2018-01-27T22:51:47","date_gmt":"2018-01-27T21:51:47","guid":{"rendered":"http:\/\/gazdasagportal.hu\/?p=102380"},"modified":"2018-01-27T19:52:37","modified_gmt":"2018-01-27T18:52:37","slug":"davos-szakerto-a-centralizacio-gatolja-a-gyors-fejlodest","status":"publish","type":"post","link":"https:\/\/gazdasagportal.hu\/index.php\/davos-szakerto-a-centralizacio-gatolja-a-gyors-fejlodest\/","title":{"rendered":"Davos &#8211; Szak\u00e9rt\u0151: a centraliz\u00e1ci\u00f3 g\u00e1tolja a gyors fejl\u0151d\u00e9st"},"content":{"rendered":"<div class=\"ads-in-post1\"><div id=\"gazdasagportal.hu_fullbanner_wideboard\"><\/div>\r\n<\/div>\n<strong>A centraliz\u00e1ci\u00f3 g\u00e1tolja a gyors fejl\u0151d\u00e9st, \u00e9s \u00fagy t\u0171nik ezt az Eur\u00f3pai Uni\u00f3 nem tartja szem el\u0151tt &#8211; mondta Csath Magdolna k\u00f6zgazd\u00e1sz szombat reggel az M1 aktu\u00e1lis csatorn\u00e1n.<\/strong><!--more--><\/p>\n<div class=\"ads-in-post2\"><script async src=\"https:\/\/pagead2.googlesyndication.com\/pagead\/js\/adsbygoogle.js\"><\/script>\r\n<ins class=\"adsbygoogle\"\r\n     style=\"display:block\"\r\n     data-ad-format=\"fluid\"\r\n     data-ad-layout-key=\"-6t+ed+2i-1n-4w\"\r\n     data-ad-client=\"ca-pub-1959107119989764\"\r\n     data-ad-slot=\"4008251320\"><\/ins>\r\n<script>\r\n     (adsbygoogle = window.adsbygoogle || []).push({});\r\n<\/script><\/div>\n<p>    A k\u00f6zgazd\u00e1sz a davosi Vil\u00e1ggazdas\u00e1gi F\u00f3rummal kapcsolatban elmondta, a tal\u00e1lkoz\u00f3 egyik k\u00f6zponti t\u00e9m\u00e1ja a robotika \u00e9s a digitaliz\u00e1ci\u00f3 volt, illetve az, mik\u00e9nt tud ezekhez csatlakozni az Eur\u00f3pai Uni\u00f3.<br \/>\n    Az uni\u00f3 vezet\u0151 \u00e1llamainak k\u00e9pvisel\u0151i &#8211; a francia eln\u00f6k \u00e9s a n\u00e9met kancell\u00e1r &#8211; azonban ugyanazokat az \u00fczeneteket hangs\u00falyozt\u00e1k, mint eddig, vagyis, hogy m\u00e9g szorosabb egy\u00fcttm\u0171k\u00f6d\u00e9sre, centraliz\u00e1ci\u00f3ra van sz\u00fcks\u00e9g.<br \/>\n    Ez \u00e9ppen ellent\u00e9tes a gyors fejl\u0151d\u00e9ssel, hiszen a centraliz\u00e1ci\u00f3 g\u00e1tolja az &#8222;agilis \u00e1llam&#8221; m\u0171k\u00f6d\u00e9s\u00e9t &#8211; tette hozz\u00e1.(MTI)<\/p>\n","protected":false},"excerpt":{"rendered":"<p>A centraliz\u00e1ci\u00f3 g\u00e1tolja a gyors fejl\u0151d\u00e9st, \u00e9s \u00fagy t\u0171nik ezt az Eur\u00f3pai Uni\u00f3 nem tartja szem el\u0151tt &#8211; mondta Csath Magdolna k\u00f6zgazd\u00e1sz szombat reggel az M1 aktu\u00e1lis csatorn\u00e1n.<\/p>\n","protected":false},"author":1,"featured_media":0,"comment_status":"closed","ping_status":"open","sticky":false,"template":"","format":"standard","meta":[],"categories":[246],"tags":[],"_links":{"self":[{"href":"https:\/\/gazdasagportal.hu\/index.php\/wp-json\/wp\/v2\/posts\/102380"}],"collection":[{"href":"https:\/\/gazdasagportal.hu\/index.php\/wp-json\/wp\/v2\/posts"}],"about":[{"href":"https:\/\/gazdasagportal.hu\/index.php\/wp-json\/wp\/v2\/types\/post"}],"author":[{"embeddable":true,"href":"https:\/\/gazdasagportal.hu\/index.php\/wp-json\/wp\/v2\/users\/1"}],"replies":[{"embeddable":true,"href":"https:\/\/gazdasagportal.hu\/index.php\/wp-json\/wp\/v2\/comments?post=102380"}],"version-history":[{"count":1,"href":"https:\/\/gazdasagportal.hu\/index.php\/wp-json\/wp\/v2\/posts\/102380\/revisions"}],"predecessor-version":[{"id":102381,"href":"https:\/\/gazdasagportal.hu\/index.php\/wp-json\/wp\/v2\/posts\/102380\/revisions\/102381"}],"wp:attachment":[{"href":"https:\/\/gazdasagportal.hu\/index.php\/wp-json\/wp\/v2\/media?parent=102380"}],"wp:term":[{"taxonomy":"category","embeddable":true,"href":"https:\/\/gazdasagportal.hu\/index.php\/wp-json\/wp\/v2\/categories?post=102380"},{"taxonomy":"post_tag","embeddable":true,"href":"https:\/\/gazdasagportal.hu\/index.php\/wp-json\/wp\/v2\/tags?post=102380"}],"curies":[{"name":"wp","href":"https:\/\/api.w.org\/{rel}","templated":true}]}}