{"id":102378,"date":"2018-01-27T21:50:29","date_gmt":"2018-01-27T20:50:29","guid":{"rendered":"http:\/\/gazdasagportal.hu\/?p=102378"},"modified":"2018-01-27T19:51:19","modified_gmt":"2018-01-27T18:51:19","slug":"mar-66-ezer-csalad-vette-igenybe-a-csokot","status":"publish","type":"post","link":"https:\/\/gazdasagportal.hu\/index.php\/mar-66-ezer-csalad-vette-igenybe-a-csokot\/","title":{"rendered":"M\u00e1r 66 ezer csal\u00e1d vette ig\u00e9nybe a csokot"},"content":{"rendered":"<p><strong>M\u00e1r 66 ezer csal\u00e1d vette ig\u00e9nybe 2015. j\u00faliusi indul\u00e1sa \u00f3ta a csal\u00e1di otthonteremt\u00e9si kedvezm\u00e9nyt (csok) &#8211; mondta az Emberi Er\u0151forr\u00e1sok Miniszt\u00e9rium\u00e1nak (Emmi) csal\u00e1d- \u00e9s ifj\u00fas\u00e1g\u00fcgy\u00e9rt felel\u0151s \u00e1llamtitk\u00e1ra szombaton Budapesten, a XIV. Esk\u00fcv\u0151 Ki\u00e1ll\u00edt\u00e1son tartott sajt\u00f3t\u00e1j\u00e9koztat\u00f3n.<\/strong><!--more--><\/p>\n<div class=\"ads-in-post1\"><div id=\"gazdasagportal.hu_fullbanner_wideboard\"><\/div>\r\n<\/div>\n<p>    Nov\u00e1k Katalin k\u00f6z\u00f6lte: a csok egyre n\u00e9pszer\u0171bb, \u00e9vr\u0151l \u00e9vre t\u00f6bben ig\u00e9nylik, a t\u00e1mogat\u00e1sra ford\u00edtott \u00f6sszeg pedig m\u00e1r meghaladta a 180 milli\u00e1rd forintot.<br \/>\n    Elmondta azt is, hogy ezen a h\u00e9ten t\u00e1rgyalta a csal\u00e1d\u00fcgyi kabinet a csok egyszer\u0171s\u00edt\u00e9s\u00e9re vonatkoz\u00f3 javaslatokat, a j\u00f6v\u0151 h\u00e9ten pedig a korm\u00e1ny\u00fcl\u00e9sen is el\u0151terjesztik ezeket. Elfogad\u00e1suk eset\u00e9n nemsok\u00e1ra cs\u00f6kkenhetnek majd az otthonteremt\u00e9si kedvezm\u00e9ny adminisztrat\u00edv terhei.<br \/>\n    Eml\u00e9keztetett, id\u00e9n tov\u00e1bbi \u00f6tezer forinttal, havi 35 ezer forintra n\u0151 a k\u00e9tgyerekesek csal\u00e1di ad\u00f3kedvezm\u00e9nye, emellett pedig \u00faj t\u00e1mogat\u00e1si form\u00e1kat is bevezetnek. A k\u00f6ld\u00f6kzsin\u00f3rprogramon kereszt\u00fcl kiterjesztik az anyas\u00e1gi t\u00e1mogat\u00e1st \u00e9s a babak\u00f6tv\u00e9nyt a nem Magyarorsz\u00e1gon sz\u00fcletett, de magyar \u00e1llampolg\u00e1rs\u00e1g\u00fa gyerekekre is.<br \/>\n<div class=\"ads-in-post2\"><script async src=\"https:\/\/pagead2.googlesyndication.com\/pagead\/js\/adsbygoogle.js\"><\/script>\r\n<ins class=\"adsbygoogle\"\r\n     style=\"display:block\"\r\n     data-ad-format=\"fluid\"\r\n     data-ad-layout-key=\"-6t+ed+2i-1n-4w\"\r\n     data-ad-client=\"ca-pub-1959107119989764\"\r\n     data-ad-slot=\"4008251320\"><\/ins>\r\n<script>\r\n     (adsbygoogle = window.adsbygoogle || []).push({});\r\n<\/script><\/div>\n    Ett\u0151l az \u00e9vt\u0151l harmadik vagy tov\u00e1bbi gyerekek v\u00e1llal\u00e1sa eset\u00e9n 1-1 milli\u00f3 forinttal cs\u00f6kkentik a jelz\u00e1loghitel-tartoz\u00e1sokat, a di\u00e1khitellel rendelkez\u0151 n\u0151k pedig &#8211; att\u00f3l f\u00fcgg\u0151en h\u00e1nyadik gyermek\u00fck sz\u00fcletik &#8211; ig\u00e9nyelhetik hitelt\u00f6rleszt\u00e9s\u00fck felf\u00fcggeszt\u00e9s\u00e9t vagy elenged\u00e9s\u00e9t &#8211; ismertette Nov\u00e1k Katalin.<br \/>\n    Az \u00e1llamtitk\u00e1r kiemelte, a sokf\u00e9le t\u00e1mogat\u00e1s csak akkor \u00e9r valamit, ha az \u00e9rintettek tudnak is r\u00f3la, ez\u00e9rt k\u00f6z\u00e9rthet\u0151 kiadv\u00e1nyokon kereszt\u00fcl is szeretn\u00e9k eljuttatni az inform\u00e1ci\u00f3kat az emberekhez. A csokr\u00f3l, a csal\u00e1dok \u00e1ltal ig\u00e9nybe vehet\u0151 t\u00e1mogat\u00e1sokr\u00f3l \u00e9s a k\u00f6ld\u00f6kzsin\u00f3rprogramr\u00f3l sz\u00f3l\u00f3 inform\u00e1ci\u00f3s f\u00fczetek a ki\u00e1ll\u00edt\u00e1s ideje alatt el\u00e9rhet\u0151k a miniszt\u00e9rium standj\u00e1n, ahol a t\u00e1rca munkat\u00e1rsai a felmer\u00fcl\u0151 k\u00e9rd\u00e9sekre is v\u00e1laszolnak &#8211; tette hozz\u00e1.(MTI)<\/p>\n","protected":false},"excerpt":{"rendered":"<p>M\u00e1r 66 ezer csal\u00e1d vette ig\u00e9nybe 2015. j\u00faliusi indul\u00e1sa \u00f3ta a csal\u00e1di otthonteremt\u00e9si kedvezm\u00e9nyt (csok) &#8211; mondta az Emberi Er\u0151forr\u00e1sok Miniszt\u00e9rium\u00e1nak (Emmi) csal\u00e1d- \u00e9s ifj\u00fas\u00e1g\u00fcgy\u00e9rt felel\u0151s \u00e1llamtitk\u00e1ra szombaton Budapesten, a XIV. Esk\u00fcv\u0151 Ki\u00e1ll\u00edt\u00e1son tartott sajt\u00f3t\u00e1j\u00e9koztat\u00f3n.<\/p>\n","protected":false},"author":1,"featured_media":0,"comment_status":"closed","ping_status":"open","sticky":false,"template":"","format":"standard","meta":[],"categories":[4,19],"tags":[],"_links":{"self":[{"href":"https:\/\/gazdasagportal.hu\/index.php\/wp-json\/wp\/v2\/posts\/102378"}],"collection":[{"href":"https:\/\/gazdasagportal.hu\/index.php\/wp-json\/wp\/v2\/posts"}],"about":[{"href":"https:\/\/gazdasagportal.hu\/index.php\/wp-json\/wp\/v2\/types\/post"}],"author":[{"embeddable":true,"href":"https:\/\/gazdasagportal.hu\/index.php\/wp-json\/wp\/v2\/users\/1"}],"replies":[{"embeddable":true,"href":"https:\/\/gazdasagportal.hu\/index.php\/wp-json\/wp\/v2\/comments?post=102378"}],"version-history":[{"count":1,"href":"https:\/\/gazdasagportal.hu\/index.php\/wp-json\/wp\/v2\/posts\/102378\/revisions"}],"predecessor-version":[{"id":102379,"href":"https:\/\/gazdasagportal.hu\/index.php\/wp-json\/wp\/v2\/posts\/102378\/revisions\/102379"}],"wp:attachment":[{"href":"https:\/\/gazdasagportal.hu\/index.php\/wp-json\/wp\/v2\/media?parent=102378"}],"wp:term":[{"taxonomy":"category","embeddable":true,"href":"https:\/\/gazdasagportal.hu\/index.php\/wp-json\/wp\/v2\/categories?post=102378"},{"taxonomy":"post_tag","embeddable":true,"href":"https:\/\/gazdasagportal.hu\/index.php\/wp-json\/wp\/v2\/tags?post=102378"}],"curies":[{"name":"wp","href":"https:\/\/api.w.org\/{rel}","templated":true}]}}