{"id":102347,"date":"2018-01-26T16:43:59","date_gmt":"2018-01-26T15:43:59","guid":{"rendered":"http:\/\/gazdasagportal.hu\/?p=102347"},"modified":"2018-01-26T08:44:36","modified_gmt":"2018-01-26T07:44:36","slug":"a-logisztika-agazati-es-kormanyzati-szakertoi-is-a-versenykepesseg-javitasat-surgetik","status":"publish","type":"post","link":"https:\/\/gazdasagportal.hu\/index.php\/a-logisztika-agazati-es-kormanyzati-szakertoi-is-a-versenykepesseg-javitasat-surgetik\/","title":{"rendered":"A logisztika \u00e1gazati \u00e9s korm\u00e1nyzati szak\u00e9rt\u0151i is a versenyk\u00e9pess\u00e9g jav\u00edt\u00e1s\u00e1t s\u00fcrgetik"},"content":{"rendered":"<p><strong>A logisztikai \u00e1gazat versenyk\u00e9pess\u00e9g\u00e9nek jav\u00edt\u00e1sa, a nyugat-eur\u00f3pai orsz\u00e1gok piacv\u00e9delmi int\u00e9zked\u00e9seinek ellens\u00falyoz\u00e1sa elengedhetetlen ahhoz, hogy az \u00e1gazat magyarorsz\u00e1gi szerepl\u0151i meg\u0151rizz\u00e9k az elm\u00falt \u00e9vekben el\u00e9rt piaci r\u00e9szesed\u00e9s\u00fcket Eur\u00f3p\u00e1ban &#8211; fogalmazt\u00e1k meg a felsz\u00f3lal\u00f3k a Magyarorsz\u00e1gi Logisztikai Szolg\u00e1ltat\u00f3 K\u00f6zpontok Sz\u00f6vets\u00e9g\u00e9nek (MLSZKSZ) Nemzetk\u00f6zi K\u00f6zleked\u00e9slogisztikai Konferenci\u00e1j\u00e1n cs\u00fct\u00f6rt\u00f6k\u00f6n Hegyeshalmon.<\/strong><!--more--><\/p>\n<div class=\"ads-in-post1\"><div id=\"gazdasagportal.hu_fullbanner_wideboard\"><\/div>\r\n<\/div>\n<p>     Szab\u00f3 K\u00e1roly vez\u00e9r\u0151rnagy, a Nemzeti Ad\u00f3 \u00e9s V\u00e1mhivatal v\u00e1mszakmai szakf\u0151igazgat\u00f3ja elmondta, a logisztikai versenyk\u00e9pess\u00e9g jav\u00edt\u00e1s\u00e1nak lehet eszk\u00f6ze a hat\u00f3s\u00e1gi ellen\u0151rz\u00e9s is, de ehhez a hat\u00f3s\u00e1g \u00e9s a logisztikai szakma egy\u00fcttm\u0171k\u00f6d\u00e9s\u00e9re van sz\u00fcks\u00e9g.<br \/>\n    A NAV szerinte k\u00e9sz a min\u0151s\u00e9gi ugr\u00e1sra, a technikai felt\u00e9telek adottak a jelenlegin\u00e9l l\u00e9nyegesen nagyobb forgalom ell\u00e1t\u00e1s\u00e1ra.<br \/>\n    Horv\u00e1th G\u00e1bor, a NAV K\u00f6zponti Ir\u00e1ny\u00edt\u00e1s Ellen\u0151rz\u00e9sek Fel\u00fcgyeleti F\u0151oszt\u00e1ly\u00e1nak vezet\u0151je hangs\u00falyozta: az elektronikus \u00e1ruforgalom ellen\u0151rz\u0151 rendszer (ek\u00e1er) bizony\u00edtott, a rendszer a tisztess\u00e9ges ad\u00f3z\u00f3k versenyk\u00e9pess\u00e9g\u00e9t is v\u00e9di a tisztess\u00e9gtelenekkel szemben.<br \/>\n    Szerinte hasonl\u00f3 rendszerre uni\u00f3s szinten is sz\u00fcks\u00e9g lenne. Megjegyezte: a rendszerrel kapcsolatos uni\u00f3s kifog\u00e1sokat megv\u00e1laszolt\u00e1k a magyar illet\u00e9kesek.<br \/>\n    Pom\u00e1zi Gyula, a Nemzetgazdas\u00e1gi Miniszt\u00e9rium helyettes \u00e1llamtitk\u00e1ra hangs\u00falyozta: a digitaliz\u00e1ci\u00f3 az iparban \u00e9s a logisztik\u00e1ban is alapvet\u0151 versenyk\u00e9pess\u00e9gi t\u00e9nyez\u0151, a korm\u00e1nyzat t\u00f6bb programmal is \u00f6szt\u00f6nzi, seg\u00edti ezt a folyamatot.<br \/>\n<div class=\"ads-in-post2\"><script async src=\"https:\/\/pagead2.googlesyndication.com\/pagead\/js\/adsbygoogle.js\"><\/script>\r\n<ins class=\"adsbygoogle\"\r\n     style=\"display:block\"\r\n     data-ad-format=\"fluid\"\r\n     data-ad-layout-key=\"-6t+ed+2i-1n-4w\"\r\n     data-ad-client=\"ca-pub-1959107119989764\"\r\n     data-ad-slot=\"4008251320\"><\/ins>\r\n<script>\r\n     (adsbygoogle = window.adsbygoogle || []).push({});\r\n<\/script><\/div>\n    Ezek k\u00f6z\u00fcl kiemelte az 5G koal\u00edci\u00f3 l\u00e9trehoz\u00e1s\u00e1t, amely az \u00faj technol\u00f3gia h\u00e1l\u00f3zati felt\u00e9teleinek megteremt\u00e9s\u00e9t szolg\u00e1lja.     Az uni\u00f3s forr\u00e1sokra is t\u00e1maszkodni kell a digitaliz\u00e1ci\u00f3 terjeszt\u00e9s\u00e9ben, ezzel kapcsolatban felh\u00edvta a figyelmet arra, a vissza nem t\u00e9r\u00edtend\u0151 t\u00e1mogat\u00e1sok rendszer\u00e9t fel fogj\u00e1k v\u00e1ltani a megt\u00e9r\u00fcl\u0151 t\u00e1mogat\u00e1sok.<br \/>\n    Az MLSZKSZ k\u00f6zlem\u00e9nye szerint F\u00fcl\u00f6p Zsolt, az MLSZKSZ eln\u00f6ke kiemelte: egyes eur\u00f3pai orsz\u00e1gok a nemzetk\u00f6zi fuvaroz\u00e1sban burkolt piacv\u00e9delmi el\u0151\u00edr\u00e1sokat vezettek be, h\u00e1tr\u00e1nyos helyzetbe hozva ezzel a magyar, illetve a kelet-k\u00f6z\u00e9p-eur\u00f3pai fuvaroz\u00f3kat. A pihen\u0151id\u0151vel kapcsolatos szab\u00e1lyok jelent\u0151s t\u00f6bbletk\u00f6lts\u00e9get okoznak a magyar fuvaroz\u00f3knak, mik\u00f6zben hasonl\u00f3 szab\u00e1lyok nincsenek Magyarorsz\u00e1gon a k\u00fclf\u00f6ldi fuvaroz\u00f3kkal szemben.<br \/>\n    Dittel G\u00e1bor, a NiT Hungary f\u0151titk\u00e1ra szerint a piacv\u00e9delem ter\u00e9n nagyon nagy a baj, a k\u00f6z\u00fati fuvaroz\u00f3 szakma az \u00e9let\u00e9\u00e9rt k\u00fczd.<br \/>\n    Az int\u00e9zked\u00e9sek ok\u00e1t abban jel\u00f6lte meg, hogy a magyar \u00e9s kelet-eur\u00f3pai orsz\u00e1gok piacot vettek el a nyugat-eur\u00f3pai orsz\u00e1gokt\u00f3l az elm\u00falt \u00e9vtizedben: a 2004-es 2,9 sz\u00e1zal\u00e9kr\u00f3l 2016-ra 4,5 sz\u00e1zal\u00e9kra n\u0151tt a magyarok r\u00e9szar\u00e1nya az uni\u00f3s fuvarpiacon, ahol Lengyelorsz\u00e1g r\u00e9szesed\u00e9se meghaladja a 25 sz\u00e1zal\u00e9kot, N\u00e9metorsz\u00e1g r\u00e9szesed\u00e9se viszont 7,9 sz\u00e1zal\u00e9kra cs\u00f6kkent.(MTI)<\/p>\n","protected":false},"excerpt":{"rendered":"<p>A logisztikai \u00e1gazat versenyk\u00e9pess\u00e9g\u00e9nek jav\u00edt\u00e1sa, a nyugat-eur\u00f3pai orsz\u00e1gok piacv\u00e9delmi int\u00e9zked\u00e9seinek ellens\u00falyoz\u00e1sa elengedhetetlen ahhoz, hogy az \u00e1gazat magyarorsz\u00e1gi szerepl\u0151i meg\u0151rizz\u00e9k az elm\u00falt \u00e9vekben el\u00e9rt piaci r\u00e9szesed\u00e9s\u00fcket Eur\u00f3p\u00e1ban &#8211; fogalmazt\u00e1k meg a felsz\u00f3lal\u00f3k a Magyarorsz\u00e1gi Logisztikai Szolg\u00e1ltat\u00f3 K\u00f6zpontok Sz\u00f6vets\u00e9g\u00e9nek (MLSZKSZ) Nemzetk\u00f6zi K\u00f6zleked\u00e9slogisztikai Konferenci\u00e1j\u00e1n cs\u00fct\u00f6rt\u00f6k\u00f6n Hegyeshalmon.<\/p>\n","protected":false},"author":1,"featured_media":0,"comment_status":"closed","ping_status":"open","sticky":false,"template":"","format":"standard","meta":[],"categories":[19],"tags":[],"_links":{"self":[{"href":"https:\/\/gazdasagportal.hu\/index.php\/wp-json\/wp\/v2\/posts\/102347"}],"collection":[{"href":"https:\/\/gazdasagportal.hu\/index.php\/wp-json\/wp\/v2\/posts"}],"about":[{"href":"https:\/\/gazdasagportal.hu\/index.php\/wp-json\/wp\/v2\/types\/post"}],"author":[{"embeddable":true,"href":"https:\/\/gazdasagportal.hu\/index.php\/wp-json\/wp\/v2\/users\/1"}],"replies":[{"embeddable":true,"href":"https:\/\/gazdasagportal.hu\/index.php\/wp-json\/wp\/v2\/comments?post=102347"}],"version-history":[{"count":1,"href":"https:\/\/gazdasagportal.hu\/index.php\/wp-json\/wp\/v2\/posts\/102347\/revisions"}],"predecessor-version":[{"id":102348,"href":"https:\/\/gazdasagportal.hu\/index.php\/wp-json\/wp\/v2\/posts\/102347\/revisions\/102348"}],"wp:attachment":[{"href":"https:\/\/gazdasagportal.hu\/index.php\/wp-json\/wp\/v2\/media?parent=102347"}],"wp:term":[{"taxonomy":"category","embeddable":true,"href":"https:\/\/gazdasagportal.hu\/index.php\/wp-json\/wp\/v2\/categories?post=102347"},{"taxonomy":"post_tag","embeddable":true,"href":"https:\/\/gazdasagportal.hu\/index.php\/wp-json\/wp\/v2\/tags?post=102347"}],"curies":[{"name":"wp","href":"https:\/\/api.w.org\/{rel}","templated":true}]}}