{"id":102345,"date":"2018-01-26T15:42:47","date_gmt":"2018-01-26T14:42:47","guid":{"rendered":"http:\/\/gazdasagportal.hu\/?p=102345"},"modified":"2018-01-26T08:43:29","modified_gmt":"2018-01-26T07:43:29","slug":"donald-trump-eros-dollart-akar","status":"publish","type":"post","link":"https:\/\/gazdasagportal.hu\/index.php\/donald-trump-eros-dollart-akar\/","title":{"rendered":"Donald Trump er\u0151s doll\u00e1rt akar"},"content":{"rendered":"<p><strong>Donald Trump amerikai eln\u00f6k er\u0151s doll\u00e1rt akar, \u00e9s megfontoln\u00e1 a visszat\u00e9r\u00e9st az \u00e1zsiai \u00e9s csendes-\u00f3ce\u00e1ni szabadkereskedelmi \u00f6vezetbe. Err\u0151l maga az eln\u00f6k besz\u00e9lt cs\u00fct\u00f6rt\u00f6k\u00f6n az amerikai CNBC telev\u00edzi\u00f3nak Davosban adott interj\u00faj\u00e1ban.<\/strong><!--more--><\/p>\n<div class=\"ads-in-post1\"><div id=\"gazdasagportal.hu_fullbanner_wideboard\"><\/div>\r\n<\/div>\n<p>    Donald Trump ism\u00e9telten lesz\u00f6gezte: az &#8222;er\u0151s doll\u00e1r&#8221; h\u00edve, mert meggy\u0151z\u0151d\u00e9se szerint a doll\u00e1r \u00e9rt\u00e9k\u00e9nek &#8222;az orsz\u00e1g gazdas\u00e1gi erej\u00e9n kell alapulnia, \u00e9s mi olyan j\u00f3l csin\u00e1ljuk, hogy orsz\u00e1gunk gazdas\u00e1gilag ism\u00e9t er\u0151s&#8221;.<br \/>\n    &#8222;V\u00e9gre er\u0151s doll\u00e1rt akarok l\u00e1tni&#8221; &#8211; hangs\u00falyozta Trump, ellentmondva ezzel p\u00e9nz\u00fcgyminiszter\u00e9nek. Steve Mnuchin ugyanis m\u00e9g szerd\u00e1n Davosban azt mondta, hogy a gyenge doll\u00e1r h\u00edve, mert az j\u00f3 Amerik\u00e1nak. Donald Trump ehhez hozz\u00e1tette: a miniszter szavait sz\u00f6veg\u00f6sszef\u00fcgg\u00e9seib\u0151l kiragadva id\u00e9zt\u00e9k.      Trump interj\u00faj\u00e1nak sug\u00e1rz\u00e1sa ut\u00e1n a doll\u00e1r jelent\u0151sen er\u0151s\u00f6d\u00f6tt a New York-i t\u0151zsd\u00e9n.       Az eln\u00f6k a CNBC-nek besz\u00e9lt arr\u00f3l is, hogy megfontoln\u00e1 a visszat\u00e9r\u00e9st a Csendes-\u00f3ce\u00e1ni Partners\u00e9g (TTP) n\u00e9ven ismert szabadkereskedelmi \u00f6vezetbe, legal\u00e1bbis abban az esetben, ha &#8222;l\u00e9nyegileg jobb meg\u00e1llapod\u00e1st&#8221; lehetne kikov\u00e1csolni, vagyis az Egyes\u00fclt \u00c1llamok sz\u00e1m\u00e1ra kedvez\u0151bb felt\u00e9telekben \u00e1llapodn\u00e1nak meg.<br \/>\n<div class=\"ads-in-post2\"><script async src=\"https:\/\/pagead2.googlesyndication.com\/pagead\/js\/adsbygoogle.js\"><\/script>\r\n<ins class=\"adsbygoogle\"\r\n     style=\"display:block\"\r\n     data-ad-format=\"fluid\"\r\n     data-ad-layout-key=\"-6t+ed+2i-1n-4w\"\r\n     data-ad-client=\"ca-pub-1959107119989764\"\r\n     data-ad-slot=\"4008251320\"><\/ins>\r\n<script>\r\n     (adsbygoogle = window.adsbygoogle || []).push({});\r\n<\/script><\/div>\n    &#8222;A meg\u00e1llapod\u00e1s sz\u00f6rny\u0171 volt, a strukt\u00far\u00e1ja sz\u00f6rny\u0171 volt, ha alapvet\u0151en jobb lenne az egyezs\u00e9g, nyitott lenn\u00e9k a TTP-re&#8221; &#8211; fogalmazott Donald Trump.<br \/>\n    Trump tavaly janu\u00e1rban jelentette be, hogy &#8211; v\u00e1laszt\u00e1si \u00edg\u00e9ret\u00e9hez h\u00edven &#8211; korm\u00e1nyzata kivonul a 12 orsz\u00e1g r\u00e9szv\u00e9tel\u00e9vel tartott TTP-t\u00e1rgyal\u00e1sokb\u00f3l. Az eln\u00f6k ugyanis a szabadkereskedelmi meg\u00e1llapod\u00e1sokat &#8211; a TTP mellett az \u00c9szak-amerikai Szabadkereskedelmi Egyezm\u00e9nyt (NAFTA) &#8211; tette felel\u0151ss\u00e9 az amerikai munkahelyek megsz\u0171n\u00e9s\u00e9\u00e9rt. E meg\u00e1llapod\u00e1sokkal szemben ink\u00e1bb a k\u00e9toldal\u00fa kereskedelmi egyezm\u00e9nyek fontoss\u00e1g\u00e1t hangs\u00falyozta.     Kedden Justin Trudeau kanadai korm\u00e1nyf\u0151 Davosban elmondta, hogy az \u00e1zsiai \u00e9s csendes-\u00f3ce\u00e1ni orsz\u00e1gok \u00fajrat\u00e1rgyalt\u00e1k a TTP-t, \u00e9s el is fogadt\u00e1k az \u00faj szabadkereskedelmi \u00f6vezetr\u0151l sz\u00f3l\u00f3 meg\u00e1llapod\u00e1st, imm\u00e1r az Egyes\u00fclt \u00c1llamok n\u00e9lk\u00fcl.(MTI)<\/p>\n","protected":false},"excerpt":{"rendered":"<p>Donald Trump amerikai eln\u00f6k er\u0151s doll\u00e1rt akar, \u00e9s megfontoln\u00e1 a visszat\u00e9r\u00e9st az \u00e1zsiai \u00e9s csendes-\u00f3ce\u00e1ni szabadkereskedelmi \u00f6vezetbe. Err\u0151l maga az eln\u00f6k besz\u00e9lt cs\u00fct\u00f6rt\u00f6k\u00f6n az amerikai CNBC telev\u00edzi\u00f3nak Davosban adott interj\u00faj\u00e1ban.<\/p>\n","protected":false},"author":1,"featured_media":0,"comment_status":"closed","ping_status":"open","sticky":false,"template":"","format":"standard","meta":[],"categories":[246],"tags":[],"_links":{"self":[{"href":"https:\/\/gazdasagportal.hu\/index.php\/wp-json\/wp\/v2\/posts\/102345"}],"collection":[{"href":"https:\/\/gazdasagportal.hu\/index.php\/wp-json\/wp\/v2\/posts"}],"about":[{"href":"https:\/\/gazdasagportal.hu\/index.php\/wp-json\/wp\/v2\/types\/post"}],"author":[{"embeddable":true,"href":"https:\/\/gazdasagportal.hu\/index.php\/wp-json\/wp\/v2\/users\/1"}],"replies":[{"embeddable":true,"href":"https:\/\/gazdasagportal.hu\/index.php\/wp-json\/wp\/v2\/comments?post=102345"}],"version-history":[{"count":1,"href":"https:\/\/gazdasagportal.hu\/index.php\/wp-json\/wp\/v2\/posts\/102345\/revisions"}],"predecessor-version":[{"id":102346,"href":"https:\/\/gazdasagportal.hu\/index.php\/wp-json\/wp\/v2\/posts\/102345\/revisions\/102346"}],"wp:attachment":[{"href":"https:\/\/gazdasagportal.hu\/index.php\/wp-json\/wp\/v2\/media?parent=102345"}],"wp:term":[{"taxonomy":"category","embeddable":true,"href":"https:\/\/gazdasagportal.hu\/index.php\/wp-json\/wp\/v2\/categories?post=102345"},{"taxonomy":"post_tag","embeddable":true,"href":"https:\/\/gazdasagportal.hu\/index.php\/wp-json\/wp\/v2\/tags?post=102345"}],"curies":[{"name":"wp","href":"https:\/\/api.w.org\/{rel}","templated":true}]}}