{"id":102343,"date":"2018-01-26T14:41:27","date_gmt":"2018-01-26T13:41:27","guid":{"rendered":"http:\/\/gazdasagportal.hu\/?p=102343"},"modified":"2018-01-26T08:42:33","modified_gmt":"2018-01-26T07:42:33","slug":"donald-trump-akar-csaknem-ketmillio-illegalis-bevandorlo-fiatalnak-is-megadna-az-allampolgarsagot","status":"publish","type":"post","link":"https:\/\/gazdasagportal.hu\/index.php\/donald-trump-akar-csaknem-ketmillio-illegalis-bevandorlo-fiatalnak-is-megadna-az-allampolgarsagot\/","title":{"rendered":"Donald Trump ak\u00e1r csaknem k\u00e9tmilli\u00f3 illeg\u00e1lis bev\u00e1ndorl\u00f3 fiatalnak is megadn\u00e1 az \u00e1llampolg\u00e1rs\u00e1got"},"content":{"rendered":"<p><strong>Donald Trump amerikai eln\u00f6k ak\u00e1r csaknem k\u00e9tmilli\u00f3 illeg\u00e1lis bev\u00e1ndorl\u00f3 fiatalnak is megadn\u00e1 az amerikai \u00e1llampolg\u00e1rs\u00e1got &#8211; der\u00fcl ki abb\u00f3l az egyoldalas eml\u00e9keztet\u0151b\u0151l, amelyet cs\u00fct\u00f6rt\u00f6k\u00f6n este a Feh\u00e9r H\u00e1z k\u00fcld\u00f6tt \u00e1t a kongresszusba a t\u00f6rv\u00e9nyhoz\u00f3knak.<\/strong><!--more--><\/p>\n<div class=\"ads-in-post1\"><div id=\"gazdasagportal.hu_fullbanner_wideboard\"><\/div>\r\n<\/div>\n<p>    Az eml\u00e9keztet\u0151 nagy vonalakban felv\u00e1zolja azt a tervezetet, amelyet &#8211; mint Sarah Huckabee Sanders sz\u00f3viv\u0151 m\u00e1r szerd\u00e1n jelezte &#8211; a Feh\u00e9r H\u00e1z v\u00e1rhat\u00f3an h\u00e9tf\u0151n el\u0151terjeszt  a bev\u00e1ndorl\u00e1si t\u00f6rv\u00e9ny vit\u00e1j\u00e1hoz.<br \/>\n    A tervezet szerint az eln\u00f6k megadn\u00e1 az amerikai \u00e1llampolg\u00e1rs\u00e1got a gyermekkorukban illeg\u00e1lis bev\u00e1ndorl\u00f3 sz\u00fcleikkel az Egyes\u00fclt \u00c1llamokba \u00e9rkezett \u00e9s ott feln\u0151tt fiataloknak, akiket az amerikai politikai \u00e9s k\u00f6znyelv \u00e1lmodoz\u00f3knak nevez, s akiket eddig az el\u0151z\u0151 eln\u00f6k, Barack Obama rendeleti \u00faton \u00e9letre h\u00edvott, \u00fagynevezett DACA programja v\u00e9dett a kitoloncol\u00e1st\u00f3l. A DACA angol bet\u0171sz\u00f3, a &#8222;k\u00e9sleltetett int\u00e9zked\u00e9s a gyermekkorban \u00e9rkezettek\u00e9rt&#8221; r\u00f6vid\u00edt\u00e9se. A DACA programban \u00e9rintett \u00e1lmodoz\u00f3k l\u00e9leksz\u00e1m\u00e1t mintegy 700-800 ezerre becs\u00fclik, \u00e1m a Feh\u00e9r H\u00e1z tervezet\u00e9ben az szerepel, hogy nemcsak \u0151k, hanem a programban nem szerepl\u0151, de m\u00e1s, a &#8222;DACA programra alkalmas illeg\u00e1lis bev\u00e1ndorl\u00f3 fiatalok&#8221; is megkaphatj\u00e1k az \u00e1llampolg\u00e1rs\u00e1got. A Feh\u00e9r H\u00e1z becsl\u00e9sei szerint \u00edgy ak\u00e1r 1 milli\u00f3 800 ezer fiatal is amerikai \u00e1llampolg\u00e1r lehet \u00e1m nem azonnal, hanem 10-12 \u00e9vig tart\u00f3 folyamat ut\u00e1n.<br \/>\n    A vit\u00e1ra bocs\u00e1tani rem\u00e9lt tervezet m\u00e1sik k\u00e9t fontos eleme: a leg\u00e1lis bev\u00e1ndorl\u00e1s szigor\u00edt\u00e1sa, az \u00fagynevezett l\u00e1ncbev\u00e1ndorl\u00e1s megakad\u00e1lyoz\u00e1s\u00e1val \u00e9s a v\u00edzumlott\u00f3 rendszer\u00e9nek megsz\u00fcntet\u00e9s\u00e9vel, valamint a hat\u00e1rbiztons\u00e1g er\u0151s\u00edt\u00e9se.<br \/>\n<div class=\"ads-in-post2\"><script async src=\"https:\/\/pagead2.googlesyndication.com\/pagead\/js\/adsbygoogle.js\"><\/script>\r\n<ins class=\"adsbygoogle\"\r\n     style=\"display:block\"\r\n     data-ad-format=\"fluid\"\r\n     data-ad-layout-key=\"-6t+ed+2i-1n-4w\"\r\n     data-ad-client=\"ca-pub-1959107119989764\"\r\n     data-ad-slot=\"4008251320\"><\/ins>\r\n<script>\r\n     (adsbygoogle = window.adsbygoogle || []).push({});\r\n<\/script><\/div>\n    A tervezet hangs\u00falyozza, hogy a l\u00e1ncbev\u00e1ndorl\u00e1s elker\u00fcl\u00e9se v\u00e9gett csakis h\u00e1zast\u00e1rsak \u00e9s kiskor\u00fa gyermekek k\u00f6vethetn\u00e9k a jogszer\u0171en bev\u00e1ndorl\u00f3kat, a megsz\u00fcntetend\u0151 v\u00edzumlott\u00f3r\u00f3l pedig meg\u00e1llap\u00edtja, hogy &#8222;csal\u00e1sok \u00e9s vissza\u00e9l\u00e9sek jellemezt\u00e9k, \u00e9s nem szolg\u00e1lta az Egyes\u00fclt \u00c1llamok \u00e9rdekeit&#8221;.<br \/>\n    A Feh\u00e9r H\u00e1z azt szeretn\u00e9, ha a t\u00f6rv\u00e9nyhoz\u00f3k 25 milli\u00e1rd doll\u00e1rt szavazn\u00e1nak meg a hat\u00e1rbiztons\u00e1g er\u0151s\u00edt\u00e9s\u00e9re. Az eml\u00e9keztet\u0151 szerint ez nem &#8222;\u00f3ce\u00e1nt\u00f3l \u00f3ce\u00e1nig terjed\u0151 fal&#8221; \u00e9p\u00edt\u00e9s\u00e9t jelenti, hanem &#8222;az infrastrukt\u00fara, a technol\u00f3gia, a szem\u00e9lyzet \u00e9s a forr\u00e1sok&#8221; biztos\u00edt\u00e1s\u00e1t.<br \/>\n    A Feh\u00e9r H\u00e1z sz\u00f3viv\u0151je m\u00e1r szerdai sajt\u00f3t\u00e1j\u00e9koztat\u00f3j\u00e1n jelezte a tervezet h\u00e9tf\u0151i el\u0151terjeszt\u00e9s\u00e9t. Sarah Huckabee Sanders akkor \u00fagy fogalmazott: a javaslat kompromisszumos lesz, \u00e9s a Feh\u00e9r H\u00e1z arra b\u00e1tor\u00edtja majd a t\u00f6rv\u00e9nyhoz\u00f3kat, hogy t\u00e1rgyalj\u00e1k meg.<br \/>\n    A cs\u00fct\u00f6rt\u00f6k\u00f6n este \u00e1tk\u00fcld\u00f6tt feljegyz\u00e9s els\u0151 visszhangjai vegyesek. Demokrata p\u00e1rti politikusok m\u00e1ris \u00fcdv\u00f6z\u00f6lt\u00e9k, republik\u00e1nusok azonban \u00f3vatosabban fogalmaztak, Ted Cruz texasi republik\u00e1nus szen\u00e1tor pedig r\u00f6gt\u00f6n elutas\u00edtotta. Mik\u00f6zben p\u00e9ld\u00e1ul az oklahomai republik\u00e1nus szen\u00e1tor, James Lankford vagy a d\u00e9l-dakotai republik\u00e1nus Mike Rounds szen\u00e1tor \u00fcdv\u00f6snek nevezte \u00e9s t\u00e1mogat\u00e1s\u00e1r\u00f3l biztos\u00edtotta a felv\u00e1zolt elk\u00e9pzel\u00e9seket, Ted Cruz azt hangoztatta, hogy megval\u00f3s\u00edt\u00e1suk nagy hiba lenne \u00e9s ellentmondana a v\u00e1laszt\u00f3knak tett \u00edg\u00e9reteknek.<br \/>\n    Visszafogottan nyilatkozott Mitch McConnell, a szen\u00e1tus republik\u00e1nus frakci\u00f3j\u00e1nak vezet\u0151je is, aki lesz\u00f6gezte, hogy a kongresszus m\u00e9g csak a j\u00f6v\u0151ben dolgozza ki a bev\u00e1ndorl\u00e1si t\u00f6rv\u00e9ny tervezet\u00e9t.<br \/>\n    Donald Trump, amikor tavaly szeptemberben bejelentette, hogy 2018-ban megsz\u00fcnteti a DACA programot, m\u00e1rcius 5-ig adott id\u0151t a kongresszusnak az \u00e1tfog\u00f3 bev\u00e1ndorl\u00e1si t\u00f6rv\u00e9ny kidolgoz\u00e1s\u00e1ra. Az eln\u00f6k egy\u00e9bk\u00e9nt szerd\u00e1n este, miel\u0151tt Davosba indult, r\u00f6gt\u00f6nz\u00f6tt sajt\u00f3besz\u00e9lget\u00e9s\u00e9n m\u00e1r megpend\u00edtette, hogy nyitott az \u00e1llampolg\u00e1rs\u00e1g megad\u00e1s\u00e1ra a DACA-fiataloknak.(MTI)<\/p>\n","protected":false},"excerpt":{"rendered":"<p>Donald Trump amerikai eln\u00f6k ak\u00e1r csaknem k\u00e9tmilli\u00f3 illeg\u00e1lis bev\u00e1ndorl\u00f3 fiatalnak is megadn\u00e1 az amerikai \u00e1llampolg\u00e1rs\u00e1got &#8211; der\u00fcl ki abb\u00f3l az egyoldalas eml\u00e9keztet\u0151b\u0151l, amelyet cs\u00fct\u00f6rt\u00f6k\u00f6n este a Feh\u00e9r H\u00e1z k\u00fcld\u00f6tt \u00e1t a kongresszusba a t\u00f6rv\u00e9nyhoz\u00f3knak.<\/p>\n","protected":false},"author":1,"featured_media":0,"comment_status":"closed","ping_status":"open","sticky":false,"template":"","format":"standard","meta":[],"categories":[13],"tags":[],"_links":{"self":[{"href":"https:\/\/gazdasagportal.hu\/index.php\/wp-json\/wp\/v2\/posts\/102343"}],"collection":[{"href":"https:\/\/gazdasagportal.hu\/index.php\/wp-json\/wp\/v2\/posts"}],"about":[{"href":"https:\/\/gazdasagportal.hu\/index.php\/wp-json\/wp\/v2\/types\/post"}],"author":[{"embeddable":true,"href":"https:\/\/gazdasagportal.hu\/index.php\/wp-json\/wp\/v2\/users\/1"}],"replies":[{"embeddable":true,"href":"https:\/\/gazdasagportal.hu\/index.php\/wp-json\/wp\/v2\/comments?post=102343"}],"version-history":[{"count":1,"href":"https:\/\/gazdasagportal.hu\/index.php\/wp-json\/wp\/v2\/posts\/102343\/revisions"}],"predecessor-version":[{"id":102344,"href":"https:\/\/gazdasagportal.hu\/index.php\/wp-json\/wp\/v2\/posts\/102343\/revisions\/102344"}],"wp:attachment":[{"href":"https:\/\/gazdasagportal.hu\/index.php\/wp-json\/wp\/v2\/media?parent=102343"}],"wp:term":[{"taxonomy":"category","embeddable":true,"href":"https:\/\/gazdasagportal.hu\/index.php\/wp-json\/wp\/v2\/categories?post=102343"},{"taxonomy":"post_tag","embeddable":true,"href":"https:\/\/gazdasagportal.hu\/index.php\/wp-json\/wp\/v2\/tags?post=102343"}],"curies":[{"name":"wp","href":"https:\/\/api.w.org\/{rel}","templated":true}]}}