{"id":102280,"date":"2018-01-24T15:45:36","date_gmt":"2018-01-24T14:45:36","guid":{"rendered":"http:\/\/gazdasagportal.hu\/?p=102280"},"modified":"2018-01-24T15:45:36","modified_gmt":"2018-01-24T14:45:36","slug":"a-nemetek-alig-egyharmada-tamogatja-a-nagykoalicio-folytatasat","status":"publish","type":"post","link":"https:\/\/gazdasagportal.hu\/index.php\/a-nemetek-alig-egyharmada-tamogatja-a-nagykoalicio-folytatasat\/","title":{"rendered":"A n\u00e9metek alig egyharmada t\u00e1mogatja a nagykoal\u00edci\u00f3 folytat\u00e1s\u00e1t"},"content":{"rendered":"<p><strong>Az egyharmados ar\u00e1nyt sem \u00e9ri el az \u00fajabb nagykoal\u00edci\u00f3 gondolat\u00e1nak lakoss\u00e1gi t\u00e1mogatotts\u00e1ga N\u00e9metorsz\u00e1gban egy szerd\u00e1n ismertetett felm\u00e9r\u00e9s alapj\u00e1n, amely a Bild c\u00edm\u0171 lap megb\u00edz\u00e1s\u00e1b\u00f3l k\u00e9sz\u00fclt. A lap szerint az Angela Merkel kancell\u00e1r vezette Kereszt\u00e9nydemokrata Uni\u00f3ban (CDU) m\u00e1r m\u00e9rlegelnek is egy &#8222;B-tervet&#8221; arra az esetre, ha kudarcba fullad a nagykoal\u00edci\u00f3 folytat\u00e1sa.<\/strong><!--more--><\/p>\n<div class=\"ads-in-post2\"><script async src=\"https:\/\/pagead2.googlesyndication.com\/pagead\/js\/adsbygoogle.js\"><\/script>\r\n<ins class=\"adsbygoogle\"\r\n     style=\"display:block\"\r\n     data-ad-format=\"fluid\"\r\n     data-ad-layout-key=\"-6t+ed+2i-1n-4w\"\r\n     data-ad-client=\"ca-pub-1959107119989764\"\r\n     data-ad-slot=\"4008251320\"><\/ins>\r\n<script>\r\n     (adsbygoogle = window.adsbygoogle || []).push({});\r\n<\/script><\/div>\n<p>    A CDU vezet\u0151s\u00e9g\u00e9ben ny\u00edltan besz\u00e9lnek arr\u00f3l az alternat\u00edv\u00e1r\u00f3l, hogy a bajor testv\u00e9rp\u00e1rttal, a Kereszt\u00e9nyszoci\u00e1lis Uni\u00f3val (CSU) kisebbs\u00e9gi korm\u00e1nyt alak\u00edtanak, ha a N\u00e9met Szoci\u00e1ldemokrata P\u00e1rt (SPD) nem hajland\u00f3 a k\u00f6z\u00f6s korm\u00e1nyz\u00e1s folytat\u00e1s\u00e1ra, vagy megb\u00edzhatatlan partnernek bizonyul.<br \/>\n    A Bild szerint ez a terv a lehet\u0151 legr\u00f6videbb id\u0151re sz\u00f3lna, a kisebbs\u00e9gi korm\u00e1ny a bajor tartom\u00e1nyi t\u00f6rv\u00e9nyhoz\u00e1si (Landtag-) v\u00e1laszt\u00e1sig maradna hivatalban, amelyet v\u00e1rhat\u00f3an okt\u00f3ber 14-\u00e9n tartanak, \u00e9s azzal egy id\u0151ben el\u0151rehozott sz\u00f6vets\u00e9gi parlamenti (Bundestag-) v\u00e1laszt\u00e1st rendezn\u00e9nek.<br \/>\n    A lap szerint nem vil\u00e1gos, hogy az elk\u00e9pzel\u00e9st komolyan m\u00e9rlegelik-e, vagy csak az SPD-re kifejtett nyom\u00e1st er\u0151s\u00edtik vele a hivatalos koal\u00edci\u00f3s t\u00e1rgyal\u00e1s el\u0151tt, de az biztos, hogy a kisebbs\u00e9gi korm\u00e1nyz\u00e1s re\u00e1lis alternat\u00edva. Az is biztos, hogy a CDU nem akar az el\u0151zetes koal\u00edci\u00f3s egyeztet\u00e9sen kidolgozott meg\u00e1llapod\u00e1son t\u00falmutat\u00f3 engedm\u00e9nyeket tenni a szoci\u00e1ldemokrat\u00e1knak. Angela Merkel a p\u00e1rt eln\u00f6ks\u00e9g\u00e9nek legut\u00f3bbi \u00fcl\u00e9s\u00e9n kijelentette, hogy nem aj\u00e1nd\u00e9koznak \u00fajabb politikai &#8222;tr\u00f3fe\u00e1kat&#8221; az SPD-nek &#8211; \u00edrta a Bild.<br \/>\n<div class=\"ads-in-post1\"><div id=\"gazdasagportal.hu_fullbanner_wideboard\"><\/div>\r\n<\/div>\n    A lap megb\u00edz\u00e1s\u00e1b\u00f3l k\u00e9sz\u00edtett k\u00f6zv\u00e9lem\u00e9ny-kutat\u00e1s szerint a n\u00e9metek mind\u00f6ssze 31,8 sz\u00e1zal\u00e9ka t\u00e1mogatja, hogy a CDU\/CSU \u00e9s az SPD folytassa a 2013-ban kezdett k\u00f6z\u00f6s korm\u00e1nyz\u00e1st. Az ellenz\u0151k csaknem k\u00e9tszer t\u00f6bben vannak, 58,2 sz\u00e1zal\u00e9kot tesznek ki. Az ellenz\u0151k legnagyobb &#8211; a v\u00e1laszt\u00f3k 26,2 sz\u00e1zal\u00e9k\u00e9t kitev\u0151 &#8211; csoportja az el\u0151rehozott v\u00e1laszt\u00e1st tartja a legjobb megold\u00e1snak, 16,9 sz\u00e1zal\u00e9k pedig a CDU\/CSU-s kisebbs\u00e9gi korm\u00e1nyt, \u00e9s 14,7 sz\u00e1zal\u00e9k t\u00e1mogatn\u00e1 az \u00fagynevezett Jamaica-koal\u00edci\u00f3t, a CDU\/CSU, a liber\u00e1lis Szabad Demokrata P\u00e1rt (FDP) \u00e9s a Z\u00f6ldek \u00f6sszefog\u00e1s\u00e1t.<br \/>\n    Ugyanakkor a n\u00e9metek t\u00f6bbs\u00e9ge, 54,8 sz\u00e1zal\u00e9ka azzal sz\u00e1mol, hogy Angela Merkel a tavaly szeptemberi Bundestag-v\u00e1laszt\u00e1ssal kezd\u0151d\u00f6tt ciklus v\u00e9g\u00e9ig hivatalban marad, \u00e9s csup\u00e1n 29 sz\u00e1zal\u00e9k sz\u00e1m\u00edt arra, hogy 2021 \u0151sze el\u0151tt t\u00e1vozik. Az SPD vezet\u0151je, Martin Schulz viszont a t\u00f6bbs\u00e9g &#8211; 52,3 sz\u00e1zal\u00e9k &#8211; szerint nem \u0151rzi meg tiszts\u00e9g\u00e9t a ciklus v\u00e9g\u00e9ig, \u00e9s csak 24,7 sz\u00e1zal\u00e9k sz\u00e1mol azzal, hogy 2021 \u0151sz\u00e9n is \u0151 lesz az SPD eln\u00f6ke.<br \/>\n    Az SPD a m\u00falt vas\u00e1rnapi rendk\u00edv\u00fcli kongresszus\u00e1n a k\u00fcld\u00f6ttek 56,3 sz\u00e1zal\u00e9k\u00e1nak t\u00e1mogat\u00e1s\u00e1val elhat\u00e1rozta, hogy hivatalos koal\u00edci\u00f3s t\u00e1rgyal\u00e1st kezd a CDU\/CSU-val. Ennek id\u0151pontj\u00e1t szerd\u00e1ig nem jel\u00f6lt\u00e9k ki, a CDU\/CSU r\u00e9sz\u00e9r\u0151l s\u00fcrgetik a t\u00e1rgyal\u00e1s megkezd\u00e9s\u00e9t, az SPD-n\u00e9l viszont azt mondj\u00e1k, hogy ez a h\u00e9t m\u00e9g a sorok rendez\u00e9s\u00e9nek, a t\u00e1rgyal\u00e1si poz\u00edci\u00f3k kialak\u00edt\u00e1s\u00e1nak ideje.<br \/>\n    Ha siker\u00fcl kidolgozni egy koal\u00edci\u00f3s szerz\u0151d\u00e9st, a mintegy 450 ezres tags\u00e1g\u00fa SPD p\u00e1rtszavaz\u00e1ssal, a tags\u00e1g voksai alapj\u00e1n d\u00f6nt arr\u00f3l, hogy ism\u00e9t koal\u00edci\u00f3ra l\u00e9p-e a CDU\/CSU-val. Ezt a szavaz\u00e1st a p\u00e1rtvezet\u00e9s v\u00e1rakoz\u00e1sa szerint m\u00e1rciusban rendezik meg.<br \/>\n    Az \u00faj n\u00e9met sz\u00f6vets\u00e9gi korm\u00e1ny \u00edgy h\u00fasv\u00e9t k\u00f6r\u00fcl alakulhat meg. Ez lenne Angela Merkel negyedik korm\u00e1nya, \u00e9s a harmadik nagykoal\u00edci\u00f3, amelyet a kancell\u00e1ri tiszts\u00e9get 2005 \u00f3ta bet\u00f6lt\u0151 politikus vezet.<br \/>\n    A felm\u00e9r\u00e9st az INSA k\u00f6zv\u00e9lem\u00e9ny-kutat\u00f3 int\u00e9zet v\u00e9gezte az SPD rendk\u00edv\u00fcli kongresszusa ut\u00e1n egy nappal, 1169 ember megk\u00e9rdez\u00e9s\u00e9vel. Az adatok a szavaz\u00f3kor\u00fa n\u00e9pess\u00e9gre n\u00e9zve reprezentat\u00edvak.<br \/>\n(MTI)<\/p>\n","protected":false},"excerpt":{"rendered":"<p>Az egyharmados ar\u00e1nyt sem \u00e9ri el az \u00fajabb nagykoal\u00edci\u00f3 gondolat\u00e1nak lakoss\u00e1gi t\u00e1mogatotts\u00e1ga N\u00e9metorsz\u00e1gban egy szerd\u00e1n ismertetett felm\u00e9r\u00e9s alapj\u00e1n, amely a Bild c\u00edm\u0171 lap megb\u00edz\u00e1s\u00e1b\u00f3l k\u00e9sz\u00fclt. A lap szerint az Angela Merkel kancell\u00e1r vezette Kereszt\u00e9nydemokrata Uni\u00f3ban (CDU) m\u00e1r m\u00e9rlegelnek is egy &#8222;B-tervet&#8221; arra az esetre, ha kudarcba fullad a nagykoal\u00edci\u00f3 folytat\u00e1sa.<\/p>\n","protected":false},"author":1,"featured_media":0,"comment_status":"closed","ping_status":"open","sticky":false,"template":"","format":"standard","meta":[],"categories":[12],"tags":[],"_links":{"self":[{"href":"https:\/\/gazdasagportal.hu\/index.php\/wp-json\/wp\/v2\/posts\/102280"}],"collection":[{"href":"https:\/\/gazdasagportal.hu\/index.php\/wp-json\/wp\/v2\/posts"}],"about":[{"href":"https:\/\/gazdasagportal.hu\/index.php\/wp-json\/wp\/v2\/types\/post"}],"author":[{"embeddable":true,"href":"https:\/\/gazdasagportal.hu\/index.php\/wp-json\/wp\/v2\/users\/1"}],"replies":[{"embeddable":true,"href":"https:\/\/gazdasagportal.hu\/index.php\/wp-json\/wp\/v2\/comments?post=102280"}],"version-history":[{"count":1,"href":"https:\/\/gazdasagportal.hu\/index.php\/wp-json\/wp\/v2\/posts\/102280\/revisions"}],"predecessor-version":[{"id":102281,"href":"https:\/\/gazdasagportal.hu\/index.php\/wp-json\/wp\/v2\/posts\/102280\/revisions\/102281"}],"wp:attachment":[{"href":"https:\/\/gazdasagportal.hu\/index.php\/wp-json\/wp\/v2\/media?parent=102280"}],"wp:term":[{"taxonomy":"category","embeddable":true,"href":"https:\/\/gazdasagportal.hu\/index.php\/wp-json\/wp\/v2\/categories?post=102280"},{"taxonomy":"post_tag","embeddable":true,"href":"https:\/\/gazdasagportal.hu\/index.php\/wp-json\/wp\/v2\/tags?post=102280"}],"curies":[{"name":"wp","href":"https:\/\/api.w.org\/{rel}","templated":true}]}}