{"id":102263,"date":"2018-01-24T10:03:32","date_gmt":"2018-01-24T09:03:32","guid":{"rendered":"http:\/\/gazdasagportal.hu\/?p=102263"},"modified":"2018-01-24T10:03:32","modified_gmt":"2018-01-24T09:03:32","slug":"millios-nagysagrendu-tomeg-var-libiaban-hogy-europaba-induljon","status":"publish","type":"post","link":"https:\/\/gazdasagportal.hu\/index.php\/millios-nagysagrendu-tomeg-var-libiaban-hogy-europaba-induljon\/","title":{"rendered":"Milli\u00f3s nagys\u00e1grend\u0171 t\u00f6meg v\u00e1r L\u00edbi\u00e1ban, hogy Eur\u00f3p\u00e1ba induljon"},"content":{"rendered":"<p><strong>Horv\u00e1th J\u00f3zsef biztons\u00e1gpolitikai szak\u00e9rt\u0151 szerint milli\u00f3s nagys\u00e1grend\u0171 t\u00f6meg v\u00e1r L\u00edbi\u00e1ban, hogy Eur\u00f3p\u00e1ba induljon.<\/strong><!--more--><\/p>\n<div class=\"ads-in-post2\"><script async src=\"https:\/\/pagead2.googlesyndication.com\/pagead\/js\/adsbygoogle.js\"><\/script>\r\n<ins class=\"adsbygoogle\"\r\n     style=\"display:block\"\r\n     data-ad-format=\"fluid\"\r\n     data-ad-layout-key=\"-6t+ed+2i-1n-4w\"\r\n     data-ad-client=\"ca-pub-1959107119989764\"\r\n     data-ad-slot=\"4008251320\"><\/ins>\r\n<script>\r\n     (adsbygoogle = window.adsbygoogle || []).push({});\r\n<\/script><\/div>\n<p>    A szak\u00e9rt\u0151 az M1 aktu\u00e1lis csatorna szerda reggeli m\u0171sor\u00e1ban kifejtette: egy t\u00f6rzsileg \u00e9s nemzetis\u00e9gileg is sz\u00e9ttagolt orsz\u00e1gr\u00f3l van sz\u00f3. Van egy \u00fagynevezett egys\u00e9gkorm\u00e1ny, amelynek uralma a f\u0151v\u00e1rosra, annak k\u00f6rny\u00e9k\u00e9re \u00e9s egy sz\u0171k tengerparti s\u00e1vra korl\u00e1toz\u00f3dik. Emellett ott van Halifa Haft\u00e1r t\u00e1bornok &#8211; aki m\u00f6g\u00f6tt oroszorsz\u00e1gi befoly\u00e1s is &#8222;tetten \u00e9rhet\u0151&#8221; &#8211; \u00e1ltal uralt egyre ink\u00e1bb expanzi\u00f3ban l\u00e9v\u0151 ter\u00fclet, m\u00edg a d\u00e9li r\u00e9szen a t\u00f6rzsi vezet\u0151k uralj\u00e1k a hat\u00e1rmenti z\u00f3n\u00e1t.<br \/>\n<div class=\"ads-in-post1\"><div id=\"gazdasagportal.hu_fullbanner_wideboard\"><\/div>\r\n<\/div>\n    Az elm\u00falt k\u00e9t \u00e9vben nem alakult ki egy olyan egys\u00e9ges hatalom, amely az orsz\u00e1g ter\u00fclet\u00e9nek d\u00f6nt\u0151 t\u00f6bbs\u00e9g\u00e9t uralni k\u00e9pes. A t\u00f6rzsi vezet\u0151k a d\u00e9li hat\u00e1ron, a tengeri hat\u00e1ron igyekeznek feltart\u00f3ztatni a t\u00f6meget &#8211; mondta a szak\u00e9rt\u0151, de kiemelte: a nyom\u00e1s er\u0151s\u00f6dik.<br \/>\n    Horv\u00e1th J\u00f3zsef szerint, am\u00edg nem siker\u00fcl teljesen stabiliz\u00e1lni L\u00edbi\u00e1t, az \u00e1llampolg\u00e1roknak megmutatni, hogy \u00e9rdemes ott maradni, addig nem old\u00f3dik meg a helyzet. A szak\u00e9rt\u0151 ezzel egy\u00fctt \u00fagy v\u00e9lekedett, a l\u00edbiaiak k\u00e9pesek a meg\u00e1llapod\u00e1sra, van rem\u00e9ny a politikai stabilit\u00e1sra.(MTI)<\/p>\n","protected":false},"excerpt":{"rendered":"<p>Horv\u00e1th J\u00f3zsef biztons\u00e1gpolitikai szak\u00e9rt\u0151 szerint milli\u00f3s nagys\u00e1grend\u0171 t\u00f6meg v\u00e1r L\u00edbi\u00e1ban, hogy Eur\u00f3p\u00e1ba induljon.<\/p>\n","protected":false},"author":1,"featured_media":0,"comment_status":"closed","ping_status":"open","sticky":false,"template":"","format":"standard","meta":[],"categories":[4,12],"tags":[],"_links":{"self":[{"href":"https:\/\/gazdasagportal.hu\/index.php\/wp-json\/wp\/v2\/posts\/102263"}],"collection":[{"href":"https:\/\/gazdasagportal.hu\/index.php\/wp-json\/wp\/v2\/posts"}],"about":[{"href":"https:\/\/gazdasagportal.hu\/index.php\/wp-json\/wp\/v2\/types\/post"}],"author":[{"embeddable":true,"href":"https:\/\/gazdasagportal.hu\/index.php\/wp-json\/wp\/v2\/users\/1"}],"replies":[{"embeddable":true,"href":"https:\/\/gazdasagportal.hu\/index.php\/wp-json\/wp\/v2\/comments?post=102263"}],"version-history":[{"count":1,"href":"https:\/\/gazdasagportal.hu\/index.php\/wp-json\/wp\/v2\/posts\/102263\/revisions"}],"predecessor-version":[{"id":102264,"href":"https:\/\/gazdasagportal.hu\/index.php\/wp-json\/wp\/v2\/posts\/102263\/revisions\/102264"}],"wp:attachment":[{"href":"https:\/\/gazdasagportal.hu\/index.php\/wp-json\/wp\/v2\/media?parent=102263"}],"wp:term":[{"taxonomy":"category","embeddable":true,"href":"https:\/\/gazdasagportal.hu\/index.php\/wp-json\/wp\/v2\/categories?post=102263"},{"taxonomy":"post_tag","embeddable":true,"href":"https:\/\/gazdasagportal.hu\/index.php\/wp-json\/wp\/v2\/tags?post=102263"}],"curies":[{"name":"wp","href":"https:\/\/api.w.org\/{rel}","templated":true}]}}