{"id":102247,"date":"2018-01-23T21:50:52","date_gmt":"2018-01-23T20:50:52","guid":{"rendered":"http:\/\/gazdasagportal.hu\/?p=102247"},"modified":"2018-01-23T21:50:52","modified_gmt":"2018-01-23T20:50:52","slug":"helyenkent-20-centimeter-koruli-a-horeteg","status":"publish","type":"post","link":"https:\/\/gazdasagportal.hu\/index.php\/helyenkent-20-centimeter-koruli-a-horeteg\/","title":{"rendered":"Helyenk\u00e9nt 20 centim\u00e9ter k\u00f6r\u00fcli a h\u00f3r\u00e9teg"},"content":{"rendered":"<p><strong>A magasabb fekv\u0151 helyeken 20 centim\u00e9ter k\u00f6r\u00fcli h\u00f3r\u00e9teg alakult ki: K\u00e9kestet\u0151n 26 centim\u00e9teres h\u00f3vastags\u00e1got m\u00e9rtek kedden.<\/strong><!--more--><\/p>\n<div class=\"ads-in-post2\"><script async src=\"https:\/\/pagead2.googlesyndication.com\/pagead\/js\/adsbygoogle.js\"><\/script>\r\n<ins class=\"adsbygoogle\"\r\n     style=\"display:block\"\r\n     data-ad-format=\"fluid\"\r\n     data-ad-layout-key=\"-6t+ed+2i-1n-4w\"\r\n     data-ad-client=\"ca-pub-1959107119989764\"\r\n     data-ad-slot=\"4008251320\"><\/ins>\r\n<script>\r\n     (adsbygoogle = window.adsbygoogle || []).push({});\r\n<\/script><\/div>\n<p>    A Orsz\u00e1gos Meteorol\u00f3giai Szolg\u00e1lat keddi adatai szerint M\u00e1traszentimr\u00e9n 20, Miskolc Lillaf\u00fcred-J\u00e1vork\u00faton 17, Aggteleken 12 centim\u00e9teres a h\u00f3. A 300 m\u00e9ter alatti telep\u00fcl\u00e9sek k\u00f6z\u00fcl a legnagyobb h\u00f3vastags\u00e1got Egerben m\u00e9rt\u00e9k, ott 9 centim\u00e9ternyi h\u00f3 hullott. Szentm\u00e1rtonk\u00e1t\u00e1n 7, a szolnoki rep\u00fcl\u0151t\u00e9rn\u00e9l 6 centim\u00e9teres a h\u00f3r\u00e9teg. Miskolc-Di\u00f3sgy\u0151rn\u00e9l \u00e9s Tardosn\u00e1l m\u00e9rtek m\u00e9g 5 centim\u00e9teres havat. A f\u0151v\u00e1rosi m\u00e9r\u0151\u00e1llom\u00e1sokon (Pestszentl\u0151rincen \u00e9s Pestszentimr\u00e9n) 3-5 centim\u00e9ter a h\u00f3 vastags\u00e1ga.<br \/>\n    Ezek mellett az orsz\u00e1g t\u00f6bb pontj\u00e1n van m\u00e9g n\u00e9h\u00e1ny centim\u00e9ternyi h\u00f3, t\u00f6bbfel\u00e9 alakult ki h\u00f3lepel.<br \/>\n    Az elm\u00falt napokban intenz\u00edv havaz\u00e1s volt Eur\u00f3pa t\u00f6bb orsz\u00e1g\u00e1ban \u00e9s t\u00f6bbfel\u00e9 rendk\u00edv\u00fcli lavinavesz\u00e9ly alakult ki a hegyekben. N\u00e9metorsz\u00e1g legmagasabb pontj\u00e1n, a 2962 m\u00e9ter magas Zugspitz\u00e9n m\u00e1r csaknem \u00f6tm\u00e9ter m\u00e9ly a h\u00f3.<br \/>\n<div class=\"ads-in-post1\"><div id=\"gazdasagportal.hu_fullbanner_wideboard\"><\/div>\r\n<\/div>\n    Az Orsz\u00e1gos Meteorol\u00f3giai Szolg\u00e1lat kedd este az MTI-hez eljuttatott figyelmeztet\u00e9s\u00e9ben azt \u00edrta: az \u00e9jszaka folyam\u00e1n nyugaton \u00f3nos szit\u00e1l\u00e1s el\u0151fordulhat. Szerda d\u00e9lut\u00e1n az \u00e9szakkeleti orsz\u00e1gr\u00e9szben alakulhat ki kisebb havaz\u00e1s, de ennek sor\u00e1n maximum 1 centim\u00e9ternyi friss h\u00f3 hullhat.<br \/>\n    Az el\u0151rejelz\u00e9s szerint az \u00c9szaki-k\u00f6z\u00e9phegys\u00e9g t\u00e9rs\u00e9g\u00e9ben nagyr\u00e9szt borult marad az \u00e9g, helyenk\u00e9nt tart\u00f3sabban megmaradhat a k\u00f6d, \u00e9s f\u0151k\u00e9nt arrafel\u00e9 fordulhat el\u0151 n\u00e9hol gyenge h\u00f3es\u00e9s. D\u00e9len \u00e9s nyugaton t\u00f6bb-kevesebb naps\u00fct\u00e9s is v\u00e1rhat\u00f3, az orsz\u00e1g t\u00f6bbi r\u00e9sz\u00e9n ink\u00e1bb csak r\u00f6vid napos id\u0151szakok lehetnek. A legalacsonyabb h\u0151m\u00e9rs\u00e9klet \u00e1ltal\u00e1ban m\u00ednusz 7 \u00e9s 0 fok k\u00f6z\u00f6tt alakul, de \u00e9szakkeleten enn\u00e9l n\u00e9h\u00e1ny fokkal hidegebb lehet. A legmagasabb nappali h\u0151m\u00e9rs\u00e9klet t\u00f6bbnyire 1-6 fok k\u00f6z\u00f6tt v\u00e1rhat\u00f3, de d\u00e9lnyugaton egy-k\u00e9t fokkal enyh\u00e9bb, \u00e9szakkeleten hidegebb val\u00f3sz\u00edn\u0171.<br \/>\n    A h\u00e9t tov\u00e1bbi r\u00e9sz\u00e9ben nem val\u00f3sz\u00edn\u0171 csapad\u00e9k. Emellett melegszik is az id\u0151, a maximumok t\u00f6bbfel\u00e9 10 fok k\u00f6r\u00fcl alakulnak majd.(MTI)<\/p>\n","protected":false},"excerpt":{"rendered":"<p>A magasabb fekv\u0151 helyeken 20 centim\u00e9ter k\u00f6r\u00fcli h\u00f3r\u00e9teg alakult ki: K\u00e9kestet\u0151n 26 centim\u00e9teres h\u00f3vastags\u00e1got m\u00e9rtek kedden.<\/p>\n","protected":false},"author":1,"featured_media":0,"comment_status":"closed","ping_status":"open","sticky":false,"template":"","format":"standard","meta":[],"categories":[4,7],"tags":[],"_links":{"self":[{"href":"https:\/\/gazdasagportal.hu\/index.php\/wp-json\/wp\/v2\/posts\/102247"}],"collection":[{"href":"https:\/\/gazdasagportal.hu\/index.php\/wp-json\/wp\/v2\/posts"}],"about":[{"href":"https:\/\/gazdasagportal.hu\/index.php\/wp-json\/wp\/v2\/types\/post"}],"author":[{"embeddable":true,"href":"https:\/\/gazdasagportal.hu\/index.php\/wp-json\/wp\/v2\/users\/1"}],"replies":[{"embeddable":true,"href":"https:\/\/gazdasagportal.hu\/index.php\/wp-json\/wp\/v2\/comments?post=102247"}],"version-history":[{"count":1,"href":"https:\/\/gazdasagportal.hu\/index.php\/wp-json\/wp\/v2\/posts\/102247\/revisions"}],"predecessor-version":[{"id":102248,"href":"https:\/\/gazdasagportal.hu\/index.php\/wp-json\/wp\/v2\/posts\/102247\/revisions\/102248"}],"wp:attachment":[{"href":"https:\/\/gazdasagportal.hu\/index.php\/wp-json\/wp\/v2\/media?parent=102247"}],"wp:term":[{"taxonomy":"category","embeddable":true,"href":"https:\/\/gazdasagportal.hu\/index.php\/wp-json\/wp\/v2\/categories?post=102247"},{"taxonomy":"post_tag","embeddable":true,"href":"https:\/\/gazdasagportal.hu\/index.php\/wp-json\/wp\/v2\/tags?post=102247"}],"curies":[{"name":"wp","href":"https:\/\/api.w.org\/{rel}","templated":true}]}}