{"id":102241,"date":"2018-01-23T17:10:27","date_gmt":"2018-01-23T16:10:27","guid":{"rendered":"http:\/\/gazdasagportal.hu\/?p=102241"},"modified":"2018-01-23T15:36:18","modified_gmt":"2018-01-23T14:36:18","slug":"equilor-2018-ra-35-2019-re-33-szazalekos-gdp-bovules-varhato","status":"publish","type":"post","link":"https:\/\/gazdasagportal.hu\/index.php\/equilor-2018-ra-35-2019-re-33-szazalekos-gdp-bovules-varhato\/","title":{"rendered":"Equilor: 2018-ra 3,5, 2019-re 3,3 sz\u00e1zal\u00e9kos GDP-b\u0151v\u00fcl\u00e9s v\u00e1rhat\u00f3"},"content":{"rendered":"<p><strong>A magyar gazdas\u00e1g tov\u00e1bbra is j\u00f3 \u00e1llapotban van, a GDP b\u0151v\u00fcl\u00e9s\u00e9t t\u00e1mogat\u00f3 t\u00e9nyez\u0151k kedvez\u0151 k\u00f6rnyezetet biztos\u00edtanak, \u00edgy 2018-ban 3,5 sz\u00e1zal\u00e9kos, 2019-ben 3,3 sz\u00e1zal\u00e9kos GDP-b\u0151v\u00fcl\u00e9st v\u00e1rnak az Equilor Befektet\u00e9si Zrt. elemz\u0151i.<\/strong><!--more--><\/p>\n<div class=\"ads-in-post2\"><script async src=\"https:\/\/pagead2.googlesyndication.com\/pagead\/js\/adsbygoogle.js\"><\/script>\r\n<ins class=\"adsbygoogle\"\r\n     style=\"display:block\"\r\n     data-ad-format=\"fluid\"\r\n     data-ad-layout-key=\"-6t+ed+2i-1n-4w\"\r\n     data-ad-client=\"ca-pub-1959107119989764\"\r\n     data-ad-slot=\"4008251320\"><\/ins>\r\n<script>\r\n     (adsbygoogle = window.adsbygoogle || []).push({});\r\n<\/script><\/div>\n<p>    Kiss M\u00f3nika, az Equilor Befektet\u00e9si Zrt. vezet\u0151 elemz\u0151je kedden, Budapesten sajt\u00f3t\u00e1j\u00e9koztat\u00f3n kiemelte: a fogyaszt\u00e1s tavalyi b\u0151v\u00fcl\u00e9se m\u00f6g\u00f6tt a h\u00e1ztart\u00e1sok j\u00f6vedelm\u00e9nek n\u00f6veked\u00e9se \u00e1ll, ezzel p\u00e1rhuzamosan rekord\u00e9rt\u00e9ket mutat a fogyaszt\u00f3i bizalom.<br \/>\n    R\u00e1mutatott: a magyar parlamenti v\u00e1laszt\u00e1sok hat\u00e1sa v\u00e1rhat\u00f3an elhanyagolhat\u00f3 lesz a p\u00e9nz- \u00e9s t\u0151kepiaci folyamatokra.<br \/>\n    A k\u00f6lts\u00e9gvet\u00e9si fegyelem 2018-ban is szigor\u00fa maradhat, a v\u00e1laszt\u00e1sok hat\u00e1sa legfeljebb n\u00e9h\u00e1ny tizedpontot ronthat a k\u00f6lts\u00e9gvet\u00e9si hi\u00e1nyban, \u00edgy a 2017-es v\u00e1rhat\u00f3an 2 sz\u00e1zal\u00e9k k\u00f6r\u00fcli \u00e1llamh\u00e1ztart\u00e1si hi\u00e1ny az id\u00e9n 2,4 sz\u00e1zal\u00e9kra emelkedhet.<br \/>\n    A c\u00e9g elemz\u0151i az \u00e1llamad\u00f3ss\u00e1g-cs\u00f6kkent\u00e9si \u00e9s \u00e1tstruktur\u00e1l\u00e1si terveket megval\u00f3s\u00edthat\u00f3nak l\u00e1tj\u00e1k, ezek alapj\u00e1n az \u00e1llamad\u00f3ss\u00e1gon bel\u00fcli jelenleg 22 sz\u00e1zal\u00e9kos devizaar\u00e1ny j\u00f6v\u0151re 20 sz\u00e1zal\u00e9k al\u00e1 eshet, a GDP-ar\u00e1nyos \u00e1llamad\u00f3ss\u00e1g pedig 75 sz\u00e1zal\u00e9k k\u00f6r\u00fcl alakulhatott tavaly az Eximbank n\u00e9lk\u00fcl sz\u00e1m\u00edtva.<br \/>\n<div class=\"ads-in-post1\"><div id=\"gazdasagportal.hu_fullbanner_wideboard\"><\/div>\r\n<\/div>\n    Az Equilor elemz\u0151i szerint a vil\u00e1gpolitikai folyamatokat n\u00e9zve azonban id\u00e9n a befektet\u0151knek \u00e9rdemes lesz figyelni az olaj\u00e1r alakul\u00e1s\u00e1t, az olasz parlamenti-, valamint az orosz eln\u00f6kv\u00e1laszt\u00e1st, annak hat\u00e1s\u00e1t, illetve a Brexit-t\u00e1rgyal\u00e1sok kimenetel\u00e9t.<br \/>\n    Kiss M\u00f3nika \u00fagy v\u00e9lte: ha megkezd\u0151dik a monet\u00e1ris szigor\u00edt\u00e1s az Eur\u00f3pai K\u00f6zponti Bankn\u00e1l (EKB-n\u00e1l), itthon \u00fajabb finomhangol\u00e1sra lehet sz\u00fcks\u00e9g az\u00e9rt, hogy 2019-ig nulla k\u00f6zeli szinten maradjon az alapkamat. V\u00e9lem\u00e9nye szerint a 2018-ban esed\u00e9kes hitelmin\u0151s\u00edt\u0151i d\u00f6nt\u00e9sek eset\u00e9ben, m\u00e9g ha azok fel is min\u0151s\u00edten\u00e9k Magyarorsz\u00e1got, nem v\u00e1rhat\u00f3, hogy \u00e9rdemben befoly\u00e1solj\u00e1k a magyar k\u00f6tv\u00e9nypiacot vagy a forint keresked\u00e9s\u00e9t. Kiemelte: ezzel egy\u00fctt az orsz\u00e1ggy\u0171l\u00e9si v\u00e1laszt\u00e1sok ut\u00e1n j\u00f3 es\u00e9ly van arra, hogy ak\u00e1r k\u00e9t hitelmin\u0151s\u00edt\u0151n\u00e9l is javuljon Magyarorsz\u00e1g besorol\u00e1sa.<br \/>\n    A vezet\u0151 elemz\u0151 elmondta: a forint \u00e1rfolyama 2018-ban is stabil lehet, \u00e9s egy viszonylag sz\u00e9les s\u00e1vban, 303-318 forint\/eur\u00f3 s\u00e1vban mozoghat, csak az idei \u00e9v m\u00e1sodik fel\u00e9ben, az EKB int\u00e9zked\u00e9si miatt mozdulhat el a s\u00e1v fels\u0151 sz\u00e9le fel\u00e9, ak\u00e1r \u00e9rintve a 320 forintos szintet is.<br \/>\n    Jelezte: az infl\u00e1ci\u00f3s v\u00e1rakoz\u00e1sok szerte a vil\u00e1gban tov\u00e1bbra is m\u00e9rs\u00e9keltek, idehaza az MNB legfrissebb el\u0151rejelz\u00e9se szerint a p\u00e9nzroml\u00e1s \u00fcteme 2019 k\u00f6zep\u00e9re \u00e9ri el fenntarthat\u00f3an az \u00e1rstabilit\u00e1snak megfelel\u0151 3 sz\u00e1zal\u00e9kos \u00e9rt\u00e9ket. Az idei \u00e9v elej\u00e9n \u00fajabb egyszeri hat\u00e1sok, \u00edgy p\u00e9ld\u00e1ul  az \u00e1facs\u00f6kkent\u00e9sek f\u00e9kezik az \u00e1rn\u00f6veked\u00e9st, illetve a j\u00e1rul\u00e9kcs\u00f6kkent\u00e9s is dezinfl\u00e1ci\u00f3s hat\u00e1ssal j\u00e1r. Ezzel szemben a b\u00e9rn\u00f6veked\u00e9s \u00e9s az olaj\u00e1rak mozg\u00e1sa m\u00e9g mindig infl\u00e1ci\u00f3s nyom\u00e1st jelent, \u00edgy 2018-ban 2,8 sz\u00e1zal\u00e9k, j\u00f6v\u0151re pedig 3,1 sz\u00e1zal\u00e9k lehet az infl\u00e1ci\u00f3 \u00e9ves szintje &#8211; mondta Kiss M\u00f3nika.(MTI)<\/p>\n","protected":false},"excerpt":{"rendered":"<p>A magyar gazdas\u00e1g tov\u00e1bbra is j\u00f3 \u00e1llapotban van, a GDP b\u0151v\u00fcl\u00e9s\u00e9t t\u00e1mogat\u00f3 t\u00e9nyez\u0151k kedvez\u0151 k\u00f6rnyezetet biztos\u00edtanak, \u00edgy 2018-ban 3,5 sz\u00e1zal\u00e9kos, 2019-ben 3,3 sz\u00e1zal\u00e9kos GDP-b\u0151v\u00fcl\u00e9st v\u00e1rnak az Equilor Befektet\u00e9si Zrt. elemz\u0151i.<\/p>\n","protected":false},"author":1,"featured_media":0,"comment_status":"closed","ping_status":"open","sticky":false,"template":"","format":"standard","meta":[],"categories":[19],"tags":[],"_links":{"self":[{"href":"https:\/\/gazdasagportal.hu\/index.php\/wp-json\/wp\/v2\/posts\/102241"}],"collection":[{"href":"https:\/\/gazdasagportal.hu\/index.php\/wp-json\/wp\/v2\/posts"}],"about":[{"href":"https:\/\/gazdasagportal.hu\/index.php\/wp-json\/wp\/v2\/types\/post"}],"author":[{"embeddable":true,"href":"https:\/\/gazdasagportal.hu\/index.php\/wp-json\/wp\/v2\/users\/1"}],"replies":[{"embeddable":true,"href":"https:\/\/gazdasagportal.hu\/index.php\/wp-json\/wp\/v2\/comments?post=102241"}],"version-history":[{"count":1,"href":"https:\/\/gazdasagportal.hu\/index.php\/wp-json\/wp\/v2\/posts\/102241\/revisions"}],"predecessor-version":[{"id":102242,"href":"https:\/\/gazdasagportal.hu\/index.php\/wp-json\/wp\/v2\/posts\/102241\/revisions\/102242"}],"wp:attachment":[{"href":"https:\/\/gazdasagportal.hu\/index.php\/wp-json\/wp\/v2\/media?parent=102241"}],"wp:term":[{"taxonomy":"category","embeddable":true,"href":"https:\/\/gazdasagportal.hu\/index.php\/wp-json\/wp\/v2\/categories?post=102241"},{"taxonomy":"post_tag","embeddable":true,"href":"https:\/\/gazdasagportal.hu\/index.php\/wp-json\/wp\/v2\/tags?post=102241"}],"curies":[{"name":"wp","href":"https:\/\/api.w.org\/{rel}","templated":true}]}}