{"id":10217,"date":"2013-06-19T11:50:01","date_gmt":"2013-06-19T09:50:01","guid":{"rendered":"http:\/\/stockportal.hu\/?p=10217"},"modified":"2013-06-19T11:52:45","modified_gmt":"2013-06-19T09:52:45","slug":"nem-kizart-hogy-bernanke-gyengulest-hoz-a-forintpiacon","status":"publish","type":"post","link":"https:\/\/gazdasagportal.hu\/index.php\/nem-kizart-hogy-bernanke-gyengulest-hoz-a-forintpiacon\/","title":{"rendered":"Piaci komment\u00e1r: Nem kiz\u00e1rt, hogy Bernanke gyeng\u00fcl\u00e9st hoz a forintpiacon"},"content":{"rendered":"<p><strong>A forint \u00e9s a felt\u00f6rekv\u0151 piaci deviz\u00e1k szempontj\u00e1b\u00f3l sem mindegy, hogy mik\u00e9pp d\u00f6nt a Fed, Ben Bernanke vezet\u00e9s\u00e9vel a mai \u00fcl\u00e9s\u00e9n. A piac r\u00e9g\u00f3ta v\u00e1rja, hogy tiszt\u00e1z\u00f3djon a k\u00e9p az amerikai jegybank k\u00f6r\u00fcl, ami ma \u00fagy t\u0171nik teljes\u00fclhet. A d\u00f6nt\u00e9s a forintra is komoly hat\u00e1ssal lesz.<!--more--><\/strong><br \/>\n<object width=\"480\" height=\"270\" classid=\"clsid:d27cdb6e-ae6d-11cf-96b8-444553540000\" codebase=\"http:\/\/download.macromedia.com\/pub\/shockwave\/cabs\/flash\/swflash.cab#version=6,0,40,0\"><param name=\"data\" value=\"http:\/\/gazdasagtv.hu\/embed\/?id=5163\" \/><param name=\"src\" value=\"http:\/\/gazdasagtv.hu\/embed\/?id=5163\" \/><param name=\"menu\" value=\"false\" \/><param name=\"quality\" value=\"high\" \/><param name=\"wmode\" value=\"transparent\" \/><param name=\"flashvars\" value=\"file=http:\/\/88.151.99.192\/video\/2013-06-19\/gtv-tozsdelive-budacash-20130619-hd.mp4&amp;image=http:\/\/88.151.99.192\/image\/gen\/2013-06-19\/5163.jpg&amp;showdigits=true&amp;autostart=false&amp;repeat=false&amp;dock=true&amp;controlbar=over&amp;plugins=http:\/\/plugins.longtailvideo.com\/yourlytics-1.swf,timeslidertooltipplugin-2&amp;skin=http:\/\/gazdasagtv.hu\/swf\/skin.zip\" \/><embed width=\"480\" height=\"270\" type=\"application\/x-shockwave-flash\" src=\"http:\/\/gazdasagtv.hu\/embed\/?id=5163\" data=\"http:\/\/gazdasagtv.hu\/embed\/?id=5163\" menu=\"false\" quality=\"high\" wmode=\"transparent\" flashvars=\"file=http:\/\/88.151.99.192\/video\/2013-06-19\/gtv-tozsdelive-budacash-20130619-hd.mp4&amp;image=http:\/\/88.151.99.192\/image\/gen\/2013-06-19\/5163.jpg&amp;showdigits=true&amp;autostart=false&amp;repeat=false&amp;dock=true&amp;controlbar=over&amp;plugins=http:\/\/plugins.longtailvideo.com\/yourlytics-1.swf,timeslidertooltipplugin-2&amp;skin=http:\/\/gazdasagtv.hu\/swf\/skin.zip\" \/><\/object><\/p>\n","protected":false},"excerpt":{"rendered":"<p>A forint \u00e9s a felt\u00f6rekv\u0151 piaci deviz\u00e1k szempontj\u00e1b\u00f3l sem mindegy, hogy mik\u00e9pp d\u00f6nt a Fed, Ben Bernanke vezet\u00e9s\u00e9vel a mai \u00fcl\u00e9s\u00e9n. A piac r\u00e9g\u00f3ta v\u00e1rja, hogy tiszt\u00e1z\u00f3djon a k\u00e9p az amerikai jegybank k\u00f6r\u00fcl, ami ma \u00fagy t\u0171nik teljes\u00fclhet. A d\u00f6nt\u00e9s a forintra is komoly hat\u00e1ssal lesz.<\/p>\n","protected":false},"author":1,"featured_media":0,"comment_status":"open","ping_status":"closed","sticky":false,"template":"","format":"standard","meta":[],"categories":[13],"tags":[],"_links":{"self":[{"href":"https:\/\/gazdasagportal.hu\/index.php\/wp-json\/wp\/v2\/posts\/10217"}],"collection":[{"href":"https:\/\/gazdasagportal.hu\/index.php\/wp-json\/wp\/v2\/posts"}],"about":[{"href":"https:\/\/gazdasagportal.hu\/index.php\/wp-json\/wp\/v2\/types\/post"}],"author":[{"embeddable":true,"href":"https:\/\/gazdasagportal.hu\/index.php\/wp-json\/wp\/v2\/users\/1"}],"replies":[{"embeddable":true,"href":"https:\/\/gazdasagportal.hu\/index.php\/wp-json\/wp\/v2\/comments?post=10217"}],"version-history":[{"count":3,"href":"https:\/\/gazdasagportal.hu\/index.php\/wp-json\/wp\/v2\/posts\/10217\/revisions"}],"predecessor-version":[{"id":10219,"href":"https:\/\/gazdasagportal.hu\/index.php\/wp-json\/wp\/v2\/posts\/10217\/revisions\/10219"}],"wp:attachment":[{"href":"https:\/\/gazdasagportal.hu\/index.php\/wp-json\/wp\/v2\/media?parent=10217"}],"wp:term":[{"taxonomy":"category","embeddable":true,"href":"https:\/\/gazdasagportal.hu\/index.php\/wp-json\/wp\/v2\/categories?post=10217"},{"taxonomy":"post_tag","embeddable":true,"href":"https:\/\/gazdasagportal.hu\/index.php\/wp-json\/wp\/v2\/tags?post=10217"}],"curies":[{"name":"wp","href":"https:\/\/api.w.org\/{rel}","templated":true}]}}