{"id":10214,"date":"2013-06-19T11:09:46","date_gmt":"2013-06-19T09:09:46","guid":{"rendered":"http:\/\/stockportal.hu\/?p=10214"},"modified":"2013-06-19T11:09:46","modified_gmt":"2013-06-19T09:09:46","slug":"cseh-kormanyvalsag-elore-hozott-valasztast-szeretne-a-csehek-fele","status":"publish","type":"post","link":"https:\/\/gazdasagportal.hu\/index.php\/cseh-kormanyvalsag-elore-hozott-valasztast-szeretne-a-csehek-fele\/","title":{"rendered":"Cseh korm\u00e1nyv\u00e1ls\u00e1g &#8211; el\u0151re hozott v\u00e1laszt\u00e1st szeretne a csehek fele"},"content":{"rendered":"<p><strong>El\u0151re hozott k\u00e9pvisel\u0151h\u00e1zi v\u00e1laszt\u00e1s ki\u00edr\u00e1s\u00e1t tartja a jelenlegi korm\u00e1nyv\u00e1ls\u00e1g legjobb megold\u00e1s\u00e1nak a csehek fele &#8211; der\u00fclt ki abb\u00f3l a felm\u00e9r\u00e9s\u00e9b\u0151l, amelyet a Median k\u00f6zv\u00e9lem\u00e9ny-kutat\u00f3 int\u00e9zet k\u00e9sz\u00edtett a k\u00f6zszolg\u00e1lati Cseh Telev\u00edzi\u00f3 sz\u00e1m\u00e1ra.<!--more--><\/strong><\/p>\n<p>A szerd\u00e1n nyilv\u00e1noss\u00e1gra hozott eredm\u00e9ny szerint a megk\u00e9rdezettek 49 sz\u00e1zal\u00e9ka nyilatkozott \u00fagy, hogy a kialakult belpolitikai helyzetet el\u0151re hozott v\u00e1laszt\u00e1ssal kellene megoldani. Az emberek 81 sz\u00e1zal\u00e9ka tov\u00e1bb\u00e1 \u00fagy v\u00e9li, hogy ha erre ker\u00fcl sor, akkor az \u00faj v\u00e1laszt\u00e1st min\u00e9l hamarabb, m\u00e9g szeptember-okt\u00f3ber folyam\u00e1n meg kellene rendezni.<br \/>\nAz \u00faj korm\u00e1ny \u00e9l\u00e9n a megk\u00e9rdezettek 21 sz\u00e1zal\u00e9ka p\u00e1rton k\u00edv\u00fcli politikust szeretne l\u00e1tni, m\u00edg 15 sz\u00e1zal\u00e9k Bohuslav Sobotk\u00e1t, az ellenz\u00e9ki Cseh Szoci\u00e1ldemokrata P\u00e1rt (CSSD) eln\u00f6k\u00e9t. Karel Schwarzenberg volt k\u00fcl\u00fcgyminisztert (TOP 09) 13 sz\u00e1zal\u00e9k, a polg\u00e1ri demokrata (ODS) Jir\u00ed Posp\u00edsilt 12 sz\u00e1zal\u00e9k l\u00e1tn\u00e1 sz\u00edvesen korm\u00e1nyf\u0151k\u00e9nt. Martin Kub\u00e1t, az ODS els\u0151 aleln\u00f6k\u00e9t, akit a korm\u00e1nyf\u0151i poszt egyik legf\u0151bb v\u00e1rom\u00e1nyos\u00e1nak tartanak, viszont csak a megk\u00e9rdezettek nem eg\u00e9szen hat sz\u00e1zal\u00e9ka szeretn\u00e9 minisztereln\u00f6knek.<br \/>\nEgy esetleges szak\u00e9rt\u0151i korm\u00e1nyt a felm\u00e9r\u00e9sben r\u00e9szt vev\u0151k 20,5 sz\u00e1zal\u00e9ka szeretne. A mai jobbk\u00f6z\u00e9p korm\u00e1ny hatalmon marad\u00e1s\u00e1t, de egy \u00faj korm\u00e1nyf\u0151vel az \u00e9len az emberek 14 sz\u00e1zal\u00e9ka tartan\u00e1 j\u00f3nak.<br \/>\nA megk\u00e9rdezettek n\u00e9gy\u00f6t\u00f6de egyet\u00e9rt azzal, hogy Petr Necas minisztereln\u00f6k lemondott, \u00e9s bejelentette, hogy j\u00f6v\u0151re t\u00e1vozik a nagypolitik\u00e1b\u00f3l. Ugyanakkor az emberek 51 sz\u00e1zal\u00e9ka \u00fagy v\u00e9li, hogy a botr\u00e1nynak nem lesz semmif\u00e9le komolyabb pozit\u00edv hat\u00e1sa a cseh politikai rendszerre \u00e9s kult\u00far\u00e1ra. Harminc sz\u00e1zal\u00e9k \u00fagy gondolja, hogy a botr\u00e1ny k\u00f6vetkezt\u00e9ben cs\u00f6kkenhet a korrupci\u00f3, m\u00edg 13 sz\u00e1zal\u00e9k szerint tov\u00e1bb fog n\u00f6vekedni, s Necasn\u00e1l is rosszabb emberek ker\u00fclhetnek hatalomra.<br \/>\nCsehorsz\u00e1gban azt k\u00f6vet\u0151en alakult ki korm\u00e1nyv\u00e1ls\u00e1g, hogy a rend\u0151rs\u00e9g cs\u00fct\u00f6rt\u00f6k\u00f6n razzi\u00e1t tartott a korm\u00e1nyhivatalban, a v\u00e9delmi miniszt\u00e9riumban, s \u0151rizetbe vett t\u00f6bb politikust \u00e9s magas rang\u00fa hivatalnokot, k\u00f6zt\u00fck Jana Nagyov\u00e1t, a minisztereln\u00f6k kabinetf\u0151n\u00f6k\u00e9t. A botr\u00e1ny k\u00f6vetkezt\u00e9ben Necas h\u00e9tf\u0151n lemondott hivatal\u00e1r\u00f3l, ami a hat\u00e1lyos szab\u00e1lyok szerint a korm\u00e1ny lemond\u00e1s\u00e1t is jelentette. (MTI)<\/p>\n","protected":false},"excerpt":{"rendered":"<p>El\u0151re hozott k\u00e9pvisel\u0151h\u00e1zi v\u00e1laszt\u00e1s ki\u00edr\u00e1s\u00e1t tartja a jelenlegi korm\u00e1nyv\u00e1ls\u00e1g legjobb megold\u00e1s\u00e1nak a csehek fele &#8211; der\u00fclt ki abb\u00f3l a felm\u00e9r\u00e9s\u00e9b\u0151l, amelyet a Median k\u00f6zv\u00e9lem\u00e9ny-kutat\u00f3 int\u00e9zet k\u00e9sz\u00edtett a k\u00f6zszolg\u00e1lati Cseh Telev\u00edzi\u00f3 sz\u00e1m\u00e1ra.<\/p>\n","protected":false},"author":1,"featured_media":0,"comment_status":"open","ping_status":"closed","sticky":false,"template":"","format":"standard","meta":[],"categories":[12],"tags":[],"_links":{"self":[{"href":"https:\/\/gazdasagportal.hu\/index.php\/wp-json\/wp\/v2\/posts\/10214"}],"collection":[{"href":"https:\/\/gazdasagportal.hu\/index.php\/wp-json\/wp\/v2\/posts"}],"about":[{"href":"https:\/\/gazdasagportal.hu\/index.php\/wp-json\/wp\/v2\/types\/post"}],"author":[{"embeddable":true,"href":"https:\/\/gazdasagportal.hu\/index.php\/wp-json\/wp\/v2\/users\/1"}],"replies":[{"embeddable":true,"href":"https:\/\/gazdasagportal.hu\/index.php\/wp-json\/wp\/v2\/comments?post=10214"}],"version-history":[{"count":2,"href":"https:\/\/gazdasagportal.hu\/index.php\/wp-json\/wp\/v2\/posts\/10214\/revisions"}],"predecessor-version":[{"id":10216,"href":"https:\/\/gazdasagportal.hu\/index.php\/wp-json\/wp\/v2\/posts\/10214\/revisions\/10216"}],"wp:attachment":[{"href":"https:\/\/gazdasagportal.hu\/index.php\/wp-json\/wp\/v2\/media?parent=10214"}],"wp:term":[{"taxonomy":"category","embeddable":true,"href":"https:\/\/gazdasagportal.hu\/index.php\/wp-json\/wp\/v2\/categories?post=10214"},{"taxonomy":"post_tag","embeddable":true,"href":"https:\/\/gazdasagportal.hu\/index.php\/wp-json\/wp\/v2\/tags?post=10214"}],"curies":[{"name":"wp","href":"https:\/\/api.w.org\/{rel}","templated":true}]}}