{"id":102047,"date":"2018-01-16T17:39:07","date_gmt":"2018-01-16T16:39:07","guid":{"rendered":"http:\/\/gazdasagportal.hu\/?p=102047"},"modified":"2018-01-16T17:39:07","modified_gmt":"2018-01-16T16:39:07","slug":"a-szemelyes-adat-ertek-amit-majustol-eu-s-rendelet-ved","status":"publish","type":"post","link":"https:\/\/gazdasagportal.hu\/index.php\/a-szemelyes-adat-ertek-amit-majustol-eu-s-rendelet-ved\/","title":{"rendered":"A szem\u00e9lyes adat \u00e9rt\u00e9k, amit m\u00e1just\u00f3l EU-s rendelet v\u00e9d"},"content":{"rendered":"<p><strong>M\u00e1jus 25-\u00e9n az \u00f6sszes uni\u00f3s tag\u00e1llamban \u00e9letbe l\u00e9p az egys\u00e9ges adatv\u00e9delmi rendelet (GDPR), amire m\u00e1r csak rohamtemp\u00f3ban lehet felk\u00e9sz\u00fclni. A szab\u00e1lyoz\u00e1s, amelynek megs\u00e9rt\u00e9s\u00e9t m\u00e1jus ut\u00e1n s\u00falyosan szankcion\u00e1lhatj\u00e1k, alapos felk\u00e9sz\u00fcl\u00e9st \u00e9s sokszor szeml\u00e9letv\u00e1lt\u00e1st is ig\u00e9nyel minden c\u00e9gt\u0151l, ahol szem\u00e9lyes adatokat kezelnek. Ez gyakorlatilag az \u00f6sszes v\u00e1llalkoz\u00e1st \u00e9rinti a legnagyobbakt\u00f3l az ak\u00e1r csak egy alkalmazottat foglalkoztat\u00f3 legkisebbekig. Az \u00e1tgondolt felk\u00e9sz\u00fcl\u00e9st a szakemberek a kis c\u00e9gekn\u00e9l is 6-8 h\u00f3napra taks\u00e1lj\u00e1k. Akik m\u00e9g nem kezdt\u00e9k el, az utols\u00f3 ut\u00e1ni \u00f3r\u00e1kra kaphatnak egy list\u00e1t a legfontosabb \u00e1tgondoland\u00f3 k\u00e9rd\u00e9sekr\u0151l \u00e9s l\u00e9p\u00e9sekr\u0151l a pap\u00edralap\u00fa adatv\u00e9delemmel foglalkoz\u00f3 Fellowes c\u00e9gt\u0151l.\u00a0 <\/strong><!--more--><\/p>\n<div class=\"ads-in-post2\"><script async src=\"https:\/\/pagead2.googlesyndication.com\/pagead\/js\/adsbygoogle.js\"><\/script>\r\n<ins class=\"adsbygoogle\"\r\n     style=\"display:block\"\r\n     data-ad-format=\"fluid\"\r\n     data-ad-layout-key=\"-6t+ed+2i-1n-4w\"\r\n     data-ad-client=\"ca-pub-1959107119989764\"\r\n     data-ad-slot=\"4008251320\"><\/ins>\r\n<script>\r\n     (adsbygoogle = window.adsbygoogle || []).push({});\r\n<\/script><\/div>\n<p>Az \u00faj adatv\u00e9delmi rendelet betart\u00e1s\u00e1n\u00e1l a legnehezebb tal\u00e1n azt a szeml\u00e9letv\u00e1lt\u00e1st megl\u00e9pni, hogy megfordul a bizony\u00edt\u00e1si teher. M\u00e1just\u00f3l nem a mag\u00e1nszem\u00e9lyeknek \u00e9s a hat\u00f3s\u00e1gnak kell bizony\u00edtani, hogy a v\u00e1llalat megs\u00e9rtette az adatkezel\u00e9si rendeletben el\u0151\u00edrtakat, hanem a c\u00e9geknek kell igazolniuk, hogy helyesen kezelik a n\u00e1luk jogszer\u0171en fellelhet\u0151 adatokat, illetve a feleslegess\u00e9 v\u00e1l\u00f3 vagy illet\u00e9ktelen\u00fcl birtokukban l\u00e9v\u0151ket megsemmis\u00edtik.<\/p>\n<p>\u201e<em>Az \u00faj rendelet alapelveinek bevezet\u00e9se teh\u00e1t az eddigiekt\u0151l n\u00e9mileg elt\u00e9r\u0151 megk\u00f6zel\u00edt\u00e9st ig\u00e9nyel<\/em> \u2013 hangs\u00falyozza Kreutz L\u00e1szl\u00f3, a Fellowes Hungary \u00fcgyvezet\u0151je. \u2013 <em>El\u0151sz\u00f6r is meg kell \u00e9rteni, hogy ez v\u00e1llalati szinten majdnem minden ter\u00fcletet \u00e9rint, nem korl\u00e1toz\u00f3dik csak a jogi, IT vagy HR oszt\u00e1lyokra. M\u00e1sr\u00e9szt azzal az attit\u0171ddel kell szak\u00edtani, hogy min\u00e9l t\u00f6bb adatot min\u00e9l sz\u00e9lesebb k\u00f6rben osszunk meg. M\u00e1just\u00f3l csak az f\u00e9rhet az adatokhoz, akinek arra a rendelet \u00e9rtelm\u00e9ben megokolhat\u00f3 jogosults\u00e1ga lesz. Fontos kiemelni azt is, hogy az \u00faj szab\u00e1lyoz\u00e1s \u00e9pp \u00fagy vonatkozik a pap\u00edralap\u00fa adatokra, mint a digit\u00e1lisan kezeltekre, \u00e9s nem el\u00e9g csak a m\u00e1jusi indul\u00e1sra felk\u00e9sz\u00fclni, ez onnant\u00f3l folyamatos adatv\u00e9delmi feladatokat r\u00f3 majd a v\u00e1llalkoz\u00e1sokra.\u201d<\/em><\/p><div id=\"gazda-3501453441\" class=\"gazda-tartalomban gazda-entity-placement\"><script async src=\"https:\/\/pagead2.googlesyndication.com\/pagead\/js\/adsbygoogle.js\"><\/script>\r\n<ins class=\"adsbygoogle\"\r\n     style=\"display:block\"\r\n     data-ad-format=\"fluid\"\r\n     data-ad-layout-key=\"-6t+ed+2i-1n-4w\"\r\n     data-ad-client=\"ca-pub-1959107119989764\"\r\n     data-ad-slot=\"4008251320\"><\/ins>\r\n<script>\r\n     (adsbygoogle = window.adsbygoogle || []).push({});\r\n<\/script><\/div>\n<div class=\"ads-in-post1\"><div id=\"gazdasagportal.hu_fullbanner_wideboard\"><\/div>\r\n<\/div>\n<strong>A legfontosabb tan\u00e1csokat a Fellowes pontokba szedte, hogy ezzel is seg\u00edtse a felk\u00e9sz\u00fcl\u00e9st:<\/strong><\/p>\n<ol>\n<li>V\u00e9gezzen adatv\u00e9delmi hat\u00e1svizsg\u00e1latot! El\u0151sz\u00f6r is azonos\u00edtsa be, hogy mi sz\u00e1m\u00edt szem\u00e9lyes adatnak. Csak olyanok legyenek a c\u00e9ge birtok\u00e1ban, amelyekre bizony\u00edthat\u00f3an sz\u00fcks\u00e9g van \u00e9s jogszer\u0171en jutott hozz\u00e1;<\/li>\n<li>K\u00e9sz\u00edtsen elt\u00e9r\u00e9s-elemz\u00e9st, n\u00e9zze meg, hogy c\u00e9g\u00e9n\u00e9l milyen elt\u00e9r\u00e9sek vannak az eddigi adatkezel\u00e9si gyakorlatban a GDPR-ban el\u0151\u00edrtakhoz k\u00e9pest;<\/li>\n<li>Dolgozzon ki olyan megold\u00e1sokat \u00e9s miel\u0151tt megv\u00e1s\u00e1roln\u00e1 vagy bevezetn\u00e9, tesztelje azokat, amelyekkel a j\u00f6v\u0151ben eleget tud tenni a GDPR-nak;<\/li>\n<li>Gy\u0151z\u0151dj\u00f6n meg r\u00f3la, hogy rendelkezik a m\u00e1r sz\u00fcks\u00e9gtelen adatok biztons\u00e1gos megsemmis\u00edt\u00e9s\u00e9re vonatkoz\u00f3 gyakorlattal \u00e9s eszk\u00f6z\u00f6kkel; a biztons\u00e1g kedv\u00e9\u00e9rt helyezz\u00fcnk el iratmegsemmis\u00edt\u0151ket a nyomtat\u00f3 \u00e9s f\u00e9nym\u00e1sol\u00f3 mell\u00e9, valamint a vezet\u0151i irod\u00e1ban<\/li>\n<li>Hat\u00e1rozza meg, hogy kinek, milyen adatokhoz lehet jogszer\u0171 hozz\u00e1f\u00e9r\u00e9se a c\u00e9gn\u00e9l, gondoskodjanak a megfelel\u0151 t\u00e1rol\u00e1sr\u00f3l;<\/li>\n<li>Bizonyosodjon meg r\u00f3la, hogy az \u00faj alapelvek, mint a kifejezett hozz\u00e1j\u00e1rul\u00e1s, az adatok t\u00f6rl\u00e9s\u00e9re val\u00f3 jog, az adathordozhat\u00f3s\u00e1ghoz val\u00f3 jog \u00e9s a tiltakoz\u00e1shoz val\u00f3 jog, mind szerepelnek az \u00fcgyrendi szab\u00e1lyzatokban;<\/li>\n<li>Dolgozzon ki elj\u00e1r\u00e1sm\u00f3dot az adatv\u00e9delmi incidens jelent\u00e9s\u00e9re \u00e9s elh\u00e1r\u00edt\u00e1s\u00e1ra. Pr\u00f3b\u00e1lja ki ezt \u00fagy, mintha t\u0171zv\u00e9delmi gyakorlatot tartana;<\/li>\n<li>Vizsg\u00e1lja \u00e1t a v\u00e1llalat\u00e1n\u00e1l megtal\u00e1lhat\u00f3 szerz\u0151d\u00e9seket, bele\u00e9rtve a besz\u00e1ll\u00edt\u00f3i szerz\u0151d\u00e9seket is. Gy\u0151z\u0151dj\u00f6n meg r\u00f3la, hogy az adatv\u00e9delem ter\u00e9n a besz\u00e1ll\u00edt\u00f3 partnereivel szemben vannak szerz\u0151d\u00e9ses jogai \u00e9s ragaszkodjon is ezekhez. A beszerz\u00e9si folyamatokba be kell \u00e9p\u00edteni elv\u00e1r\u00e1sk\u00e9nt a rendeletnek val\u00f3 megfelel\u00e9st;<\/li>\n<li>K\u00fcl\u00f6n rendelkezni kell arr\u00f3l, hogy harmadik f\u00e9lnek milyen adatokat lehet \u00e1tadni;<\/li>\n<li>Ind\u00edtson adatv\u00e9delmi k\u00e9pz\u00e9st a koll\u00e9g\u00e1inak, vegye fontol\u00f3ra adatv\u00e9delmi biztos kinevez\u00e9s\u00e9t;<\/li>\n<li>Rendszeresen vizsg\u00e1lja meg, hogy meg tud-e felelni c\u00e9ge a GDPR-nak, azonos\u00edtsa az esetleges probl\u00e9m\u00e1kat \u00e9s orvosolja azokat;<\/li>\n<li>Sz\u00e1moljon azzal, hogy m\u00e1jusig ez egy intenz\u00edv felk\u00e9sz\u00fcl\u00e9si szakaszt jelent c\u00e9ge \u00e9let\u00e9ben, el kell v\u00e9gezni a selejtez\u00e9st \u00e9s gondoskodni kell a f\u00f6l\u00f6sleges iratok biztons\u00e1gos megsemmis\u00edt\u00e9s\u00e9r\u0151l. M\u00e1jus ut\u00e1n pedig folyamatosan kell v\u00e9gezni ezt a tev\u00e9kenys\u00e9get, hogy c\u00e9ge eleget tudjon tenni a GDPR-ban el\u0151\u00edrtaknak.<\/li>\n<\/ol>\n<p>&nbsp;<\/p>\n","protected":false},"excerpt":{"rendered":"<p>M\u00e1jus 25-\u00e9n az \u00f6sszes uni\u00f3s tag\u00e1llamban \u00e9letbe l\u00e9p az egys\u00e9ges adatv\u00e9delmi rendelet (GDPR), amire m\u00e1r csak rohamtemp\u00f3ban lehet felk\u00e9sz\u00fclni. A szab\u00e1lyoz\u00e1s, amelynek megs\u00e9rt\u00e9s\u00e9t m\u00e1jus ut\u00e1n s\u00falyosan szankcion\u00e1lhatj\u00e1k, alapos felk\u00e9sz\u00fcl\u00e9st \u00e9s sokszor szeml\u00e9letv\u00e1lt\u00e1st is ig\u00e9nyel minden c\u00e9gt\u0151l, ahol szem\u00e9lyes adatokat kezelnek. Ez gyakorlatilag az \u00f6sszes v\u00e1llalkoz\u00e1st \u00e9rinti a legnagyobbakt\u00f3l az ak\u00e1r csak egy alkalmazottat foglalkoztat\u00f3 legkisebbekig. &#8230;<\/p>\n","protected":false},"author":1,"featured_media":0,"comment_status":"closed","ping_status":"open","sticky":false,"template":"","format":"standard","meta":[],"categories":[4,12],"tags":[],"_links":{"self":[{"href":"https:\/\/gazdasagportal.hu\/index.php\/wp-json\/wp\/v2\/posts\/102047"}],"collection":[{"href":"https:\/\/gazdasagportal.hu\/index.php\/wp-json\/wp\/v2\/posts"}],"about":[{"href":"https:\/\/gazdasagportal.hu\/index.php\/wp-json\/wp\/v2\/types\/post"}],"author":[{"embeddable":true,"href":"https:\/\/gazdasagportal.hu\/index.php\/wp-json\/wp\/v2\/users\/1"}],"replies":[{"embeddable":true,"href":"https:\/\/gazdasagportal.hu\/index.php\/wp-json\/wp\/v2\/comments?post=102047"}],"version-history":[{"count":1,"href":"https:\/\/gazdasagportal.hu\/index.php\/wp-json\/wp\/v2\/posts\/102047\/revisions"}],"predecessor-version":[{"id":102048,"href":"https:\/\/gazdasagportal.hu\/index.php\/wp-json\/wp\/v2\/posts\/102047\/revisions\/102048"}],"wp:attachment":[{"href":"https:\/\/gazdasagportal.hu\/index.php\/wp-json\/wp\/v2\/media?parent=102047"}],"wp:term":[{"taxonomy":"category","embeddable":true,"href":"https:\/\/gazdasagportal.hu\/index.php\/wp-json\/wp\/v2\/categories?post=102047"},{"taxonomy":"post_tag","embeddable":true,"href":"https:\/\/gazdasagportal.hu\/index.php\/wp-json\/wp\/v2\/tags?post=102047"}],"curies":[{"name":"wp","href":"https:\/\/api.w.org\/{rel}","templated":true}]}}