{"id":102035,"date":"2018-01-16T10:01:08","date_gmt":"2018-01-16T09:01:08","guid":{"rendered":"http:\/\/gazdasagportal.hu\/?p=102035"},"modified":"2018-01-16T10:01:08","modified_gmt":"2018-01-16T09:01:08","slug":"tozsde-vegyes-tobbsegeben-pozitiv-kezdes-europaban-2","status":"publish","type":"post","link":"https:\/\/gazdasagportal.hu\/index.php\/tozsde-vegyes-tobbsegeben-pozitiv-kezdes-europaban-2\/","title":{"rendered":"T\u0151zsde &#8211; Vegyes, t\u00f6bbs\u00e9g\u00e9ben pozit\u00edv kezd\u00e9s Eur\u00f3p\u00e1ban"},"content":{"rendered":"<p><strong>Vegyesen, t\u00f6bbs\u00e9g\u00e9ben m\u00e9rs\u00e9kelt indexemelked\u00e9ssel nyitottak kedden a f\u0151bb eur\u00f3pai \u00e9rt\u00e9kpap\u00edrpiacok.<\/strong><!--more--><\/p>\n<div class=\"ads-in-post2\"><script async src=\"https:\/\/pagead2.googlesyndication.com\/pagead\/js\/adsbygoogle.js\"><\/script>\r\n<ins class=\"adsbygoogle\"\r\n     style=\"display:block\"\r\n     data-ad-format=\"fluid\"\r\n     data-ad-layout-key=\"-6t+ed+2i-1n-4w\"\r\n     data-ad-client=\"ca-pub-1959107119989764\"\r\n     data-ad-slot=\"4008251320\"><\/ins>\r\n<script>\r\n     (adsbygoogle = window.adsbygoogle || []).push({});\r\n<\/script><\/div>\n<p>    A p\u00e1n-eur\u00f3pai FTSE Eurofirst 300 index 0,08 sz\u00e1zal\u00e9k emelked\u00e9ssel, az eur\u00f3\u00f6vezeti EuroStoxx50 index 0,01 sz\u00e1zal\u00e9k cs\u00f6kken\u00e9ssel kezdte a keddi keresked\u00e9st.<br \/>\n    Londonban 0,02 sz\u00e1zal\u00e9k emelked\u00e9ssel nyitott az FTSE-100 index, a frankfurti DAX index 0,18 sz\u00e1zal\u00e9k, a p\u00e1rizsi CAC-40 index 0,14 sz\u00e1zal\u00e9k emelked\u00e9ssel kezdett. Madridban 0,12 sz\u00e1zal\u00e9kkal, Mil\u00e1n\u00f3ban 0,11 sz\u00e1zal\u00e9kkal nyitott er\u0151sebben a t\u0151zsdeindex.(MTI)<br \/>\n<div class=\"ads-in-post2\"><script async src=\"https:\/\/pagead2.googlesyndication.com\/pagead\/js\/adsbygoogle.js\"><\/script>\r\n<ins class=\"adsbygoogle\"\r\n     style=\"display:block\"\r\n     data-ad-format=\"fluid\"\r\n     data-ad-layout-key=\"-6t+ed+2i-1n-4w\"\r\n     data-ad-client=\"ca-pub-1959107119989764\"\r\n     data-ad-slot=\"4008251320\"><\/ins>\r\n<script>\r\n     (adsbygoogle = window.adsbygoogle || []).push({});\r\n<\/script><\/div>\n","protected":false},"excerpt":{"rendered":"<p>Vegyesen, t\u00f6bbs\u00e9g\u00e9ben m\u00e9rs\u00e9kelt indexemelked\u00e9ssel nyitottak kedden a f\u0151bb eur\u00f3pai \u00e9rt\u00e9kpap\u00edrpiacok.<\/p>\n","protected":false},"author":1,"featured_media":0,"comment_status":"closed","ping_status":"open","sticky":false,"template":"","format":"standard","meta":[],"categories":[8],"tags":[],"_links":{"self":[{"href":"https:\/\/gazdasagportal.hu\/index.php\/wp-json\/wp\/v2\/posts\/102035"}],"collection":[{"href":"https:\/\/gazdasagportal.hu\/index.php\/wp-json\/wp\/v2\/posts"}],"about":[{"href":"https:\/\/gazdasagportal.hu\/index.php\/wp-json\/wp\/v2\/types\/post"}],"author":[{"embeddable":true,"href":"https:\/\/gazdasagportal.hu\/index.php\/wp-json\/wp\/v2\/users\/1"}],"replies":[{"embeddable":true,"href":"https:\/\/gazdasagportal.hu\/index.php\/wp-json\/wp\/v2\/comments?post=102035"}],"version-history":[{"count":1,"href":"https:\/\/gazdasagportal.hu\/index.php\/wp-json\/wp\/v2\/posts\/102035\/revisions"}],"predecessor-version":[{"id":102036,"href":"https:\/\/gazdasagportal.hu\/index.php\/wp-json\/wp\/v2\/posts\/102035\/revisions\/102036"}],"wp:attachment":[{"href":"https:\/\/gazdasagportal.hu\/index.php\/wp-json\/wp\/v2\/media?parent=102035"}],"wp:term":[{"taxonomy":"category","embeddable":true,"href":"https:\/\/gazdasagportal.hu\/index.php\/wp-json\/wp\/v2\/categories?post=102035"},{"taxonomy":"post_tag","embeddable":true,"href":"https:\/\/gazdasagportal.hu\/index.php\/wp-json\/wp\/v2\/tags?post=102035"}],"curies":[{"name":"wp","href":"https:\/\/api.w.org\/{rel}","templated":true}]}}