{"id":102023,"date":"2018-01-15T19:21:38","date_gmt":"2018-01-15T18:21:38","guid":{"rendered":"http:\/\/gazdasagportal.hu\/?p=102023"},"modified":"2018-01-15T17:23:54","modified_gmt":"2018-01-15T16:23:54","slug":"airbus-leall-az-a380-as-gyartasa-ha-nem-lesznek-uj-megrendelesek","status":"publish","type":"post","link":"https:\/\/gazdasagportal.hu\/index.php\/airbus-leall-az-a380-as-gyartasa-ha-nem-lesznek-uj-megrendelesek\/","title":{"rendered":"Airbus: le\u00e1ll az A380-as gy\u00e1rt\u00e1sa, ha nem lesznek \u00faj megrendel\u00e9sek"},"content":{"rendered":"<p><strong>Az Airbus le\u00e1ll\u00edtja a vil\u00e1g legnagyobb utassz\u00e1ll\u00edt\u00f3ja, az A380-as gy\u00e1rt\u00e1s\u00e1t, ha nem siker\u00fcl \u00faj megrendel\u00e9seket begy\u0171jteni &#8211; mondta John Leahy, a toulouse-i gy\u00e1rt\u00f3 kereskedelmi vezet\u0151je h\u00e9tf\u0151n.<\/strong><!--more--><\/p>\n<div class=\"ads-in-post1\"><div id=\"gazdasagportal.hu_fullbanner_wideboard\"><\/div>\r\n<\/div>\n<p>    Az Airbus \u00e9ves \u00e9rt\u00e9kes\u00edt\u00e9si \u00e9s \u00e1tad\u00e1si statisztik\u00e1j\u00e1r\u00f3l tartott, az interneten is k\u00f6zvet\u00edtett sajt\u00f3t\u00e1j\u00e9koztat\u00f3n k\u00e9rd\u00e9sre v\u00e1laszolva John Leahy azt mondta, az Emirates kez\u00e9ben van az A380-as sorsa, ha a dubaji sz\u00e9khely\u0171 c\u00e9g nem rendel \u00fajakat, akkor le kell \u00e1ll\u00edtaniuk a gy\u00e1rt\u00e1st. A le\u00e1ll\u00edt\u00e1sra vonatkoz\u00f3 tervek m\u00e1r elk\u00e9sz\u00fcltek.<br \/>\n    November v\u00e9g\u00e9vel sz\u00e1z g\u00e9p v\u00e1rt m\u00e9g gy\u00e1rt\u00e1sra. Az elm\u00falt t\u00edz \u00e9vben 317 g\u00e9pre adtak le rendel\u00e9st a l\u00e9git\u00e1rsas\u00e1gok, ebb\u0151l 217-et sz\u00e1ll\u00edtottak le tavaly november v\u00e9g\u00e9ig. A mind\u00f6ssze t\u00edz \u00e9ve gy\u00e1rt\u00e1sban l\u00e9v\u0151, 600 utast is sz\u00e1ll\u00edtani k\u00e9pes rep\u00fcl\u0151b\u0151l az Airbus j\u00f6v\u0151re havonta egy, 2019-t\u0151l viszont \u00e9vente 8 gy\u00e1rt\u00e1s\u00e1t tervezi.<br \/>\n    Az Airbus legut\u00f3bb a jap\u00e1n All Nippon Airways-nek adott el h\u00e1rom A380-ast 2016 janu\u00e1rj\u00e1ban. Ezeket m\u00e9g a szint\u00e9n jap\u00e1n Skymark diszkont l\u00e9git\u00e1rsas\u00e1g rendelte meg, de a c\u00e9g cs\u0151dbe ment, \u00e9s az ANA vette \u00e1t a rendel\u00e9s\u00e1llom\u00e1nyt. A gy\u00e1rt\u00f3sorok biztos fenntart\u00e1sa \u00e9rdek\u00e9ben legal\u00e1bb 30 \u00faj g\u00e9p gy\u00e1rt\u00e1s\u00e1ra kellene leszerz\u0151dnie a gy\u00e1rt\u00f3nak.<br \/>\n<div class=\"ads-in-post2\"><script async src=\"https:\/\/pagead2.googlesyndication.com\/pagead\/js\/adsbygoogle.js\"><\/script>\r\n<ins class=\"adsbygoogle\"\r\n     style=\"display:block\"\r\n     data-ad-format=\"fluid\"\r\n     data-ad-layout-key=\"-6t+ed+2i-1n-4w\"\r\n     data-ad-client=\"ca-pub-1959107119989764\"\r\n     data-ad-slot=\"4008251320\"><\/ins>\r\n<script>\r\n     (adsbygoogle = window.adsbygoogle || []).push({});\r\n<\/script><\/div>\n     Az \u0151szi Dubaji L\u00e9gi Szalonon az Emirates a v\u00e1rakoz\u00e1sokt\u00f3l elt\u00e9r\u0151en nem  adott le \u00fajabb rendel\u00e9st A380-asra, amelynek m\u00e1r most is a legnagyobb \u00fczemeltet\u0151je a vil\u00e1gon: a sz\u00e1zadik g\u00e9pet id\u00e9n novemberen vett\u00e9k \u00e1t, \u00e9s tov\u00e1bbi 42 \u00e9rkez\u00e9se v\u00e1rhat\u00f3. A l\u00e9git\u00e1rsas\u00e1g vezet\u00e9se az\u00e9rt nem rendelt t\u00f6bbet, mert nem l\u00e1tt\u00e1k biztos\u00edtottnak, hogy az Airbus legal\u00e1bb t\u00edz \u00e9vig fenntartja a gy\u00e1rt\u00e1st. Ehhez viszont az kellett volna, hogy az Emirates leadja a rendel\u00e9st.<br \/>\n    Az Airbus t\u00edz \u00e9vvel ezel\u0151tt az\u00e9rt h\u00edvta \u00e9letre 11 milli\u00e1rd eur\u00f3s fejleszt\u00e9si k\u00f6lts\u00e9ggel az A380-ast, mert a tanulm\u00e1nyok azt mutatt\u00e1k: az utasforgalom folyamatosan emelkedni fog, a rep\u00fcl\u0151t\u00e9ri infrastrukt\u00fara \u00e9s a lesz\u00e1ll\u00e1si r\u00e9sid\u0151k viszont ezt nem tudj\u00e1k k\u00f6vetni, ez\u00e9rt nagyobb g\u00e9pekre lesz sz\u00fcks\u00e9g. A l\u00e9git\u00e1rsas\u00e1gok v\u00e9g\u00fcl az\u00e9rt nem rendeltek t\u00f6bbet az \u00f3ri\u00e1sg\u00e9pb\u0151l, mert egyszerre neh\u00e9z megt\u00f6lteni egy j\u00e1ratot, speci\u00e1lis rep\u00fcl\u0151t\u00e9ri infrastrukt\u00far\u00e1t ig\u00e9nyel, illetve n\u00e9gy hajt\u00f3m\u0171ve miatt az egy utasra jut\u00f3 k\u00f6lts\u00e9gek magasabbak, mint a k\u00e9thajt\u00f3m\u0171ves, de kevesebb utast sz\u00e1ll\u00edtani k\u00e9pes versenyt\u00e1rsain\u00e1l. Az A380-as hagyom\u00e1nyos, n\u00e9gyoszt\u00e1lyos elrendez\u00e9sben 544 utas sz\u00e1ll\u00edt\u00e1s\u00e1ra k\u00e9pes.<br \/>\n    Az els\u0151 A380-ast t\u00edz \u00e9vvel ezel\u0151tt a Singapore Airlines vette \u00e1t \u00e9s helyezte \u00fczembe, ezt a g\u00e9pet j\u00faniusban a szingap\u00fari l\u00e9git\u00e1rsas\u00e1g visszaadta a l\u00edzingbe ad\u00f3 DS Aviationnek, a g\u00e9pet jelenleg a franciaorsz\u00e1gi Tarbes-Lourdes-Pyrenn\u00e9es rep\u00fcl\u0151t\u00e9ren t\u00e1rolj\u00e1k, nincs kereskedelmi forgalomban. Az eur\u00f3pai l\u00e9git\u00e1rsas\u00e1gok k\u00f6z\u00fcl az Airbus r\u00e9szv\u00e9nyes orsz\u00e1gainak f\u0151 l\u00e9git\u00e1rsas\u00e1gai, a British Airways, az Air France \u00e9s a Lufthansa v\u00e1s\u00e1rolt a g\u00e9pb\u0151l.<br \/>\n    A 72,7 m\u00e9ter hossz\u00fa, 24 m\u00e9ter magas \u00e9s 79,7 m\u00e9ter sz\u00e1rnyfeszt\u00e1vols\u00e1g\u00fa g\u00e9p a valaha volt legnagyobb utassz\u00e1ll\u00edt\u00f3 rep\u00fcl\u0151g\u00e9p, amit gy\u00e1rtottak. Nagyobb az ikonikus, a rep\u00fcl\u00e9st az 1970-es \u00e9vekben forradalmas\u00edt\u00f3 Boeing 747-es Jumbo Jetn\u00e9l is. A 276 tonn\u00e1s, n\u00e9gyhajt\u00f3m\u0171ves A380-800-as 15 200 kilom\u00e9teres hat\u00f3t\u00e1vols\u00e1g\u00fa. B\u00e1r az Airbus tervbe vette a nagyobb, 900-as, \u00e9s az \u00e1rusz\u00e1ll\u00edt\u00f3 verzi\u00f3t elk\u00e9sz\u00edt\u00e9s\u00e9t is, ezek kifejleszt\u00e9s\u00e9r\u0151l \u00e9rdekl\u0151d\u00e9s hi\u00e1ny\u00e1ban lemondott.(MTI)<\/p>\n","protected":false},"excerpt":{"rendered":"<p>Az Airbus le\u00e1ll\u00edtja a vil\u00e1g legnagyobb utassz\u00e1ll\u00edt\u00f3ja, az A380-as gy\u00e1rt\u00e1s\u00e1t, ha nem siker\u00fcl \u00faj megrendel\u00e9seket begy\u0171jteni &#8211; mondta John Leahy, a toulouse-i gy\u00e1rt\u00f3 kereskedelmi vezet\u0151je h\u00e9tf\u0151n.<\/p>\n","protected":false},"author":1,"featured_media":0,"comment_status":"closed","ping_status":"open","sticky":false,"template":"","format":"standard","meta":[],"categories":[246],"tags":[],"_links":{"self":[{"href":"https:\/\/gazdasagportal.hu\/index.php\/wp-json\/wp\/v2\/posts\/102023"}],"collection":[{"href":"https:\/\/gazdasagportal.hu\/index.php\/wp-json\/wp\/v2\/posts"}],"about":[{"href":"https:\/\/gazdasagportal.hu\/index.php\/wp-json\/wp\/v2\/types\/post"}],"author":[{"embeddable":true,"href":"https:\/\/gazdasagportal.hu\/index.php\/wp-json\/wp\/v2\/users\/1"}],"replies":[{"embeddable":true,"href":"https:\/\/gazdasagportal.hu\/index.php\/wp-json\/wp\/v2\/comments?post=102023"}],"version-history":[{"count":1,"href":"https:\/\/gazdasagportal.hu\/index.php\/wp-json\/wp\/v2\/posts\/102023\/revisions"}],"predecessor-version":[{"id":102024,"href":"https:\/\/gazdasagportal.hu\/index.php\/wp-json\/wp\/v2\/posts\/102023\/revisions\/102024"}],"wp:attachment":[{"href":"https:\/\/gazdasagportal.hu\/index.php\/wp-json\/wp\/v2\/media?parent=102023"}],"wp:term":[{"taxonomy":"category","embeddable":true,"href":"https:\/\/gazdasagportal.hu\/index.php\/wp-json\/wp\/v2\/categories?post=102023"},{"taxonomy":"post_tag","embeddable":true,"href":"https:\/\/gazdasagportal.hu\/index.php\/wp-json\/wp\/v2\/tags?post=102023"}],"curies":[{"name":"wp","href":"https:\/\/api.w.org\/{rel}","templated":true}]}}