{"id":102021,"date":"2018-01-15T18:20:18","date_gmt":"2018-01-15T17:20:18","guid":{"rendered":"http:\/\/gazdasagportal.hu\/?p=102021"},"modified":"2018-01-15T17:21:22","modified_gmt":"2018-01-15T16:21:22","slug":"erdogan-barmely-pillanatban-megkezdodhet-a-torok-hadmuvelet-sziriaban","status":"publish","type":"post","link":"https:\/\/gazdasagportal.hu\/index.php\/erdogan-barmely-pillanatban-megkezdodhet-a-torok-hadmuvelet-sziriaban\/","title":{"rendered":"Erdogan: b\u00e1rmely pillanatban megkezd\u0151dhet a t\u00f6r\u00f6k hadm\u0171velet Sz\u00edri\u00e1ban"},"content":{"rendered":"<p><strong>A N\u00e9pv\u00e9delmi Egys\u00e9gek (YPG) nev\u0171 kurd mil\u00edcia ellen\u0151rizte \u00e9szaknyugat-sz\u00edriai Afr\u00edn t\u00e9rs\u00e9ge elleni t\u00f6r\u00f6k hadm\u0171velet &#8222;minden pillanatban&#8221; megkezd\u0151dhet &#8211; jelentette ki Recep Tayyip Erdogan t\u00f6r\u00f6k \u00e1llamf\u0151 h\u00e9tf\u0151n Ankara Sincan nev\u0171 k\u00fclv\u00e1ros\u00e1ban, egy gy\u00e1rt\u00f3\u00fczem megnyit\u00f3j\u00e1n.<\/strong><!--more--><\/p>\n<div class=\"ads-in-post1\"><div id=\"gazdasagportal.hu_fullbanner_wideboard\"><\/div>\r\n<\/div>\n<p>    Erdogan besz\u00e9d\u00e9ben kifejtette: a katonai beavatkoz\u00e1s el\u0151k\u00e9sz\u00fcletei lez\u00e1r\u00f3dtak. A t\u00f6r\u00f6k hader\u0151 r\u00f6vid id\u0151n bel\u00fcl &#8222;elint\u00e9zi Afr\u00edn \u00e9s Manb\u00eddzs \u00fcgy\u00e9t&#8221; &#8211; fogalmazott az eln\u00f6k.<br \/>\n    Manb\u00eddzs t\u00e9rs\u00e9ge szint\u00e9n az YPG fennhat\u00f3s\u00e1ga alatt \u00e1ll, de k\u00fcl\u00f6n\u00e1ll\u00f3 ter\u00fclet k\u00f6zvetlen\u00fcl az Eufr\u00e1tesz jobb partj\u00e1n. Azzal, hogy az Eufr\u00e1teszi Pajzs fed\u0151nev\u0171 t\u00f6r\u00f6k hadm\u0171velet 2016 augusztusa ut\u00e1n kiszor\u00edtotta az Iszl\u00e1m \u00c1llam dzsihadist\u00e1it a hat\u00e1r menti t\u00e9rs\u00e9gb\u0151l, Ankara Afr\u00edn \u00e9s Manb\u00eddzs egyes\u00edt\u00e9s\u00e9t is meg tudta akad\u00e1lyozni.<br \/>\n    Ankara terrorszervezetnek tekinti az YPG-t \u00e9s att\u00f3l tart, hogy a sz\u00edriai kurd fegyveresek t\u00e9rnyer\u00e9se feler\u0151s\u00edti a t\u00f6bb mint t\u00edzmilli\u00f3s t\u00f6r\u00f6korsz\u00e1gi kurd kisebbs\u00e9g f\u00fcggetlens\u00e9gi t\u00f6rekv\u00e9seit. Az NTV t\u00f6r\u00f6k h\u00edrtelev\u00edzi\u00f3 inform\u00e1ci\u00f3i szerint az YPG mintegy 10 ezer milicist\u00e1ja \u00e1llom\u00e1sozik Afr\u00ednban.<br \/>\n<div class=\"ads-in-post2\"><script async src=\"https:\/\/pagead2.googlesyndication.com\/pagead\/js\/adsbygoogle.js\"><\/script>\r\n<ins class=\"adsbygoogle\"\r\n     style=\"display:block\"\r\n     data-ad-format=\"fluid\"\r\n     data-ad-layout-key=\"-6t+ed+2i-1n-4w\"\r\n     data-ad-client=\"ca-pub-1959107119989764\"\r\n     data-ad-slot=\"4008251320\"><\/ins>\r\n<script>\r\n     (adsbygoogle = window.adsbygoogle || []).push({});\r\n<\/script><\/div>\n    Az Ihlas t\u00f6r\u00f6k h\u00edr\u00fcgyn\u00f6ks\u00e9g h\u00e9tf\u0151i jelent\u00e9se szerint a t\u00e9rs\u00e9ggel \u00e9szakr\u00f3l hat\u00e1ros t\u00f6r\u00f6k Kilis tartom\u00e1nyban a harckocsik \u00e9s a tarackok m\u00e1r csak a vez\u00e9rkar parancs\u00e1ra v\u00e1rnak.<br \/>\n    A t\u00f6r\u00f6k t\u00fcz\u00e9rs\u00e9g szombat \u00f3ta a nyugatra tal\u00e1lhat\u00f3 Hatay tartom\u00e1ny fel\u0151l t\u00f6bb tucat l\u00f6v\u00e9st leadott Afr\u00edn ir\u00e1ny\u00e1ba.<br \/>\n    Az YPG ugyanakkor meghat\u00e1roz\u00f3 szerepet j\u00e1tszik abban a Sz\u00edriai Demokratikus Er\u0151k (SDF) nev\u0171 l\u00e1zad\u00f3sz\u00f6vets\u00e9gben, amely az amerikai vezet\u00e9s\u0171 koal\u00edci\u00f3 legfontosabb helyi partnere az Iszl\u00e1m \u00c1llammal szemben. Az SDF, amelyet az Egyes\u00fclt \u00c1llamok fegyverekkel \u00e9s kik\u00e9pz\u00e9ssel is t\u00e1mogat, Sz\u00edria ter\u00fclet\u00e9nek mintegy egynegyed\u00e9t tartja az ellen\u0151rz\u00e9se alatt az orsz\u00e1g \u00e9szaki \u00e9s keleti r\u00e9sz\u00e9ben.<br \/>\n    Annak kapcs\u00e1n, hogy Washington egy 30 ezer f\u0151s \u00faj, hat\u00e1rv\u00e9delmi alakulat l\u00e9trehoz\u00e1s\u00e1n dolgozik az SDF parancsnoks\u00e1ga alatt Erdogan \u00fagy fogalmazott: T\u00f6r\u00f6korsz\u00e1gnak az a feladata, hogy &#8222;m\u00e9g sz\u00fclet\u00e9se el\u0151tt megfojtsa ezt a terrorhadsereget&#8221;.<br \/>\n    A szint\u00e9n NATO-tag Egyes\u00fclt \u00c1llamokra utalva k\u00f6z\u00f6lte: az az orsz\u00e1g, amelyet sz\u00f6vets\u00e9ges\u00fcnknek mondunk, minden kifog\u00e1sunk, figyelmeztet\u00e9s\u00fcnk \u00e9s j\u00f3 sz\u00e1nd\u00e9k\u00fa javaslatunk ellen\u00e9re kitart amellett, hogy hat\u00e1raink ment\u00e9n &#8222;terrorhadsereget&#8221; alak\u00edtson ki. Lehet-e m\u00e1s c\u00e9lpontja ennek a &#8222;terrorhadseregnek&#8221;, mint T\u00f6r\u00f6korsz\u00e1g? &#8211; hangoztatta Erdogan.<br \/>\n(MTI)<\/p>\n","protected":false},"excerpt":{"rendered":"<p>A N\u00e9pv\u00e9delmi Egys\u00e9gek (YPG) nev\u0171 kurd mil\u00edcia ellen\u0151rizte \u00e9szaknyugat-sz\u00edriai Afr\u00edn t\u00e9rs\u00e9ge elleni t\u00f6r\u00f6k hadm\u0171velet &#8222;minden pillanatban&#8221; megkezd\u0151dhet &#8211; jelentette ki Recep Tayyip Erdogan t\u00f6r\u00f6k \u00e1llamf\u0151 h\u00e9tf\u0151n Ankara Sincan nev\u0171 k\u00fclv\u00e1ros\u00e1ban, egy gy\u00e1rt\u00f3\u00fczem megnyit\u00f3j\u00e1n.<\/p>\n","protected":false},"author":1,"featured_media":0,"comment_status":"closed","ping_status":"open","sticky":false,"template":"","format":"standard","meta":[],"categories":[12,16],"tags":[],"_links":{"self":[{"href":"https:\/\/gazdasagportal.hu\/index.php\/wp-json\/wp\/v2\/posts\/102021"}],"collection":[{"href":"https:\/\/gazdasagportal.hu\/index.php\/wp-json\/wp\/v2\/posts"}],"about":[{"href":"https:\/\/gazdasagportal.hu\/index.php\/wp-json\/wp\/v2\/types\/post"}],"author":[{"embeddable":true,"href":"https:\/\/gazdasagportal.hu\/index.php\/wp-json\/wp\/v2\/users\/1"}],"replies":[{"embeddable":true,"href":"https:\/\/gazdasagportal.hu\/index.php\/wp-json\/wp\/v2\/comments?post=102021"}],"version-history":[{"count":1,"href":"https:\/\/gazdasagportal.hu\/index.php\/wp-json\/wp\/v2\/posts\/102021\/revisions"}],"predecessor-version":[{"id":102022,"href":"https:\/\/gazdasagportal.hu\/index.php\/wp-json\/wp\/v2\/posts\/102021\/revisions\/102022"}],"wp:attachment":[{"href":"https:\/\/gazdasagportal.hu\/index.php\/wp-json\/wp\/v2\/media?parent=102021"}],"wp:term":[{"taxonomy":"category","embeddable":true,"href":"https:\/\/gazdasagportal.hu\/index.php\/wp-json\/wp\/v2\/categories?post=102021"},{"taxonomy":"post_tag","embeddable":true,"href":"https:\/\/gazdasagportal.hu\/index.php\/wp-json\/wp\/v2\/tags?post=102021"}],"curies":[{"name":"wp","href":"https:\/\/api.w.org\/{rel}","templated":true}]}}