{"id":102015,"date":"2018-01-15T15:22:45","date_gmt":"2018-01-15T14:22:45","guid":{"rendered":"http:\/\/gazdasagportal.hu\/?p=102015"},"modified":"2018-01-15T15:22:45","modified_gmt":"2018-01-15T14:22:45","slug":"sikeres-volt-a-bertargyalas-a-spar-es-a-kasz-kozott","status":"publish","type":"post","link":"https:\/\/gazdasagportal.hu\/index.php\/sikeres-volt-a-bertargyalas-a-spar-es-a-kasz-kozott\/","title":{"rendered":"Sikeres volt a b\u00e9rt\u00e1rgyal\u00e1s a SPAR \u00e9s a KASZ k\u00f6z\u00f6tt"},"content":{"rendered":"<p><strong>Meg\u00e1llapodott a 2018-as b\u00e9rekr\u0151l a SPAR Magyarorsz\u00e1g Kereskedelmi Kft. \u00e9s a Kereskedelmi Alkalmazottak Szakszervezete.<\/strong><\/p>\n<div class=\"ads-in-post2\"><script async src=\"https:\/\/pagead2.googlesyndication.com\/pagead\/js\/adsbygoogle.js\"><\/script>\r\n<ins class=\"adsbygoogle\"\r\n     style=\"display:block\"\r\n     data-ad-format=\"fluid\"\r\n     data-ad-layout-key=\"-6t+ed+2i-1n-4w\"\r\n     data-ad-client=\"ca-pub-1959107119989764\"\r\n     data-ad-slot=\"4008251320\"><\/ins>\r\n<script>\r\n     (adsbygoogle = window.adsbygoogle || []).push({});\r\n<\/script><\/div>\n<strong>A megegyez\u00e9s \u00e9rtelm\u00e9ben a v\u00e1llalat valamennyi munkav\u00e1llal\u00f3ja magasabb fizet\u00e9st kap az idei \u00e9vt\u0151l. Ezen t\u00falmen\u0151en bevezet\u00e9sre ker\u00fcl a SPAR h\u0171s\u00e9gprogram, melynek keret\u00e9ben tov\u00e1bbi b\u00e9ren k\u00edv\u00fcli juttat\u00e1sokat is kapnak a munkav\u00e1llal\u00f3k, a SPAR-n\u00e1l elt\u00f6lt\u00f6tt \u00e9vek f\u00fcggv\u00e9ny\u00e9ben. A b\u00e9remel\u00e9st a SPAR t\u00f6bbs\u00e9g\u00e9ben saj\u00e1t forr\u00e1s felhaszn\u00e1l\u00e1s\u00e1val val\u00f3s\u00edtja meg, melyet a j\u00e1rul\u00e9kcs\u00f6kkent\u00e9sb\u0151l sz\u00e1rmaz\u00f3 megtakar\u00edt\u00e1s eg\u00e9sz\u00edt ki.<\/strong><\/p>\n<p>Eredm\u00e9nyesen z\u00e1rult a k\u00f6zel 13 ezer munkav\u00e1llal\u00f3t foglalkoztat\u00f3 SPAR Magyarorsz\u00e1g \u00e9s a Kereskedelmi Alkalmazottak Szakszervezete k\u00f6z\u00f6tt lezajlott b\u00e9rt\u00e1rgyal\u00e1s. A SPAR Magyarorsz\u00e1g a garant\u00e1lt b\u00e9rminimum, illetve minim\u00e1lb\u00e9r jogszab\u00e1lyban r\u00f6gz\u00edtett emel\u00e9s\u00e9n t\u00fal is biztos\u00edt b\u00e9remel\u00e9st a dolgoz\u00f3k sz\u00e1m\u00e1ra, melyet kieg\u00e9sz\u00edt egy saj\u00e1t h\u0171s\u00e9gprogram bevezet\u00e9s\u00e9vel. A legnagyobb l\u00e9tsz\u00e1mot kitev\u0151 \u00e1ruh\u00e1zi munkak\u00f6r\u00f6kben a kezd\u0151 b\u00e9r minimum havi brutt\u00f3 200 ezer forint lesz.<\/p>\n<div class=\"ads-in-post1\"><div id=\"gazdasagportal.hu_fullbanner_wideboard\"><\/div>\r\n<\/div>\n\u201eA SPAR 2017-ben 10 milli\u00e1rd forint \u00e9rt\u00e9k\u0171 b\u00e9rfejleszt\u00e9st hajtott v\u00e9gre. Ez a sz\u00e1m 2018-ban el\u00e9ri a 9 milli\u00e1rd forintot, melyet a j\u00e1rul\u00e9kcs\u00f6kkent\u00e9s k\u00f6zel 1 milli\u00e1rd forint \u00e9rt\u00e9kben fedez. Ez k\u00e9t \u00e9v alatt a b\u00e9rek k\u00f6zel 40%-os n\u00f6veked\u00e9s\u00e9t jelenti a SPAR-n\u00e1l. A b\u00e9rfesz\u00fclts\u00e9g megel\u0151z\u00e9se \u00e9rdek\u00e9ben a fizet\u00e9sek meghat\u00e1roz\u00e1sa sor\u00e1n pedig mindig t\u00f6reksz\u00fcnk arra, hogy az egyes vezet\u0151i szintekhez k\u00f6thet\u0151 b\u00e9rek \u00f6sszecs\u00fasz\u00e1s\u00e1t elker\u00fclj\u00fck.\u201d &#8211; hangs\u00falyozta Maczelka M\u00e1rk kommunik\u00e1ci\u00f3s vezet\u0151.<\/p>\n<p>Az SPAR saj\u00e1t \u2013 v\u00e1laszthat\u00f3 b\u00e9ren k\u00edv\u00fcli juttat\u00e1sokat tartalmaz\u00f3 &#8211; h\u0171s\u00e9gprogram bevezet\u00e9s\u00e9vel k\u00edv\u00e1nja honor\u00e1lni a lojalit\u00e1st. Ennek \u00e9rtelm\u00e9ben a v\u00e1llalat valamennyi dolgoz\u00f3ja, k\u00f6zel 13 ezer munkav\u00e1llal\u00f3 2018-t\u00f3l tov\u00e1bbra is megkapja az \u00e9vi 100 ezer forintnyi k\u00e9szp\u00e9nzes juttat\u00e1st. Ezen fel\u00fcl pedig azok, akik t\u00f6bb mint egy \u00e9ve a c\u00e9g alkalmaz\u00e1s\u00e1ban \u00e1llnak \u2013a SPAR-n\u00e1l elt\u00f6lt\u00f6tt \u00e9vek sz\u00e1m\u00e1t\u00f3l f\u00fcgg\u0151en \u2013 \u00e9ves szinten minimum 40, maximum 100 ezer forint b\u00e9ren k\u00edv\u00fcli juttat\u00e1sban is r\u00e9szes\u00fclnek. Ebben az esetben a munkav\u00e1llal\u00f3k d\u00f6nthetnek arr\u00f3l, hogy azt SZ\u00c9P-k\u00e1rty\u00e1n, vagy SPAR aj\u00e1nd\u00e9kk\u00e1rty\u00e1n k\u00edv\u00e1nj\u00e1k megkapni. Emellett megmarad a dolgoz\u00f3k 13. havi juttat\u00e1sa is, amely egyed\u00fcl\u00e1ll\u00f3 a hazai \u00e9lelmiszer kiskereskedelmi szektorban, valamint tov\u00e1bbra is \u00e9l a dolgoz\u00f3i v\u00e1s\u00e1rl\u00e1si kedvezm\u00e9ny, mely a kiemelt id\u0151szakokban 10% kedvezm\u00e9ny el\u00e9r\u00e9s\u00e9t teszi lehet\u0151v\u00e9 az egyes v\u00e1s\u00e1rl\u00e1sok alkalm\u00e1val.<\/p><div id=\"gazda-1194737182\" class=\"gazda-tartalomban gazda-entity-placement\"><script async src=\"https:\/\/pagead2.googlesyndication.com\/pagead\/js\/adsbygoogle.js\"><\/script>\r\n<ins class=\"adsbygoogle\"\r\n     style=\"display:block\"\r\n     data-ad-format=\"fluid\"\r\n     data-ad-layout-key=\"-6t+ed+2i-1n-4w\"\r\n     data-ad-client=\"ca-pub-1959107119989764\"\r\n     data-ad-slot=\"4008251320\"><\/ins>\r\n<script>\r\n     (adsbygoogle = window.adsbygoogle || []).push({});\r\n<\/script><\/div>\n<p>\u201eTerveink szerint a munkat\u00e1rsi l\u00e9tsz\u00e1munk 2018-ban tov\u00e1bb fog n\u0151ni, els\u0151sorban az \u00faj beruh\u00e1z\u00e1saink miatt. A fluktu\u00e1ci\u00f3s r\u00e1t\u00e1nk pedig egy \u00e9v alatt k\u00f6zel 7 sz\u00e1zal\u00e9kponttal cs\u00f6kkent, mely al\u00e1t\u00e1masztja a b\u00e9rfelz\u00e1rk\u00f3ztat\u00e1si strat\u00e9gi\u00e1nk helyess\u00e9g\u00e9t\u201d \u2013 emelte ki Maczelka M\u00e1rk kommunik\u00e1ci\u00f3s vezet\u0151.<\/p>\n<p>A SPAR Magyarorsz\u00e1g 2018-ban is folytatja a beruh\u00e1z\u00e1sokat \u00faj \u00e1ruh\u00e1zak \u00e9p\u00edt\u00e9s\u00e9vel \u2013 \u00e9s ezzel egy\u00fctt \u00faj munkahelyek teremt\u00e9s\u00e9vel &#8211; valamint a megl\u00e9v\u0151 \u00e1ruh\u00e1zak fel\u00faj\u00edt\u00e1s\u00e1val: az idei beruh\u00e1z\u00e1si keret meghaladja a 23 milli\u00e1rd forintot, melyet az osztr\u00e1k csal\u00e1di tulajdonban l\u00e9v\u0151 v\u00e1llalat Magyarorsz\u00e1gon fektet be. Ennek keret\u00e9ben k\u00f6zel 20 \u00e1ruh\u00e1z meg\u00faj\u00edt\u00e1sa \u00e9s t\u00f6bb \u00faj \u00e1ruh\u00e1z \u00e1tad\u00e1sa val\u00f3sulhat meg.<\/p>\n","protected":false},"excerpt":{"rendered":"<p>Meg\u00e1llapodott a 2018-as b\u00e9rekr\u0151l a SPAR Magyarorsz\u00e1g Kereskedelmi Kft. \u00e9s a Kereskedelmi Alkalmazottak Szakszervezete. A megegyez\u00e9s \u00e9rtelm\u00e9ben a v\u00e1llalat valamennyi munkav\u00e1llal\u00f3ja magasabb fizet\u00e9st kap az idei \u00e9vt\u0151l. Ezen t\u00falmen\u0151en bevezet\u00e9sre ker\u00fcl a SPAR h\u0171s\u00e9gprogram, melynek keret\u00e9ben tov\u00e1bbi b\u00e9ren k\u00edv\u00fcli juttat\u00e1sokat is kapnak a munkav\u00e1llal\u00f3k, a SPAR-n\u00e1l elt\u00f6lt\u00f6tt \u00e9vek f\u00fcggv\u00e9ny\u00e9ben. A b\u00e9remel\u00e9st a SPAR t\u00f6bbs\u00e9g\u00e9ben saj\u00e1t &#8230;<\/p>\n","protected":false},"author":1,"featured_media":0,"comment_status":"closed","ping_status":"open","sticky":false,"template":"","format":"standard","meta":[],"categories":[4,19],"tags":[],"_links":{"self":[{"href":"https:\/\/gazdasagportal.hu\/index.php\/wp-json\/wp\/v2\/posts\/102015"}],"collection":[{"href":"https:\/\/gazdasagportal.hu\/index.php\/wp-json\/wp\/v2\/posts"}],"about":[{"href":"https:\/\/gazdasagportal.hu\/index.php\/wp-json\/wp\/v2\/types\/post"}],"author":[{"embeddable":true,"href":"https:\/\/gazdasagportal.hu\/index.php\/wp-json\/wp\/v2\/users\/1"}],"replies":[{"embeddable":true,"href":"https:\/\/gazdasagportal.hu\/index.php\/wp-json\/wp\/v2\/comments?post=102015"}],"version-history":[{"count":1,"href":"https:\/\/gazdasagportal.hu\/index.php\/wp-json\/wp\/v2\/posts\/102015\/revisions"}],"predecessor-version":[{"id":102016,"href":"https:\/\/gazdasagportal.hu\/index.php\/wp-json\/wp\/v2\/posts\/102015\/revisions\/102016"}],"wp:attachment":[{"href":"https:\/\/gazdasagportal.hu\/index.php\/wp-json\/wp\/v2\/media?parent=102015"}],"wp:term":[{"taxonomy":"category","embeddable":true,"href":"https:\/\/gazdasagportal.hu\/index.php\/wp-json\/wp\/v2\/categories?post=102015"},{"taxonomy":"post_tag","embeddable":true,"href":"https:\/\/gazdasagportal.hu\/index.php\/wp-json\/wp\/v2\/tags?post=102015"}],"curies":[{"name":"wp","href":"https:\/\/api.w.org\/{rel}","templated":true}]}}