{"id":102008,"date":"2018-01-15T12:59:24","date_gmt":"2018-01-15T11:59:24","guid":{"rendered":"http:\/\/gazdasagportal.hu\/?p=102008"},"modified":"2018-01-15T12:59:24","modified_gmt":"2018-01-15T11:59:24","slug":"uj-belfoldi-kampany-indul-a-teli-kikapcsolodas-nepszerusitesere","status":"publish","type":"post","link":"https:\/\/gazdasagportal.hu\/index.php\/uj-belfoldi-kampany-indul-a-teli-kikapcsolodas-nepszerusitesere\/","title":{"rendered":"\u00daj belf\u00f6ldi kamp\u00e1ny indul a t\u00e9li kikapcsol\u00f3d\u00e1s n\u00e9pszer\u0171s\u00edt\u00e9s\u00e9re"},"content":{"rendered":"<p><strong>\u00daj belf\u00f6ldi kommunik\u00e1ci\u00f3s kamp\u00e1nyt ind\u00edtott a t\u00e9li kikapcsol\u00f3d\u00e1s, az eg\u00e9szs\u00e9gturizmus \u00e9s a gy\u00f3gyv\u00edz n\u00e9pszer\u0171s\u00edt\u00e9s\u00e9re a Magyar Turisztikai \u00dcgyn\u00f6ks\u00e9g (MT\u00dc), a h\u00e9tf\u0151t\u0151l egy h\u00f3napon \u00e1t tart\u00f3 akci\u00f3hoz eddig t\u00f6bb mint 200 sz\u00e1ll\u00e1shely \u00e9s f\u00fcrd\u0151 csatlakozott speci\u00e1lis aj\u00e1nlatokkal &#8211; jelentette be Guller Zolt\u00e1n, az MT\u00dc vez\u00e9rigazgat\u00f3ja sajt\u00f3t\u00e1j\u00e9koztat\u00f3n h\u00e9tf\u0151n, Budapesten.<\/strong><!--more--><\/p>\n<div class=\"ads-in-post1\"><div id=\"gazdasagportal.hu_fullbanner_wideboard\"><\/div>\r\n<\/div>\n<p>    Guller Zolt\u00e1n kiemelte: Magyarorsz\u00e1g n\u00e9gy \u00e9vszakos \u00fati c\u00e9l, amely a t\u00e9li id\u0151szakban sz\u00e1mos \u00e9lm\u00e9nyt k\u00edn\u00e1l. Szeretn\u00e9k el\u00e9rni, hogy min\u00e9l t\u00f6bben vegyenek r\u00e9szt t\u00e9li belf\u00f6ldi pihen\u00e9sen. Sikeres belf\u00f6ldi turizmus n\u00e9lk\u00fcl nincsen sikeres beutaz\u00f3 turizmus sem &#8211; fogalmazott a vez\u00e9rigazgat\u00f3.<br \/>\n    K\u00f6z\u00f6lte, hogy a kamp\u00e1nyhoz kapcsol\u00f3d\u00f3 t\u00e9li felt\u00f6lt\u0151d\u00e9s nev\u0171 speci\u00e1lis aj\u00e1nlatok a hellomagyarorszag.hu oldalon el\u00e9rhet\u0151ek janu\u00e1r 15. \u00e9s febru\u00e1r 15. k\u00f6z\u00f6tt. Hozz\u00e1tette, \u00f3ri\u00e1splak\u00e1tokon, tv-hirdet\u00e9sekkel \u00e9s r\u00e1di\u00f3s spotokkal n\u00e9pszer\u0171s\u00edtik a lehet\u0151s\u00e9geket.<br \/>\n    Elmondta, a belf\u00f6ldi turizmus folyamatosan \u00e9s dinamikusan n\u0151tt az elm\u00falt h\u00e9t \u00e9vben, 2010-hez k\u00e9pest tavaly m\u00e1r megk\u00e9tszerez\u0151d\u00f6tt az utaz\u00e1sok sz\u00e1ma. \u00dagy v\u00e9lte, t\u00f6bb r\u00e9gi\u00f3ban is siker\u00fclt a szezonalit\u00e1st cs\u00f6kkenteni, de m\u00e9g nem \u00e9rt\u00e9k el azt, hogy az emberek az eg\u00e9sz \u00e9vet alkalmasnak tal\u00e1lj\u00e1k a kikapcsol\u00f3d\u00e1sra.<br \/>\n    A t\u00e9li kamp\u00e1nyban az MT\u00dc egy\u00fcttm\u0171k\u00f6dik a Magyar Sz\u00e1llod\u00e1k \u00e9s \u00c9ttermek Sz\u00f6vets\u00e9g\u00e9vel (MSZ\u00c9SZ), \u00e9s a Magyar F\u00fcrd\u0151sz\u00f6vets\u00e9ggel (MFSZ), a kamp\u00e1ny bemutatja egy-egy \u00fati c\u00e9l eg\u00e9szs\u00e9gturisztikai k\u00edn\u00e1lat\u00e1t, legismertebb gy\u00f3gyvizeit \u00e9s f\u00fcrd\u0151it, felh\u00edvja a figyelmet az el\u00e9rhet\u0151 kultur\u00e1lis \u00e9lm\u00e9nyekre, p\u00e9ld\u00e1ul a farsangi hagyom\u00e1nyokra.<br \/>\n<div class=\"ads-in-post2\"><script async src=\"https:\/\/pagead2.googlesyndication.com\/pagead\/js\/adsbygoogle.js\"><\/script>\r\n<ins class=\"adsbygoogle\"\r\n     style=\"display:block\"\r\n     data-ad-format=\"fluid\"\r\n     data-ad-layout-key=\"-6t+ed+2i-1n-4w\"\r\n     data-ad-client=\"ca-pub-1959107119989764\"\r\n     data-ad-slot=\"4008251320\"><\/ins>\r\n<script>\r\n     (adsbygoogle = window.adsbygoogle || []).push({});\r\n<\/script><\/div>\n    K\u00f6nnyid L\u00e1szl\u00f3, a MSZ\u00c9SZ eln\u00f6ke ismertette: a sz\u00f6vets\u00e9g tagjainak t\u00f6bb mint fele vid\u00e9ki sz\u00e1lloda, ahol a t\u00e9li id\u0151szakban fontos a forgalom \u00e9l\u00e9nk\u00edt\u00e9se, ez\u00e9rt \u00f6n\u00e1ll\u00f3 csomagaj\u00e1nlatokat dolgoztak ki a r\u00e9szt vev\u0151 szolg\u00e1ltat\u00f3k, \u00e9s a vend\u00e9gl\u00e1t\u00f3helyek. A tavaly janu\u00e1r-m\u00e1rciusi id\u0151szak 2 sz\u00e1zal\u00e9kos n\u00f6veked\u00e9st hozott a belf\u00f6ldi sz\u00e1llod\u00e1kban, a gy\u00f3gysz\u00e1llod\u00e1k 3,5 sz\u00e1zal\u00e9kos vend\u00e9g\u00e9jszaka-n\u00f6veked\u00e9st \u00e9rtek el, ami azt mutatja, hogy van m\u00e9g tartal\u00e9k &#8211; mondta.<br \/>\n    Czegl\u00e9di Gyula, az MFSZ eln\u00f6ke arr\u00f3l besz\u00e9lt, hogy az esem\u00e9ny mott\u00f3ja a &#8222;t\u00f6lt\u0151dj fel testben \u00e9s l\u00e9lekben a hazai gy\u00f3gyvizekben&#8221;. A f\u00fcrd\u0151sz\u00f6vets\u00e9g az\u00e9rt csatlakozott a kezdem\u00e9nyez\u00e9shez, mivel a f\u00fcrd\u0151k forgalma a t\u00e9li id\u0151szakban visszaesik, \u00e9s szeretn\u00e9k, ha a f\u00fcrd\u0151k kevesebb vesztes\u00e9get szenvedn\u00e9nek el &#8211; k\u00f6z\u00f6lte. A f\u00fcrd\u0151sz\u00f6vets\u00e9g az akci\u00f3 folytat\u00e1sak\u00e9nt febru\u00e1rban majd a magyarorsz\u00e1gi gy\u00f3gyf\u00fcrd\u0151ket, \u00e9s az ig\u00e9nybe vehet\u0151 gy\u00f3gykezel\u00e9seket n\u00e9pszer\u0171s\u00edti. A f\u00fcrd\u0151sz\u00f6vets\u00e9g el szeretn\u00e9 \u00e9rni, hogy az eg\u00e9szs\u00e9ges \u00e9letm\u00f3d term\u00e9szetes \u00e9s \u00e1lland\u00f3 r\u00e9sz\u00e9v\u00e9 v\u00e1ljon a gy\u00f3gyf\u00fcrd\u0151z\u00e9s &#8211; fejtette ki.(MTI)<\/p>\n","protected":false},"excerpt":{"rendered":"<p>\u00daj belf\u00f6ldi kommunik\u00e1ci\u00f3s kamp\u00e1nyt ind\u00edtott a t\u00e9li kikapcsol\u00f3d\u00e1s, az eg\u00e9szs\u00e9gturizmus \u00e9s a gy\u00f3gyv\u00edz n\u00e9pszer\u0171s\u00edt\u00e9s\u00e9re a Magyar Turisztikai \u00dcgyn\u00f6ks\u00e9g (MT\u00dc), a h\u00e9tf\u0151t\u0151l egy h\u00f3napon \u00e1t tart\u00f3 akci\u00f3hoz eddig t\u00f6bb mint 200 sz\u00e1ll\u00e1shely \u00e9s f\u00fcrd\u0151 csatlakozott speci\u00e1lis aj\u00e1nlatokkal &#8211; jelentette be Guller Zolt\u00e1n, az MT\u00dc vez\u00e9rigazgat\u00f3ja sajt\u00f3t\u00e1j\u00e9koztat\u00f3n h\u00e9tf\u0151n, Budapesten.<\/p>\n","protected":false},"author":1,"featured_media":0,"comment_status":"closed","ping_status":"open","sticky":false,"template":"","format":"standard","meta":[],"categories":[19],"tags":[],"_links":{"self":[{"href":"https:\/\/gazdasagportal.hu\/index.php\/wp-json\/wp\/v2\/posts\/102008"}],"collection":[{"href":"https:\/\/gazdasagportal.hu\/index.php\/wp-json\/wp\/v2\/posts"}],"about":[{"href":"https:\/\/gazdasagportal.hu\/index.php\/wp-json\/wp\/v2\/types\/post"}],"author":[{"embeddable":true,"href":"https:\/\/gazdasagportal.hu\/index.php\/wp-json\/wp\/v2\/users\/1"}],"replies":[{"embeddable":true,"href":"https:\/\/gazdasagportal.hu\/index.php\/wp-json\/wp\/v2\/comments?post=102008"}],"version-history":[{"count":1,"href":"https:\/\/gazdasagportal.hu\/index.php\/wp-json\/wp\/v2\/posts\/102008\/revisions"}],"predecessor-version":[{"id":102009,"href":"https:\/\/gazdasagportal.hu\/index.php\/wp-json\/wp\/v2\/posts\/102008\/revisions\/102009"}],"wp:attachment":[{"href":"https:\/\/gazdasagportal.hu\/index.php\/wp-json\/wp\/v2\/media?parent=102008"}],"wp:term":[{"taxonomy":"category","embeddable":true,"href":"https:\/\/gazdasagportal.hu\/index.php\/wp-json\/wp\/v2\/categories?post=102008"},{"taxonomy":"post_tag","embeddable":true,"href":"https:\/\/gazdasagportal.hu\/index.php\/wp-json\/wp\/v2\/tags?post=102008"}],"curies":[{"name":"wp","href":"https:\/\/api.w.org\/{rel}","templated":true}]}}