{"id":101930,"date":"2018-01-12T10:46:31","date_gmt":"2018-01-12T09:46:31","guid":{"rendered":"http:\/\/gazdasagportal.hu\/?p=101930"},"modified":"2018-01-12T10:46:31","modified_gmt":"2018-01-12T09:46:31","slug":"nemet-kormanyalakitas-megallapodtak-a-partok-a-formalis-targyalasok-alapjairol-ertesules","status":"publish","type":"post","link":"https:\/\/gazdasagportal.hu\/index.php\/nemet-kormanyalakitas-megallapodtak-a-partok-a-formalis-targyalasok-alapjairol-ertesules\/","title":{"rendered":"N\u00e9met korm\u00e1nyalak\u00edt\u00e1s &#8211; Meg\u00e1llapodtak a p\u00e1rtok a form\u00e1lis t\u00e1rgyal\u00e1sok alapjair\u00f3l &#8211; \u00e9rtes\u00fcl\u00e9s"},"content":{"rendered":"<p><strong>Siker\u00fclt p\u00e9ntek reggel meg\u00e1llapodniuk a N\u00e9metorsz\u00e1got jelenleg korm\u00e1nyz\u00f3 konzervat\u00edv uni\u00f3p\u00e1rtok \u00e9s szoci\u00e1ldemokrat\u00e1k vezet\u0151inek a k\u00f6z\u00f6s korm\u00e1nyz\u00e1s folytat\u00e1s\u00e1nak alapjair\u00f3l, \u00edgy megkezd\u0151dhetnek a hivatalos koal\u00edci\u00f3s t\u00e1rgyal\u00e1sok &#8211; tudatt\u00e1k a Berlinben folytatott egyeztet\u00e9sek menet\u00e9t ismer\u0151 forr\u00e1sok.<\/strong><!--more--><\/p>\n<div class=\"ads-in-post1\"><div id=\"gazdasagportal.hu_fullbanner_wideboard\"><\/div>\r\n<\/div>\n<p>    A Kereszt\u00e9nydemokrata Uni\u00f3 (CDU), a testv\u00e9rp\u00e1rt bajor Kereszt\u00e9nyszoci\u00e1lis Uni\u00f3val (CSU) \u00e9s a N\u00e9met Szoci\u00e1ldemokrata P\u00e1rt (SPD) el\u0151zetes koal\u00edci\u00f3s egyeztet\u00e9s\u00e9nek t\u00f6bb mint 24 \u00f3r\u00e1ja, cs\u00fct\u00f6rt\u00f6k reggel kezd\u0151d\u00f6tt utols\u00f3 fordul\u00f3j\u00e1r\u00f3l kisziv\u00e1rgott \u00e9rtes\u00fcl\u00e9sek szerint egyel\u0151re a legfels\u0151 szinten, a p\u00e1rteln\u00f6k\u00f6k \u00e9s parlamenti frakci\u00f3vezet\u0151k k\u00f6r\u00e9ben siker\u00fclt meg\u00e1llapod\u00e1sra jutni. A vas\u00e1rnap kezdett egyeztet\u00e9s eredm\u00e9nyeit egy 28 oldalas dokumentumban foglalt\u00e1k \u00f6ssze.<br \/>\n    A sz\u00f6veget m\u00e9g el kell fogadnia a p\u00e1rtok egyenk\u00e9nt 13 f\u0151s k\u00fcld\u00f6tts\u00e9geinek is. Ha ez siker\u00fcl, a meg\u00e1llapod\u00e1s r\u00e9szleteit Angela Merkel kancell\u00e1r, a CDU eln\u00f6ke, Horst Seehofer bajor minisztereln\u00f6k, a CSU eln\u00f6ke \u00e9s Martin Schulz, az SPD vezet\u0151je ismerteti majd egy k\u00f6z\u00f6s sajt\u00f3nyilatkozatban. Ez p\u00e9nteken napk\u00f6zben v\u00e1rhat\u00f3.<br \/>\n<div class=\"ads-in-post2\"><script async src=\"https:\/\/pagead2.googlesyndication.com\/pagead\/js\/adsbygoogle.js\"><\/script>\r\n<ins class=\"adsbygoogle\"\r\n     style=\"display:block\"\r\n     data-ad-format=\"fluid\"\r\n     data-ad-layout-key=\"-6t+ed+2i-1n-4w\"\r\n     data-ad-client=\"ca-pub-1959107119989764\"\r\n     data-ad-slot=\"4008251320\"><\/ins>\r\n<script>\r\n     (adsbygoogle = window.adsbygoogle || []).push({});\r\n<\/script><\/div>\n    N\u00e9met h\u00edrport\u00e1lok besz\u00e1mol\u00f3i szerint a 2013 \u00f3ta korm\u00e1nyz\u00f3 nagykoal\u00edci\u00f3 p\u00e1rtjainak vezet\u0151i a t\u00f6bbi k\u00f6z\u00f6tt abban \u00e1llapodtak meg, hogy a 2021-ig tart\u00f3 ciklusra megalakul\u00f3 \u00fajabb k\u00f6z\u00f6s korm\u00e1nyuk nem emeli az ad\u00f3kat, \u00e9s tov\u00e1bbra is er\u0151teljesen korl\u00e1tozz\u00e1k az oltalmazott st\u00e1tuszt szerz\u0151 mened\u00e9kk\u00e9r\u0151k csal\u00e1degyes\u00edt\u00e9si jog\u00e1t. A kompromisszum \u00e9rtelm\u00e9ben havonta legfeljebb 1000 ember \u00e9rkezhet N\u00e9metorsz\u00e1gba az oltalmazottak csal\u00e1degyes\u00edt\u00e9se r\u00e9v\u00e9n.<br \/>\n    A dokumentum azt is tartalmazza, hogy valamennyi mened\u00e9kjogi st\u00e1tuszt egy\u00fcttv\u00e9ve N\u00e9metorsz\u00e1g \u00e9vente 180-220 ezer embert fogadhat be humanit\u00e1rius okokb\u00f3l.<br \/>\n    A p\u00e1rtok illet\u00e9kes test\u00fcletei az eredm\u00e9nyeket r\u00f6gz\u00edt\u0151 dokumentum alapj\u00e1n k\u00fcl\u00f6n-k\u00fcl\u00f6n d\u00f6ntenek arr\u00f3l, hogy tov\u00e1bbl\u00e9pjenek-e a hivatalos koal\u00edci\u00f3s t\u00e1rgyal\u00e1sok szakasz\u00e1ba. A szoci\u00e1ldemokrat\u00e1k egy rendk\u00edv\u00fcli kongresszuson, janu\u00e1r 21-\u00e9n hat\u00e1roznak az \u00fcgyben.<br \/>\n    A koal\u00edci\u00f3s t\u00e1rgyal\u00e1sok legkor\u00e1bban a h\u00f3nap v\u00e9g\u00e9n kezd\u0151dhetnek, \u00e9s ha siker\u00fcl kidolgozni egy koal\u00edci\u00f3s szerz\u0151d\u00e9st, a mintegy 450 ezres tags\u00e1g\u00fa SPD p\u00e1rtszavaz\u00e1ssal, a tags\u00e1g voksai alapj\u00e1n d\u00f6nt arr\u00f3l, hogy ism\u00e9t koal\u00edci\u00f3ra l\u00e9p-e a CDU\/CSU-val.<br \/>\n    Az \u00faj korm\u00e1ny \u00edgy h\u00fasv\u00e9t k\u00f6r\u00fcl alakulhat meg. Ez lenne a 2005-2009-es \u00e9s a 2013-2017-es ciklus ut\u00e1n a harmadik nagykoal\u00edci\u00f3 Angela Merkel vezet\u00e9s\u00e9vel, \u00e9s a negyedik Merkel-korm\u00e1ny.<br \/>\n(MTI)<\/p>\n","protected":false},"excerpt":{"rendered":"<p>Siker\u00fclt p\u00e9ntek reggel meg\u00e1llapodniuk a N\u00e9metorsz\u00e1got jelenleg korm\u00e1nyz\u00f3 konzervat\u00edv uni\u00f3p\u00e1rtok \u00e9s szoci\u00e1ldemokrat\u00e1k vezet\u0151inek a k\u00f6z\u00f6s korm\u00e1nyz\u00e1s folytat\u00e1s\u00e1nak alapjair\u00f3l, \u00edgy megkezd\u0151dhetnek a hivatalos koal\u00edci\u00f3s t\u00e1rgyal\u00e1sok &#8211; tudatt\u00e1k a Berlinben folytatott egyeztet\u00e9sek menet\u00e9t ismer\u0151 forr\u00e1sok.<\/p>\n","protected":false},"author":1,"featured_media":0,"comment_status":"closed","ping_status":"open","sticky":false,"template":"","format":"standard","meta":[],"categories":[12],"tags":[],"_links":{"self":[{"href":"https:\/\/gazdasagportal.hu\/index.php\/wp-json\/wp\/v2\/posts\/101930"}],"collection":[{"href":"https:\/\/gazdasagportal.hu\/index.php\/wp-json\/wp\/v2\/posts"}],"about":[{"href":"https:\/\/gazdasagportal.hu\/index.php\/wp-json\/wp\/v2\/types\/post"}],"author":[{"embeddable":true,"href":"https:\/\/gazdasagportal.hu\/index.php\/wp-json\/wp\/v2\/users\/1"}],"replies":[{"embeddable":true,"href":"https:\/\/gazdasagportal.hu\/index.php\/wp-json\/wp\/v2\/comments?post=101930"}],"version-history":[{"count":1,"href":"https:\/\/gazdasagportal.hu\/index.php\/wp-json\/wp\/v2\/posts\/101930\/revisions"}],"predecessor-version":[{"id":101931,"href":"https:\/\/gazdasagportal.hu\/index.php\/wp-json\/wp\/v2\/posts\/101930\/revisions\/101931"}],"wp:attachment":[{"href":"https:\/\/gazdasagportal.hu\/index.php\/wp-json\/wp\/v2\/media?parent=101930"}],"wp:term":[{"taxonomy":"category","embeddable":true,"href":"https:\/\/gazdasagportal.hu\/index.php\/wp-json\/wp\/v2\/categories?post=101930"},{"taxonomy":"post_tag","embeddable":true,"href":"https:\/\/gazdasagportal.hu\/index.php\/wp-json\/wp\/v2\/tags?post=101930"}],"curies":[{"name":"wp","href":"https:\/\/api.w.org\/{rel}","templated":true}]}}