{"id":101914,"date":"2018-01-12T07:15:47","date_gmt":"2018-01-12T06:15:47","guid":{"rendered":"http:\/\/gazdasagportal.hu\/?p=101914"},"modified":"2018-01-12T07:15:47","modified_gmt":"2018-01-12T06:15:47","slug":"illegalis-bevandorlas-im-hivatalosan-is-megkapta-az-ertesitest-magyarorszag-a-kvotaperrol","status":"publish","type":"post","link":"https:\/\/gazdasagportal.hu\/index.php\/illegalis-bevandorlas-im-hivatalosan-is-megkapta-az-ertesitest-magyarorszag-a-kvotaperrol\/","title":{"rendered":"Illeg\u00e1lis bev\u00e1ndorl\u00e1s &#8211; IM: hivatalosan is megkapta az \u00e9rtes\u00edt\u00e9st Magyarorsz\u00e1g a kv\u00f3taperr\u0151l"},"content":{"rendered":"<p><strong>Hivatalosan is meg\u00e9rkezett az Eur\u00f3pai Bizotts\u00e1g keresetlevele az Igazs\u00e1g\u00fcgyi Miniszt\u00e9riumba (IM) arr\u00f3l, hogy a test\u00fclet megind\u00edtja az elj\u00e1r\u00e1st az Eur\u00f3pai B\u00edr\u00f3s\u00e1g el\u0151tt Magyarorsz\u00e1g ellen az uni\u00f3s menek\u00fcltkv\u00f3t\u00e1kr\u00f3l sz\u00f3l\u00f3 d\u00f6nt\u00e9s elutas\u00edt\u00e1sa miatt &#8211; k\u00f6z\u00f6lte a t\u00e1rca az MTI-vel. <\/strong><!--more--><\/p>\n<div class=\"ads-in-post1\"><div id=\"gazdasagportal.hu_fullbanner_wideboard\"><\/div>\r\n<\/div>\n<p>    A k\u00f6telezetts\u00e9gszeg\u00e9si elj\u00e1r\u00e1s megind\u00edt\u00e1s\u00e1t megel\u0151z\u0151en Magyarorsz\u00e1g \u00e9s Szlov\u00e1kia 2015 december\u00e9ben megsemmis\u00edt\u00e9si keresetet ind\u00edtott az Eur\u00f3pai Uni\u00f3 m\u0171k\u00f6d\u00e9s\u00e9r\u0151l sz\u00f3l\u00f3 szerz\u0151d\u00e9s vonatkoz\u00f3 cikke alapj\u00e1n az Eur\u00f3pai Tan\u00e1cs \u00e1ltal az \u00e9v szeptember\u00e9ben elfogadott, a mened\u00e9kk\u00e9r\u0151k \u00e1thelyez\u00e9s\u00e9r\u0151l sz\u00f3l\u00f3 hat\u00e1rozat ellen, amely \u00fcgyben az Eur\u00f3pai B\u00edr\u00f3s\u00e1g tavaly szeptember 6-\u00e1n elutas\u00edtotta Magyarorsz\u00e1g kereset\u00e9t, egyben \u00e9rv\u00e9nyben tartotta a hat\u00e1rozatot.<br \/>\n    A k\u00f6telezetts\u00e9gszeg\u00e9si elj\u00e1r\u00e1st az Eur\u00f3pai Bizotts\u00e1g m\u00e9g a b\u00edr\u00f3s\u00e1g fenti elutas\u00edt\u00f3 d\u00f6nt\u00e9se el\u0151tt megind\u00edtotta \u00e9s lefolytatta. Ennek megfelel\u0151en j\u00fanius 15-\u00e9n hivatalos felsz\u00f3l\u00edt\u00e1st k\u00fcld\u00f6tt, amelyre a magyar korm\u00e1ny j\u00falius 13-\u00e1n k\u00fcldte meg v\u00e1lasz\u00e1t. J\u00falius 26-\u00e1n a bizotts\u00e1g, szint\u00e9n n\u00e9gyhetes hat\u00e1rid\u0151t biztos\u00edtva, indokol\u00e1ssal ell\u00e1tott v\u00e9lem\u00e9nyt k\u00fcld\u00f6tt, amelyre a magyar korm\u00e1nynak augusztus 23-\u00e1ig kellett v\u00e1lasz\u00e1t megk\u00fcldenie.<br \/>\n<div class=\"ads-in-post2\"><script async src=\"https:\/\/pagead2.googlesyndication.com\/pagead\/js\/adsbygoogle.js\"><\/script>\r\n<ins class=\"adsbygoogle\"\r\n     style=\"display:block\"\r\n     data-ad-format=\"fluid\"\r\n     data-ad-layout-key=\"-6t+ed+2i-1n-4w\"\r\n     data-ad-client=\"ca-pub-1959107119989764\"\r\n     data-ad-slot=\"4008251320\"><\/ins>\r\n<script>\r\n     (adsbygoogle = window.adsbygoogle || []).push({});\r\n<\/script><\/div>\n    A hat\u00e1rid\u0151k szempontj\u00e1b\u00f3l l\u00e9nyeges, hogy ennek a gyors\u00edtott elj\u00e1r\u00e1si folyamatnak, amely ellen a magyar korm\u00e1ny mindk\u00e9t v\u00e1laszlevel\u00e9ben tiltakozott, egyetlen oka volt, hogy az eml\u00edtett cikk szerinti k\u00f6telezetts\u00e9gszeg\u00e9si elj\u00e1r\u00e1st a bizotts\u00e1g m\u00e9g az \u00e1thelyez\u00e9si hat\u00e1rozat alkalmaz\u00e1si idej\u00e9nek lej\u00e1rta, teh\u00e1t tavaly szeptember 26. el\u0151tt befejezettnek nyilv\u00e1n\u00edthassa, hiszen \u00e9rdemben csak \u00edgy tudna a k\u00f6telezetts\u00e9g elmulaszt\u00e1sa mellett \u00e9rvelni a b\u00edr\u00f3s\u00e1g el\u0151tt.<br \/>\n    Tavaly decemberben a visegr\u00e1di n\u00e9gyek a szolidarit\u00e1s jegy\u00e9ben t\u00f6bb mint 36 milli\u00f3 eur\u00f3s t\u00e1mogat\u00e1st aj\u00e1nlottak fel, amelynek c\u00e9lja a l\u00edbiai hat\u00e1rv\u00e9delem meger\u0151s\u00edt\u00e9se.<br \/>\n(MTI)<\/p>\n","protected":false},"excerpt":{"rendered":"<p>Hivatalosan is meg\u00e9rkezett az Eur\u00f3pai Bizotts\u00e1g keresetlevele az Igazs\u00e1g\u00fcgyi Miniszt\u00e9riumba (IM) arr\u00f3l, hogy a test\u00fclet megind\u00edtja az elj\u00e1r\u00e1st az Eur\u00f3pai B\u00edr\u00f3s\u00e1g el\u0151tt Magyarorsz\u00e1g ellen az uni\u00f3s menek\u00fcltkv\u00f3t\u00e1kr\u00f3l sz\u00f3l\u00f3 d\u00f6nt\u00e9s elutas\u00edt\u00e1sa miatt &#8211; k\u00f6z\u00f6lte a t\u00e1rca az MTI-vel.<\/p>\n","protected":false},"author":1,"featured_media":0,"comment_status":"closed","ping_status":"open","sticky":false,"template":"","format":"standard","meta":[],"categories":[4],"tags":[],"_links":{"self":[{"href":"https:\/\/gazdasagportal.hu\/index.php\/wp-json\/wp\/v2\/posts\/101914"}],"collection":[{"href":"https:\/\/gazdasagportal.hu\/index.php\/wp-json\/wp\/v2\/posts"}],"about":[{"href":"https:\/\/gazdasagportal.hu\/index.php\/wp-json\/wp\/v2\/types\/post"}],"author":[{"embeddable":true,"href":"https:\/\/gazdasagportal.hu\/index.php\/wp-json\/wp\/v2\/users\/1"}],"replies":[{"embeddable":true,"href":"https:\/\/gazdasagportal.hu\/index.php\/wp-json\/wp\/v2\/comments?post=101914"}],"version-history":[{"count":1,"href":"https:\/\/gazdasagportal.hu\/index.php\/wp-json\/wp\/v2\/posts\/101914\/revisions"}],"predecessor-version":[{"id":101915,"href":"https:\/\/gazdasagportal.hu\/index.php\/wp-json\/wp\/v2\/posts\/101914\/revisions\/101915"}],"wp:attachment":[{"href":"https:\/\/gazdasagportal.hu\/index.php\/wp-json\/wp\/v2\/media?parent=101914"}],"wp:term":[{"taxonomy":"category","embeddable":true,"href":"https:\/\/gazdasagportal.hu\/index.php\/wp-json\/wp\/v2\/categories?post=101914"},{"taxonomy":"post_tag","embeddable":true,"href":"https:\/\/gazdasagportal.hu\/index.php\/wp-json\/wp\/v2\/tags?post=101914"}],"curies":[{"name":"wp","href":"https:\/\/api.w.org\/{rel}","templated":true}]}}