{"id":101906,"date":"2018-01-11T16:55:48","date_gmt":"2018-01-11T15:55:48","guid":{"rendered":"http:\/\/gazdasagportal.hu\/?p=101906"},"modified":"2018-01-11T16:16:37","modified_gmt":"2018-01-11T15:16:37","slug":"a-vartnal-kevesbe-emelkedtek-az-amerikai-termeloi-arak-decemberben","status":"publish","type":"post","link":"https:\/\/gazdasagportal.hu\/index.php\/a-vartnal-kevesbe-emelkedtek-az-amerikai-termeloi-arak-decemberben\/","title":{"rendered":"A v\u00e1rtn\u00e1l kev\u00e9sb\u00e9 emelkedtek az amerikai termel\u0151i \u00e1rak decemberben"},"content":{"rendered":"<p><strong>A v\u00e1rtn\u00e1l kev\u00e9sb\u00e9 emelkedtek a termel\u0151i \u00e1rak decemberben az Egyes\u00fclt \u00c1llamokban, pedig j\u00faliust\u00f3l kezdve folyamatosan er\u0151s\u00f6dtek az infl\u00e1ci\u00f3s nyom\u00e1sok.<\/strong><!--more--><\/p>\n<div class=\"ads-in-post1\"><div id=\"gazdasagportal.hu_fullbanner_wideboard\"><\/div>\r\n<\/div>\n<p>    Az amerikai munka\u00fcgyi miniszt\u00e9rium cs\u00fct\u00f6rt\u00f6k\u00f6n k\u00f6z\u00f6lte, hogy a szezon\u00e1lisan kiigaz\u00edtott adatok szerint decemberben \u00e9ves \u00f6sszevet\u00e9sben 2,6 sz\u00e1zal\u00e9kkal &#8211; augusztus \u00f3ta a legkisebb m\u00e9rt\u00e9kben &#8211; n\u0151ttek a termel\u0151i \u00e1rak. Elemz\u0151k 3,0 sz\u00e1zal\u00e9kos emelked\u00e9st v\u00e1rtak a novemberi 3,1 sz\u00e1zal\u00e9kos n\u00f6veked\u00e9s ut\u00e1n.<br \/>\n    Az el\u0151z\u0151 h\u00f3naphoz k\u00e9pest 0,1 sz\u00e1zal\u00e9kkal cs\u00f6kkentek a termel\u0151i \u00e1rak. Elemz\u0151k 0,2 sz\u00e1zal\u00e9kos n\u00f6veked\u00e9sre sz\u00e1m\u00edtottak a novemberben m\u00e9rt 0,3 sz\u00e1zal\u00e9kos emelked\u00e9s ut\u00e1n.<br \/>\n    A gyakran v\u00e1ltoz\u00e9kony \u00e9lelmiszer-, energia- \u00e9s kereskedelmi szolg\u00e1ltat\u00e1si \u00e1rakat nem tartalmaz\u00f3 termel\u0151i maginfl\u00e1ci\u00f3 havi szinten 0,1 sz\u00e1zal\u00e9kkal cs\u00f6kkent, m\u00edg az egy \u00e9vvel kor\u00e1bbihoz k\u00e9pest 2,3 sz\u00e1zal\u00e9kkal emelkedett decemberben. Elemz\u0151k 0,2, illetve 2,5 sz\u00e1zal\u00e9kos n\u00f6veked\u00e9sre sz\u00e1m\u00edtottak a novemberben m\u00e9rt 0,3, illetve 2,4 sz\u00e1zal\u00e9kos emelked\u00e9s ut\u00e1n.<br \/>\n    Az ipari termel\u0151i \u00e1rak megb\u00edzhat\u00f3an jelzik el\u0151re a fogyaszt\u00f3i \u00e1rak alakul\u00e1s\u00e1nak trendj\u00e9t, mivel k\u00f6zvetlen\u00fcl megjelennek az \u00e1ruk \u00e9s szolg\u00e1ltat\u00e1sok v\u00e9gs\u0151 \u00e1r\u00e1ban.<br \/>\n<div class=\"ads-in-post2\"><script async src=\"https:\/\/pagead2.googlesyndication.com\/pagead\/js\/adsbygoogle.js\"><\/script>\r\n<ins class=\"adsbygoogle\"\r\n     style=\"display:block\"\r\n     data-ad-format=\"fluid\"\r\n     data-ad-layout-key=\"-6t+ed+2i-1n-4w\"\r\n     data-ad-client=\"ca-pub-1959107119989764\"\r\n     data-ad-slot=\"4008251320\"><\/ins>\r\n<script>\r\n     (adsbygoogle = window.adsbygoogle || []).push({});\r\n<\/script><\/div>\n    Az amerikai jegybankrendszer szerep\u00e9t bet\u00f6lt\u0151 Federal Reserve (Fed) szoros figyelemmel k\u00f6veti a k\u00fcl\u00f6nb\u00f6z\u0151 \u00e1rindexeket az infl\u00e1ci\u00f3 alakul\u00e1s\u00e1nak meg\u00edt\u00e9l\u00e9s\u00e9hez. A Fed, az \u00e1ltala legfontosabb m\u00e9r\u0151sz\u00e1mnak tekintett szem\u00e9lyes fogyaszt\u00e1si kiad\u00e1sok \u00e1rindexe mellett, a termel\u0151i \u00e9s a fogyaszt\u00f3i \u00e1rak v\u00e1ltoz\u00e1s\u00e1t is k\u00f6veti.<br \/>\n    A Federal Reserve az \u00e9lelmiszer- \u00e9s energia\u00e1rakat nem tartalmaz\u00f3 szem\u00e9lyes fogyaszt\u00e1si kiad\u00e1sok \u00e9ves \u00e1rindex\u00e9ben hat\u00e1rozza meg infl\u00e1ci\u00f3s c\u00e9lsz\u00e1m\u00e1t. A 2 sz\u00e1zal\u00e9kos c\u00e9lsz\u00e1mot m\u00e1r t\u00f6bb mint \u00f6t \u00e9ve nem \u00e9rte el a t\u00e9nyleges \u00e1rindex.<br \/>\n    A legfrissebb, novemberi adatok szerint havi \u00f6sszevet\u00e9sben 0,1 sz\u00e1zal\u00e9kkal, \u00e9ves szinten pedig 1,5 sz\u00e1zal\u00e9kkal n\u0151tt az \u00e9lelmiszer- \u00e9s energia\u00e1rakat nem tartalmaz\u00f3 szem\u00e9lyes fogyaszt\u00e1si kiad\u00e1sok \u00e1rindexe.<br \/>\n    A munka\u00fcgyi miniszt\u00e9rium statisztikai hivatala p\u00e9nteken teszi k\u00f6zz\u00e9 a fogyaszt\u00f3i \u00e1rak decemberi alakul\u00e1s\u00e1t t\u00fckr\u00f6z\u0151 adatokat. Elemz\u0151k arra sz\u00e1m\u00edtanak, hogy havi \u00f6sszevet\u00e9sben 0,2 sz\u00e1zal\u00e9kkal, \u00e9ves szinten pedig 2,1 sz\u00e1zal\u00e9kkal n\u0151ttek a fogyaszt\u00f3i \u00e1rak, a novemberben m\u00e9rt 0,4, illetve 2,2 sz\u00e1zal\u00e9k ut\u00e1n.<br \/>\n(MTI)<\/p>\n","protected":false},"excerpt":{"rendered":"<p>A v\u00e1rtn\u00e1l kev\u00e9sb\u00e9 emelkedtek a termel\u0151i \u00e1rak decemberben az Egyes\u00fclt \u00c1llamokban, pedig j\u00faliust\u00f3l kezdve folyamatosan er\u0151s\u00f6dtek az infl\u00e1ci\u00f3s nyom\u00e1sok.<\/p>\n","protected":false},"author":1,"featured_media":0,"comment_status":"closed","ping_status":"open","sticky":false,"template":"","format":"standard","meta":[],"categories":[246],"tags":[],"_links":{"self":[{"href":"https:\/\/gazdasagportal.hu\/index.php\/wp-json\/wp\/v2\/posts\/101906"}],"collection":[{"href":"https:\/\/gazdasagportal.hu\/index.php\/wp-json\/wp\/v2\/posts"}],"about":[{"href":"https:\/\/gazdasagportal.hu\/index.php\/wp-json\/wp\/v2\/types\/post"}],"author":[{"embeddable":true,"href":"https:\/\/gazdasagportal.hu\/index.php\/wp-json\/wp\/v2\/users\/1"}],"replies":[{"embeddable":true,"href":"https:\/\/gazdasagportal.hu\/index.php\/wp-json\/wp\/v2\/comments?post=101906"}],"version-history":[{"count":1,"href":"https:\/\/gazdasagportal.hu\/index.php\/wp-json\/wp\/v2\/posts\/101906\/revisions"}],"predecessor-version":[{"id":101907,"href":"https:\/\/gazdasagportal.hu\/index.php\/wp-json\/wp\/v2\/posts\/101906\/revisions\/101907"}],"wp:attachment":[{"href":"https:\/\/gazdasagportal.hu\/index.php\/wp-json\/wp\/v2\/media?parent=101906"}],"wp:term":[{"taxonomy":"category","embeddable":true,"href":"https:\/\/gazdasagportal.hu\/index.php\/wp-json\/wp\/v2\/categories?post=101906"},{"taxonomy":"post_tag","embeddable":true,"href":"https:\/\/gazdasagportal.hu\/index.php\/wp-json\/wp\/v2\/tags?post=101906"}],"curies":[{"name":"wp","href":"https:\/\/api.w.org\/{rel}","templated":true}]}}