{"id":101892,"date":"2018-01-11T13:15:58","date_gmt":"2018-01-11T12:15:58","guid":{"rendered":"http:\/\/gazdasagportal.hu\/?p=101892"},"modified":"2018-01-11T13:15:58","modified_gmt":"2018-01-11T12:15:58","slug":"felmeres-a-magyarok-tobb-mint-fele-havonta-takarit-meg","status":"publish","type":"post","link":"https:\/\/gazdasagportal.hu\/index.php\/felmeres-a-magyarok-tobb-mint-fele-havonta-takarit-meg\/","title":{"rendered":"Felm\u00e9r\u00e9s: a magyarok t\u00f6bb mint fele havonta takar\u00edt meg"},"content":{"rendered":"<p><strong> A magyarok t\u00f6bb mint fele havonta takar\u00edt meg egy bizonyos \u00f6sszeget, a rendszeresen sp\u00f3rol\u00f3k ar\u00e1nya 8 sz\u00e1zal\u00e9kponttal emelkedett egy \u00e9v alatt, \u00e9s alig marad el az 57 sz\u00e1zal\u00e9kos eur\u00f3pai \u00e1tlagt\u00f3l &#8211; k\u00f6z\u00f6lte az Intrum Justitia k\u00f6vetel\u00e9skezel\u0151 cs\u00fct\u00f6rt\u00f6k\u00f6n az MTI-vel.<\/strong><!--more--><\/p>\n<div class=\"ads-in-post1\"><div id=\"gazdasagportal.hu_fullbanner_wideboard\"><\/div>\r\n<\/div>\n<p>    Az Intrum Justitia, Eur\u00f3pa vezet\u0151 k\u00f6vetel\u00e9skezel\u0151 v\u00e1llalatcsoportja \u00e9vente k\u00e9sz\u00edti el az Eur\u00f3pai fogyaszt\u00f3i fizet\u00e9si jelent\u00e9s\u00e9t, az idei kutat\u00e1sban 24 orsz\u00e1gb\u00f3l 24 401 eur\u00f3pai, k\u00f6zt\u00fck 1006 magyar \u00e1llampolg\u00e1r vett r\u00e9szt.<br \/>\n    Kis Annam\u00e1ria, az Intrum Justitia \u00fczletfejleszt\u00e9si \u00e9s \u00e9rt\u00e9kes\u00edt\u00e9si igazgat\u00f3ja a k\u00f6zlem\u00e9nyben kiemelte, hogy a magyar megtakar\u00edt\u00e1si szok\u00e1sok kev\u00e9s kiv\u00e9telt\u0151l eltekintve megegyeznek az eur\u00f3paiakkal.<br \/>\n    Az egyik magyar saj\u00e1toss\u00e1g, hogy ink\u00e1bb lak\u00e1sra sp\u00f3rolnak az emberek, mint utaz\u00e1sra. Abban is elt\u00e9r a magyar gyakorlat az eur\u00f3pai \u00e1tlagt\u00f3l, hogy Magyarorsz\u00e1gon fel\u00fclreprezent\u00e1lt a k\u00e9szp\u00e9nz megtakar\u00edt\u00e1si c\u00e9l\u00fa haszn\u00e1lata &#8211; h\u00edvta fel a figyelmet Kis Annam\u00e1ria.<br \/>\n    A 2017 november\u00e9ben k\u00e9sz\u00edtett kutat\u00e1s szerint a 18-34 \u00e9vesek k\u00f6z\u00f6tt 10-b\u0151l 6 magyar rendszeresen megtakar\u00edt, az 50 \u00e9vn\u00e9l id\u0151sebbek k\u00f6r\u00e9ben 10-b\u0151l 4 megk\u00e9rdezett tesz f\u00e9lre havonta.<br \/>\n<div class=\"ads-in-post2\"><script async src=\"https:\/\/pagead2.googlesyndication.com\/pagead\/js\/adsbygoogle.js\"><\/script>\r\n<ins class=\"adsbygoogle\"\r\n     style=\"display:block\"\r\n     data-ad-format=\"fluid\"\r\n     data-ad-layout-key=\"-6t+ed+2i-1n-4w\"\r\n     data-ad-client=\"ca-pub-1959107119989764\"\r\n     data-ad-slot=\"4008251320\"><\/ins>\r\n<script>\r\n     (adsbygoogle = window.adsbygoogle || []).push({});\r\n<\/script><\/div>\n    A felm\u00e9r\u00e9s kimutatta, hogy a megk\u00e9rdezettek d\u00f6nt\u0151 t\u00f6bbs\u00e9ge, t\u00f6bb mint 60 sz\u00e1zal\u00e9ka az el\u0151re nem l\u00e1that\u00f3 kiad\u00e1sokra tesz f\u00e9lre.<br \/>\n    Az \u00e9letkori saj\u00e1toss\u00e1gok er\u0151sen befoly\u00e1solj\u00e1k a megtakar\u00edt\u00e1si priorit\u00e1sokat, a 18-34 \u00e9v k\u00f6z\u00f6ttiek ink\u00e1bb lak\u00e1sc\u00e9lra, esetleg utaz\u00e1sra sp\u00f3rolnak, az id\u0151sebb koroszt\u00e1ly a gyerekeiknek, unok\u00e1iknak tesz f\u00e9lre p\u00e9nzt &#8211; k\u00f6z\u00f6lte az Intrum Justitia.<br \/>\n    Magyarorsz\u00e1gon a k\u00e9szp\u00e9nz ut\u00e1n a megtakar\u00edt\u00e1si sz\u00e1mla gyakori megtakar\u00edt\u00e1si forma, a v\u00e1laszad\u00f3k 35 sz\u00e1zal\u00e9ka ezt  alkalmazza. A vil\u00e1g p\u00e9nz\u00fcgyi tendenci\u00e1ihoz hasonl\u00f3an egyre t\u00f6bben keresik a kriptovalut\u00e1t.<br \/>\n    Az Intrum Justitia \u00e9s a Lindroff egyes\u00fcl\u00e9s\u00e9vel 2017. j\u00fanius 27-\u00e9n j\u00f6tt l\u00e9tre Eur\u00f3pa vezet\u0151 k\u00f6vetel\u00e9skezel\u00e9si szolg\u00e1ltat\u00e1sokat ny\u00fajt\u00f3 v\u00e1llalatcsoportja. Az egyes\u00edtett v\u00e1llalatcsoport Eur\u00f3pa 23 orsz\u00e1g\u00e1ban k\u00f6zel 8000 munkav\u00e1llal\u00f3t foglalkoztat, k\u00f6zpontja Stockholmban van.<br \/>\n    Az egyes\u00edtett v\u00e1llalatcsoport konszolid\u00e1lt \u00e1rbev\u00e9tele a 2017 m\u00e1rcius\u00e1t megel\u0151z\u0151 12 h\u00f3napban el\u00e9rte a 1352 milli\u00f3 eur\u00f3t. Az Intrum Justitia AB r\u00e9szv\u00e9nyei jegyezhet\u0151k a Nasdaq Stockholm t\u0151zsd\u00e9n.(MTI)<\/p>\n","protected":false},"excerpt":{"rendered":"<p>A magyarok t\u00f6bb mint fele havonta takar\u00edt meg egy bizonyos \u00f6sszeget, a rendszeresen sp\u00f3rol\u00f3k ar\u00e1nya 8 sz\u00e1zal\u00e9kponttal emelkedett egy \u00e9v alatt, \u00e9s alig marad el az 57 sz\u00e1zal\u00e9kos eur\u00f3pai \u00e1tlagt\u00f3l &#8211; k\u00f6z\u00f6lte az Intrum Justitia k\u00f6vetel\u00e9skezel\u0151 cs\u00fct\u00f6rt\u00f6k\u00f6n az MTI-vel.<\/p>\n","protected":false},"author":1,"featured_media":0,"comment_status":"closed","ping_status":"open","sticky":false,"template":"","format":"standard","meta":[],"categories":[4,19],"tags":[],"_links":{"self":[{"href":"https:\/\/gazdasagportal.hu\/index.php\/wp-json\/wp\/v2\/posts\/101892"}],"collection":[{"href":"https:\/\/gazdasagportal.hu\/index.php\/wp-json\/wp\/v2\/posts"}],"about":[{"href":"https:\/\/gazdasagportal.hu\/index.php\/wp-json\/wp\/v2\/types\/post"}],"author":[{"embeddable":true,"href":"https:\/\/gazdasagportal.hu\/index.php\/wp-json\/wp\/v2\/users\/1"}],"replies":[{"embeddable":true,"href":"https:\/\/gazdasagportal.hu\/index.php\/wp-json\/wp\/v2\/comments?post=101892"}],"version-history":[{"count":1,"href":"https:\/\/gazdasagportal.hu\/index.php\/wp-json\/wp\/v2\/posts\/101892\/revisions"}],"predecessor-version":[{"id":101893,"href":"https:\/\/gazdasagportal.hu\/index.php\/wp-json\/wp\/v2\/posts\/101892\/revisions\/101893"}],"wp:attachment":[{"href":"https:\/\/gazdasagportal.hu\/index.php\/wp-json\/wp\/v2\/media?parent=101892"}],"wp:term":[{"taxonomy":"category","embeddable":true,"href":"https:\/\/gazdasagportal.hu\/index.php\/wp-json\/wp\/v2\/categories?post=101892"},{"taxonomy":"post_tag","embeddable":true,"href":"https:\/\/gazdasagportal.hu\/index.php\/wp-json\/wp\/v2\/tags?post=101892"}],"curies":[{"name":"wp","href":"https:\/\/api.w.org\/{rel}","templated":true}]}}