{"id":101840,"date":"2018-01-10T11:58:09","date_gmt":"2018-01-10T10:58:09","guid":{"rendered":"http:\/\/gazdasagportal.hu\/?p=101840"},"modified":"2018-01-10T11:58:09","modified_gmt":"2018-01-10T10:58:09","slug":"nemet-kormanyalakitas-nemet-lap-megallapodtak-a-csaladegyesitesi-jog-korlatozasarol-a-nagykoalicio-folytatasarol-targyalo-partok","status":"publish","type":"post","link":"https:\/\/gazdasagportal.hu\/index.php\/nemet-kormanyalakitas-nemet-lap-megallapodtak-a-csaladegyesitesi-jog-korlatozasarol-a-nagykoalicio-folytatasarol-targyalo-partok\/","title":{"rendered":"N\u00e9met korm\u00e1nyalak\u00edt\u00e1s &#8211; N\u00e9met lap: meg\u00e1llapodtak a csal\u00e1degyes\u00edt\u00e9si jog korl\u00e1toz\u00e1s\u00e1r\u00f3l a nagykoal\u00edci\u00f3 folytat\u00e1s\u00e1r\u00f3l t\u00e1rgyal\u00f3 p\u00e1rtok"},"content":{"rendered":"<p><strong>Meg\u00e1llapod\u00e1sra jutottak a N\u00e9metorsz\u00e1got 2013 \u00f3ta korm\u00e1nyz\u00f3 nagykoal\u00edci\u00f3 meg\u00faj\u00edt\u00e1s\u00e1r\u00f3l t\u00e1rgyal\u00f3 p\u00e1rtok az oltalmazottak csal\u00e1degyes\u00edt\u00e9si jog\u00e1nak tov\u00e1bbi korl\u00e1toz\u00e1s\u00e1r\u00f3l &#8211; jelentette szerd\u00e1n a Bild c\u00edm\u0171 n\u00e9met lap.<\/strong><!--more--><\/p>\n<div class=\"ads-in-post1\"><div id=\"gazdasagportal.hu_fullbanner_wideboard\"><\/div>\r\n<\/div>\n<p>    Az oltalmazott st\u00e1tuszt szerz\u0151 mened\u00e9kk\u00e9r\u0151k csal\u00e1degyes\u00edt\u00e9si jog\u00e1nak j\u00f6v\u0151je a korm\u00e1nyalak\u00edt\u00e1si t\u00e1rgyal\u00e1sok egyik legink\u00e1bb vitatott k\u00e9rd\u00e9se. A Bild szerint a Kereszt\u00e9nydemokrata Uni\u00f3 (CDU) \u00e9s bajor testv\u00e9rp\u00e1rtja, a Kereszt\u00e9nyszoci\u00e1lis Uni\u00f3 (CSU) \u00e1ll\u00e1spontja \u00e9rv\u00e9nyes\u00fcl, \u00edgy tov\u00e1bbra is fenntartj\u00e1k a k\u00e9t \u00e9ve bevezetett ideiglenes szab\u00e1lyt, miszerint a menek\u00fclt\u00fcgyi rendszer t\u00falterhel\u0151d\u00e9s\u00e9nek megel\u0151z\u00e9se \u00e9rdek\u00e9ben az oltalmazottak nem kezdem\u00e9nyezhetik a csal\u00e1degyes\u00edt\u00e9st.<br \/>\n    Azonban a N\u00e9met Szoci\u00e1ldemokrata P\u00e1rt (SPD) el\u00e9rte, hogy kiv\u00e9teles esetekben m\u00e9gis lehets\u00e9ges a sz\u00fcl\u0151kb\u0151l \u00e9s kiskor\u00fa gyermekekb\u0151l \u00e1ll\u00f3 \u00fagynevezett magcsal\u00e1dra vonatkoz\u00f3 csal\u00e1degyes\u00edt\u00e9s. A kiv\u00e9teleket szab\u00e1lyoz\u00f3 el\u0151\u00edr\u00e1sokat k\u00e9s\u0151bb dolgozz\u00e1k majd ki &#8211; \u00edrta a Bild, hozz\u00e1t\u00e9ve, hogy az id\u0151 s\u00fcrget, mert ha a t\u00f6rv\u00e9nyhoz\u00e1s nem l\u00e9p, az id\u00e9n m\u00e1rcius k\u00f6zep\u00e9n megsz\u0171nik a csal\u00e1degyes\u00edt\u00e9si jog felf\u00fcggeszt\u00e9se \u00e9s vissza\u00e1ll a r\u00e9gi rendszer, amelyben a menek\u00fcltek mellett az oltalmazottak is kezdem\u00e9nyezhetik, hogy a magcsal\u00e1dhoz tartoz\u00f3 rokonaik N\u00e9metorsz\u00e1gba k\u00f6lt\u00f6zzenek.<br \/>\n<div class=\"ads-in-post2\"><script async src=\"https:\/\/pagead2.googlesyndication.com\/pagead\/js\/adsbygoogle.js\"><\/script>\r\n<ins class=\"adsbygoogle\"\r\n     style=\"display:block\"\r\n     data-ad-format=\"fluid\"\r\n     data-ad-layout-key=\"-6t+ed+2i-1n-4w\"\r\n     data-ad-client=\"ca-pub-1959107119989764\"\r\n     data-ad-slot=\"4008251320\"><\/ins>\r\n<script>\r\n     (adsbygoogle = window.adsbygoogle || []).push({});\r\n<\/script><\/div>\n    A CDU\/CSU p\u00e1rtsz\u00f6vets\u00e9g \u00e9s az SPD egyeztet\u00e9seir\u0151l kisziv\u00e1rgott tov\u00e1bbi sajt\u00f3\u00e9rtes\u00fcl\u00e9sek szerint meg\u00e1llapodtak a t\u00f6bbi k\u00f6z\u00f6tt arr\u00f3l is, hogy kidolgoznak egy bev\u00e1ndorl\u00e1si t\u00f6rv\u00e9nyt, amely a menek\u00fclt\u00fcgyt\u0151l f\u00fcggetlen\u00fcl szab\u00e1lyozza majd, hogy az Eur\u00f3pai Uni\u00f3n k\u00edv\u00fclr\u0151l, az \u00fagynevezett harmadik orsz\u00e1gokb\u00f3l milyen felt\u00e9telek mellett lehet bek\u00f6lt\u00f6zni N\u00e9metorsz\u00e1gba.<br \/>\n    Meg\u00e1llapodtak arr\u00f3l is, hogy 15 ezer f\u0151vel n\u00f6velik a rend\u0151r\u00f6k sz\u00e1m\u00e1t, \u00e9s tov\u00e1bb er\u0151s\u00edtik a sz\u00f6vets\u00e9gi \u00e9s tartom\u00e1nyi biztons\u00e1gi szervek k\u00f6z\u00f6s terrorelh\u00e1r\u00edt\u00f3 k\u00f6zpontj\u00e1t (GTAZ), egyebek mellett egy egys\u00e9ges adatb\u00e1zis kifejleszt\u00e9s\u00e9vel.<br \/>\n    A cs\u00fct\u00f6rt\u00f6kig tart\u00f3 \u00fagynevezett szond\u00e1z\u00f3, puhatol\u00f3z\u00f3 t\u00e1rgyal\u00e1s ut\u00e1n a p\u00e1rtok k\u00fcl\u00f6n-k\u00fcl\u00f6n d\u00f6ntenek arr\u00f3l, hogy \u00e9rdemes-e hivatalos koal\u00edci\u00f3s t\u00e1rgyal\u00e1st kezdeni. Ha nem siker\u00fcl meg\u00e1llapodni a k\u00f6z\u00f6s korm\u00e1nyz\u00e1sr\u00f3l, kisebbs\u00e9gi korm\u00e1nyt alak\u00edthat a tavaly szeptemberi Bundestag-v\u00e1laszt\u00e1son gy\u0151ztes CDU\/CSU, vagy el\u0151rehozott v\u00e1laszt\u00e1st tartanak.<br \/>\n    A szoci\u00e1ldemokrat\u00e1k janu\u00e1r 21-\u00e9n rendk\u00edv\u00fcli kongresszuson d\u00f6ntenek majd arr\u00f3l, hogy tov\u00e1bbl\u00e9pjenek-e a hivatalos koal\u00edci\u00f3s t\u00e1rgyal\u00e1sok szakasz\u00e1ba. Amennyiben siker\u00fcl kidolgozni egy koal\u00edci\u00f3s szerz\u0151d\u00e9st, a mintegy 450 ezres tags\u00e1g\u00fa SPD p\u00e1rtszavaz\u00e1ssal, a tags\u00e1g voksai alapj\u00e1n d\u00f6nt arr\u00f3l, hogy ism\u00e9t koal\u00edci\u00f3ra l\u00e9p-e a CDU\/CSU-val.<br \/>\n    Az \u00faj korm\u00e1ny \u00edgy v\u00e1rhat\u00f3an h\u00fasv\u00e9t k\u00f6r\u00fcl alakulhat meg. Ez lenne a 2005-2009-es \u00e9s a 2013-2017-es ciklus ut\u00e1n a harmadik nagykoal\u00edci\u00f3 Angela Merkel vezet\u00e9s\u00e9vel, \u00e9s a negyedik Merkel-korm\u00e1ny.(MTI)<\/p>\n","protected":false},"excerpt":{"rendered":"<p>Meg\u00e1llapod\u00e1sra jutottak a N\u00e9metorsz\u00e1got 2013 \u00f3ta korm\u00e1nyz\u00f3 nagykoal\u00edci\u00f3 meg\u00faj\u00edt\u00e1s\u00e1r\u00f3l t\u00e1rgyal\u00f3 p\u00e1rtok az oltalmazottak csal\u00e1degyes\u00edt\u00e9si jog\u00e1nak tov\u00e1bbi korl\u00e1toz\u00e1s\u00e1r\u00f3l &#8211; jelentette szerd\u00e1n a Bild c\u00edm\u0171 n\u00e9met lap.<\/p>\n","protected":false},"author":1,"featured_media":0,"comment_status":"closed","ping_status":"open","sticky":false,"template":"","format":"standard","meta":[],"categories":[12],"tags":[],"_links":{"self":[{"href":"https:\/\/gazdasagportal.hu\/index.php\/wp-json\/wp\/v2\/posts\/101840"}],"collection":[{"href":"https:\/\/gazdasagportal.hu\/index.php\/wp-json\/wp\/v2\/posts"}],"about":[{"href":"https:\/\/gazdasagportal.hu\/index.php\/wp-json\/wp\/v2\/types\/post"}],"author":[{"embeddable":true,"href":"https:\/\/gazdasagportal.hu\/index.php\/wp-json\/wp\/v2\/users\/1"}],"replies":[{"embeddable":true,"href":"https:\/\/gazdasagportal.hu\/index.php\/wp-json\/wp\/v2\/comments?post=101840"}],"version-history":[{"count":1,"href":"https:\/\/gazdasagportal.hu\/index.php\/wp-json\/wp\/v2\/posts\/101840\/revisions"}],"predecessor-version":[{"id":101841,"href":"https:\/\/gazdasagportal.hu\/index.php\/wp-json\/wp\/v2\/posts\/101840\/revisions\/101841"}],"wp:attachment":[{"href":"https:\/\/gazdasagportal.hu\/index.php\/wp-json\/wp\/v2\/media?parent=101840"}],"wp:term":[{"taxonomy":"category","embeddable":true,"href":"https:\/\/gazdasagportal.hu\/index.php\/wp-json\/wp\/v2\/categories?post=101840"},{"taxonomy":"post_tag","embeddable":true,"href":"https:\/\/gazdasagportal.hu\/index.php\/wp-json\/wp\/v2\/tags?post=101840"}],"curies":[{"name":"wp","href":"https:\/\/api.w.org\/{rel}","templated":true}]}}