{"id":10179,"date":"2013-06-19T07:02:04","date_gmt":"2013-06-19T05:02:04","guid":{"rendered":"http:\/\/stockportal.hu\/?p=10179"},"modified":"2013-06-19T07:02:27","modified_gmt":"2013-06-19T05:02:27","slug":"penzugyi-intezkedesek-a-tavkozlesi-cegek-a-torvenyjavaslat-visszavonasat-kerik","status":"publish","type":"post","link":"https:\/\/gazdasagportal.hu\/index.php\/penzugyi-intezkedesek-a-tavkozlesi-cegek-a-torvenyjavaslat-visszavonasat-kerik\/","title":{"rendered":"P\u00e9nz\u00fcgyi int\u00e9zked\u00e9sek &#8211; A t\u00e1vk\u00f6zl\u00e9si c\u00e9gek a t\u00f6rv\u00e9nyjavaslat visszavon\u00e1s\u00e1t k\u00e9rik"},"content":{"rendered":"<p><strong>A korm\u00e1ny nem egyeztetett a t\u00e1vk\u00f6zl\u00e9si \u00e1gazattal a t\u00e1vk\u00f6zl\u00e9si ad\u00f3 emel\u00e9s\u00e9r\u0151l, ez\u00e9rt a c\u00e9gek az ezt tartalmaz\u00f3 t\u00f6rv\u00e9nyjavaslat visszavon\u00e1s\u00e1t s\u00fcrgetik &#8211; k\u00f6z\u00f6lte az Informatikai, T\u00e1vk\u00f6zl\u00e9si \u00e9s Elektronikai V\u00e1llalkoz\u00e1sok Sz\u00f6vets\u00e9ge (IVSZ) az MTI-vel kedden, kiemelve, hogy a kisz\u00e1m\u00edthatatlan ad\u00f3politikai k\u00f6rnyezet kedvez\u0151tlen\u00fcl befoly\u00e1solja a c\u00e9gek befektet\u00e9si hajland\u00f3s\u00e1g\u00e1t.<!--more--><\/strong><\/p>\n<p>Varga Mih\u00e1ly h\u00e9tf\u0151n jelentette be, hogy a v\u00e1llalkoz\u00e1sok \u00e1ltal fizetett t\u00e1vk\u00f6zl\u00e9si ad\u00f3 2 forintr\u00f3l 3 forintra emelkedik, valamint hogy 5000 forintra n\u00f6velik az ad\u00f3 jelenleg 2500 forintos fels\u0151 limitj\u00e9t.<br \/>\nAz IVSZ keddi k\u00f6zlem\u00e9ny\u00e9ben kifejti: a korm\u00e1nyzati szerepl\u0151k a k\u00f6zelm\u00faltban a szektorral folytatott szakmai egyeztet\u00e9sek sor\u00e1n vil\u00e1goss\u00e1 tett\u00e9k, hogy a t\u00e1vk\u00f6zl\u00e9si \u00e1gazatot \u00e9rint\u0151 jogszab\u00e1ly-m\u00f3dos\u00edt\u00e1sokat &#8211; a vonatkoz\u00f3 uni\u00f3s \u00e9s hazai rendelkez\u00e9sekkel \u00f6sszhangban &#8211; egyeztetik az ipar\u00e1ggal.<br \/>\n&#8222;Most minden el\u0151zetes szakmai egyeztet\u00e9s, valamint hat\u00e1stanulm\u00e1nyok n\u00e9lk\u00fcl a korm\u00e1ny egy \u00e9ven bel\u00fcl harmadszor v\u00e1ltoztatja jelent\u0151s m\u00e9rt\u00e9kben az ipar\u00e1g ad\u00f3terheit, beavatkozva ezzel a verseny- \u00e9s piacszab\u00e1lyoz\u00e1si k\u00e9rd\u00e9sekbe&#8221; &#8211; emeli ki a sz\u00f6vets\u00e9g.<br \/>\nAz IVSZ \u00fagy v\u00e9li, a kisz\u00e1m\u00edthatatlan ad\u00f3politikai k\u00f6rnyezet kedvez\u0151tlen\u00fcl befoly\u00e1solja a c\u00e9gek befektet\u00e9si hajland\u00f3s\u00e1g\u00e1t \u00e9s a mobilt\u00e1vk\u00f6zl\u00e9s eset\u00e9ben ez negat\u00edvan \u00e9rintheti a k\u00fcsz\u00f6b\u00f6n \u00e1ll\u00f3 frekvencia\u00e9rt\u00e9kes\u00edt\u00e9s lehets\u00e9ges eredm\u00e9ny\u00e9t.<br \/>\nA vezet\u00e9kes szolg\u00e1ltat\u00e1sokat jelenleg k\u00e9t k\u00fcl\u00f6nad\u00f3 is terheli, a mobilszolg\u00e1ltat\u00e1sok eset\u00e9ben pedig m\u00e1r \u00e9vek \u00f3ta nemzetk\u00f6zi viszonylatban is kiugr\u00f3an magas az \u00e1llami elvon\u00e1s m\u00e9rt\u00e9ke &#8211; h\u00edvja fel a figyelmet az IVSZ.<br \/>\nAz AT Kearney nemzetk\u00f6zi tan\u00e1csad\u00f3c\u00e9g 2013. m\u00e1jusi felm\u00e9r\u00e9se szerint Magyarorsz\u00e1gon az \u00e1tlagos percd\u00edj 40 sz\u00e1zal\u00e9ka ad\u00f3b\u00f3l, j\u00e1rul\u00e9kb\u00f3l \u00e9s k\u00fcl\u00f6nb\u00f6z\u0151 hat\u00f3s\u00e1gi d\u00edjakb\u00f3l \u00e1ll, \u00edgy ez a legmagasabb ilyen jelleg\u0171 teher Eur\u00f3p\u00e1ban.<br \/>\nAz IVSZ szerint az \u00faj ad\u00f3teher vesz\u00e9lyezteti, hogy Magyarorsz\u00e1gon teljes\u00fclj\u00f6n az Eur\u00f3pai Uni\u00f3 Digit\u00e1lis Menetrendj\u00e9ben elv\u00e1rt sz\u00e9less\u00e1v-fejleszt\u00e9s, valamint az innovat\u00edv technol\u00f3gi\u00e1k \u00e9s szolg\u00e1ltat\u00e1sok elterjed\u00e9se, amelyek fogyaszt\u00f3k milli\u00f3inak kommunik\u00e1ci\u00f3s ig\u00e9nyeire jelentenek megold\u00e1st.<br \/>\nA t\u00f6rv\u00e9nyjavaslat elfogad\u00e1s\u00e1val az ad\u00f3emel\u00e9sb\u0151l sz\u00e1rmaz\u00f3 bev\u00e9telek sokszoros\u00e1t\u00f3l eshet el a k\u00f6lts\u00e9gvet\u00e9s, hiszen az idei \u00e9vre \u00e9rt\u00e9kes\u00edteni tervezett frekvenci\u00e1k piaci \u00e9rt\u00e9ke &#8211; \u00e9s \u00edgy \u00e9rtelemszer\u0171en \u00e1ra is &#8211; az ad\u00f3emel\u00e9s, valamint a kisz\u00e1m\u00edthatatlan ad\u00f3politika hat\u00e1s\u00e1ra objekt\u00edve jelent\u0151sen cs\u00f6kkenne.<br \/>\nAz IVSZ p\u00e1rbesz\u00e9det, kisz\u00e1m\u00edthat\u00f3s\u00e1got, valamint fenntarthat\u00f3 versenyk\u00e9pess\u00e9get \u00e9s a lakoss\u00e1gi ig\u00e9nyek magas szint\u0171 kiel\u00e9g\u00edt\u00e9s\u00e9t t\u00e1mogat\u00f3 ad\u00f3politik\u00e1t s\u00fcrget, \u00e9s k\u00e9ri a t\u00f6rv\u00e9nyjavaslat visszavon\u00e1s\u00e1t &#8211; \u00e1ll a k\u00f6zlem\u00e9nyben. (MTI)<\/p>\n","protected":false},"excerpt":{"rendered":"<p>A korm\u00e1ny nem egyeztetett a t\u00e1vk\u00f6zl\u00e9si \u00e1gazattal a t\u00e1vk\u00f6zl\u00e9si ad\u00f3 emel\u00e9s\u00e9r\u0151l, ez\u00e9rt a c\u00e9gek az ezt tartalmaz\u00f3 t\u00f6rv\u00e9nyjavaslat visszavon\u00e1s\u00e1t s\u00fcrgetik &#8211; k\u00f6z\u00f6lte az Informatikai, T\u00e1vk\u00f6zl\u00e9si \u00e9s Elektronikai V\u00e1llalkoz\u00e1sok Sz\u00f6vets\u00e9ge (IVSZ) az MTI-vel kedden, kiemelve, hogy a kisz\u00e1m\u00edthatatlan ad\u00f3politikai k\u00f6rnyezet kedvez\u0151tlen\u00fcl befoly\u00e1solja a c\u00e9gek befektet\u00e9si hajland\u00f3s\u00e1g\u00e1t.<\/p>\n","protected":false},"author":1,"featured_media":0,"comment_status":"open","ping_status":"closed","sticky":false,"template":"","format":"standard","meta":[],"categories":[49],"tags":[85],"_links":{"self":[{"href":"https:\/\/gazdasagportal.hu\/index.php\/wp-json\/wp\/v2\/posts\/10179"}],"collection":[{"href":"https:\/\/gazdasagportal.hu\/index.php\/wp-json\/wp\/v2\/posts"}],"about":[{"href":"https:\/\/gazdasagportal.hu\/index.php\/wp-json\/wp\/v2\/types\/post"}],"author":[{"embeddable":true,"href":"https:\/\/gazdasagportal.hu\/index.php\/wp-json\/wp\/v2\/users\/1"}],"replies":[{"embeddable":true,"href":"https:\/\/gazdasagportal.hu\/index.php\/wp-json\/wp\/v2\/comments?post=10179"}],"version-history":[{"count":3,"href":"https:\/\/gazdasagportal.hu\/index.php\/wp-json\/wp\/v2\/posts\/10179\/revisions"}],"predecessor-version":[{"id":10181,"href":"https:\/\/gazdasagportal.hu\/index.php\/wp-json\/wp\/v2\/posts\/10179\/revisions\/10181"}],"wp:attachment":[{"href":"https:\/\/gazdasagportal.hu\/index.php\/wp-json\/wp\/v2\/media?parent=10179"}],"wp:term":[{"taxonomy":"category","embeddable":true,"href":"https:\/\/gazdasagportal.hu\/index.php\/wp-json\/wp\/v2\/categories?post=10179"},{"taxonomy":"post_tag","embeddable":true,"href":"https:\/\/gazdasagportal.hu\/index.php\/wp-json\/wp\/v2\/tags?post=10179"}],"curies":[{"name":"wp","href":"https:\/\/api.w.org\/{rel}","templated":true}]}}