{"id":101784,"date":"2018-01-08T14:45:45","date_gmt":"2018-01-08T13:45:45","guid":{"rendered":"http:\/\/gazdasagportal.hu\/?p=101784"},"modified":"2018-01-08T14:45:45","modified_gmt":"2018-01-08T13:45:45","slug":"mabisz-a-biztositasi-piac-varhatoan-a-gdp-novekedesenel-jobban-bovult-2017-ben","status":"publish","type":"post","link":"https:\/\/gazdasagportal.hu\/index.php\/mabisz-a-biztositasi-piac-varhatoan-a-gdp-novekedesenel-jobban-bovult-2017-ben\/","title":{"rendered":"Mabisz: a biztos\u00edt\u00e1si piac v\u00e1rhat\u00f3an a GDP n\u00f6veked\u00e9s\u00e9n\u00e9l jobban b\u0151v\u00fclt 2017-ben"},"content":{"rendered":"<p><strong>A biztos\u00edt\u00e1si szektor v\u00e1rhat\u00f3an a GDP n\u00f6veked\u00e9s\u00e9n\u00e9l jobban b\u0151v\u00fclt 2017-ben, legal\u00e1bbis a harmadik negyed\u00e9ves adatokb\u00f3l erre lehet k\u00f6vetkeztetni &#8211; mondta Pandurics Anett, a Magyar Biztos\u00edt\u00f3k Sz\u00f6vets\u00e9g\u00e9nek (Mabisz) eln\u00f6ke a sz\u00f6vets\u00e9g h\u00e9tf\u0151i sajt\u00f3besz\u00e9lget\u00e9s\u00e9n.<\/strong><!--more--><\/p>\n<div class=\"ads-in-post1\"><div id=\"gazdasagportal.hu_fullbanner_wideboard\"><\/div>\r\n<\/div>\n<p>    Hozz\u00e1tette: elmondhat\u00f3, hogy a piac visszat\u00e9rt a v\u00e1ls\u00e1g el\u0151tti szintre.<br \/>\n    Pandurics Anett jelezte: tavaly a biztos\u00edt\u00e1si piacon a nyugd\u00edjbiztos\u00edt\u00e1sok kiugr\u00f3an b\u0151v\u00fcltek, az els\u0151 f\u00e9l\u00e9v v\u00e9g\u00e9n m\u00e1r 230 ezer f\u00f6l\u00f6tt volt a szerz\u0151d\u00e9sek sz\u00e1ma. A m\u00e1sik kiemelked\u0151en j\u00f3l teljes\u00edt\u0151 ter\u00fclet a g\u00e9pj\u00e1rm\u0171-biztos\u00edt\u00e1sok piaca volt.<br \/>\n    Elmondta: a biztos\u00edt\u00e1si szektor el\u0151tt 2018-ban jelent\u0151s szab\u00e1lyoz\u00f3i feladatok \u00e1llnak. Kiemelte, a biztos\u00edt\u00e1sk\u00f6zvet\u00edt\u0151i direkt\u00edva (IDD) febru\u00e1r 23-\u00e1n l\u00e9pett volna hat\u00e1lyba, de az Eur\u00f3pai Uni\u00f3 (EU) valamennyi illet\u00e9kes szerve a hat\u00e1rid\u0151 meghosszabb\u00edt\u00e1sa mellett \u00e9rvelt, \u00edgy a bevezet\u00e9sre \u00faj hat\u00e1rid\u0151k\u00e9nt val\u00f3sz\u00edn\u0171leg okt\u00f3ber 1-j\u00e9t t\u0171zik ki.<br \/>\n<div class=\"ads-in-post2\"><script async src=\"https:\/\/pagead2.googlesyndication.com\/pagead\/js\/adsbygoogle.js\"><\/script>\r\n<ins class=\"adsbygoogle\"\r\n     style=\"display:block\"\r\n     data-ad-format=\"fluid\"\r\n     data-ad-layout-key=\"-6t+ed+2i-1n-4w\"\r\n     data-ad-client=\"ca-pub-1959107119989764\"\r\n     data-ad-slot=\"4008251320\"><\/ins>\r\n<script>\r\n     (adsbygoogle = window.adsbygoogle || []).push({});\r\n<\/script><\/div>\n    Kozek Andr\u00e1s, a Mabisz \u00e9letbiztos\u00edt\u00e1si tagozat\u00e1nak vezet\u0151je elmondta: a szab\u00e1lyoz\u00f3k k\u00f6z\u00fcl az \u00fagynevezett PRIIPS direkt\u00edva m\u00e1r janu\u00e1r elsej\u00e9n \u00e9letbe l\u00e9pett. Jelezte: a teljes k\u00f6lts\u00e9g mutat\u00f3val (tkm) m\u00e1r mintegy 8 \u00e9ve olyan jelz\u0151sz\u00e1mot alkotott a magyar biztos\u00edt\u00e1si szektor, amely Eur\u00f3p\u00e1ban is egyed\u00fcl\u00e1ll\u00f3nak sz\u00e1m\u00edt. A mutat\u00f3 minden tranzakci\u00f3s \u00e9s h\u00e1tt\u00e9rk\u00f6lts\u00e9get jelez, \u00edgy a Magyar Nemzeti Bank (MNB) egy id\u0151 ut\u00e1n a tkm-et be\u00e9p\u00edtette az \u00e9letbiztos\u00edt\u00e1sok szab\u00e1lyoz\u00e1s\u00e1ba is, k\u00e9s\u0151bb a PRIIPS el\u0151\u00edr\u00e1sok \u00e1tv\u00e9tele miatt sz\u00fcks\u00e9g volt a magyar szab\u00e1lyok \u00e1t\u00edr\u00e1s\u00e1ra.<br \/>\n    Kozek Andr\u00e1s elmondta, a szab\u00e1lyoz\u00e1s a biztos\u00edt\u00f3k mellett az alapkezel\u0151kre is vonatkozik majd, de csak 2019-t\u0151l, \u00edgy a megtakar\u00edt\u00e1si piacon 2020-t\u00f3l m\u00e1r egys\u00e9gesek lesznek az el\u0151\u00edr\u00e1sok.<br \/>\n    Kifejtette: a j\u00f6v\u0151ben a magyar \u00fcgyfeleknek \u00fajabb bet\u0171sz\u00f3val kell megismerkedni\u00fck, \u00fagynevezett kid-del, ha befektet\u00e9si term\u00e9ket akarnak majd venni. Elmondta, az Eur\u00f3pai Uni\u00f3 lakoss\u00e1gi befektet\u00e9si csomagterm\u00e9kekre \u00e9s a biztos\u00edt\u00e1si alap\u00fa befektet\u00e9si term\u00e9kekre vonatkoz\u00f3 szab\u00e1lyai (az \u00fagynevezett PRIIPS-el\u0151\u00edr\u00e1sok) alkalmazz\u00e1k a kiemelt inform\u00e1ci\u00f3kat tartalmaz\u00f3 dokumentum (angol r\u00f6vid\u00edt\u00e9ssel a kid) rendszer\u00e9t. Ez alapj\u00e1n az \u00fcgyf\u00e9l inform\u00e1ci\u00f3kat kap arr\u00f3l, hogy a term\u00e9k pontosan milyen c\u00e9lra szolg\u00e1l, \u00e9s egy el\u0151re meghat\u00e1rozott k\u00e9plet alapj\u00e1n be kell mutatniuk a p\u00e9nz\u00fcgyi szolg\u00e1ltat\u00f3knak a term\u00e9k valamennyi kock\u00e1zat\u00e1t. Azt is el\u0151\u00edrja az \u00faj szab\u00e1lyoz\u00e1s, hogy a term\u00e9k teljes\u00edtm\u00e9ny\u00e9t 4 forgat\u00f3k\u00f6nyv alapj\u00e1n modellezni\u00fck kell az aj\u00e1nl\u00f3 szolg\u00e1ltat\u00f3knak.(MTI)<\/p>\n","protected":false},"excerpt":{"rendered":"<p>A biztos\u00edt\u00e1si szektor v\u00e1rhat\u00f3an a GDP n\u00f6veked\u00e9s\u00e9n\u00e9l jobban b\u0151v\u00fclt 2017-ben, legal\u00e1bbis a harmadik negyed\u00e9ves adatokb\u00f3l erre lehet k\u00f6vetkeztetni &#8211; mondta Pandurics Anett, a Magyar Biztos\u00edt\u00f3k Sz\u00f6vets\u00e9g\u00e9nek (Mabisz) eln\u00f6ke a sz\u00f6vets\u00e9g h\u00e9tf\u0151i sajt\u00f3besz\u00e9lget\u00e9s\u00e9n.<\/p>\n","protected":false},"author":1,"featured_media":0,"comment_status":"closed","ping_status":"open","sticky":false,"template":"","format":"standard","meta":[],"categories":[51,19],"tags":[],"_links":{"self":[{"href":"https:\/\/gazdasagportal.hu\/index.php\/wp-json\/wp\/v2\/posts\/101784"}],"collection":[{"href":"https:\/\/gazdasagportal.hu\/index.php\/wp-json\/wp\/v2\/posts"}],"about":[{"href":"https:\/\/gazdasagportal.hu\/index.php\/wp-json\/wp\/v2\/types\/post"}],"author":[{"embeddable":true,"href":"https:\/\/gazdasagportal.hu\/index.php\/wp-json\/wp\/v2\/users\/1"}],"replies":[{"embeddable":true,"href":"https:\/\/gazdasagportal.hu\/index.php\/wp-json\/wp\/v2\/comments?post=101784"}],"version-history":[{"count":1,"href":"https:\/\/gazdasagportal.hu\/index.php\/wp-json\/wp\/v2\/posts\/101784\/revisions"}],"predecessor-version":[{"id":101785,"href":"https:\/\/gazdasagportal.hu\/index.php\/wp-json\/wp\/v2\/posts\/101784\/revisions\/101785"}],"wp:attachment":[{"href":"https:\/\/gazdasagportal.hu\/index.php\/wp-json\/wp\/v2\/media?parent=101784"}],"wp:term":[{"taxonomy":"category","embeddable":true,"href":"https:\/\/gazdasagportal.hu\/index.php\/wp-json\/wp\/v2\/categories?post=101784"},{"taxonomy":"post_tag","embeddable":true,"href":"https:\/\/gazdasagportal.hu\/index.php\/wp-json\/wp\/v2\/tags?post=101784"}],"curies":[{"name":"wp","href":"https:\/\/api.w.org\/{rel}","templated":true}]}}