{"id":101780,"date":"2018-01-08T12:16:14","date_gmt":"2018-01-08T11:16:14","guid":{"rendered":"http:\/\/gazdasagportal.hu\/?p=101780"},"modified":"2018-01-08T12:16:14","modified_gmt":"2018-01-08T11:16:14","slug":"hetfotol-mar-elerheto-az-e-szja-szamos-szolgaltatasa","status":"publish","type":"post","link":"https:\/\/gazdasagportal.hu\/index.php\/hetfotol-mar-elerheto-az-e-szja-szamos-szolgaltatasa\/","title":{"rendered":"H\u00e9tf\u0151t\u0151l m\u00e1r el\u00e9rhet\u0151 az e-szja sz\u00e1mos szolg\u00e1ltat\u00e1sa"},"content":{"rendered":"<p><strong>Id\u00e9n a Nemzeti Ad\u00f3- \u00e9s V\u00e1mhivatal  k\u00fcl\u00f6n k\u00e9r\u00e9s n\u00e9lk\u00fcl m\u00e1r az \u0151stermel\u0151knek, az \u00e1fa fizet\u00e9s\u00e9re k\u00f6telezett mag\u00e1nszem\u00e9lyeknek \u00e9s a kor\u00e1bbi \u00e9vekben munk\u00e1ltat\u00f3i ad\u00f3meg\u00e1llap\u00edt\u00e1st v\u00e1laszt\u00f3knak is elk\u00e9sz\u00edti az szja-bevall\u00e1s tervezet\u00e9t, h\u00e9tf\u0151t\u0151l m\u00e1r az e-szja webes kit\u00f6lt\u0151 fel\u00fclete is el\u00e9rhet\u0151 a NAV honlapj\u00e1r\u00f3l &#8211; t\u00e1j\u00e9koztatta T\u00e1llai Andr\u00e1s, a Nemzetgazdas\u00e1gi Miniszt\u00e9rium parlamenti \u00e9s ad\u00f3\u00fcgyek\u00e9rt felel\u0151s \u00e1llamtitk\u00e1ra az MTI-t. <\/strong><!--more--><\/p>\n<div class=\"ads-in-post1\"><div id=\"gazdasagportal.hu_fullbanner_wideboard\"><\/div>\r\n<\/div>\n<p>    Az egy\u00e9ni v\u00e1llalkoz\u00f3knak is seg\u00edt az ad\u00f3hivatal, az e-szja webes kit\u00f6lt\u0151 fel\u00fclet\u00e9nek haszn\u00e1lat\u00e1val (www.nav.gov.hu\/szja\/szja) az egy\u00e9ni v\u00e1llalkoz\u00f3k gyorsabban \u00e9s egyszer\u0171bben t\u00f6lthetik ki szja-bevall\u00e1sukat &#8211; ismertette. Megjegyezte azt is, janu\u00e1r 8-t\u00f3l  m\u00e1r b\u00e1rki bek\u00fcldheti elektronikusan az szja 1+1 sz\u00e1zal\u00e9kos nyilatkozat\u00e1t.<br \/>\n    Az \u00e1llamtitk\u00e1r elmondta, hogy a NAV a v\u00e1ltoz\u00e1sokr\u00f3l, a teend\u0151kr\u0151l \u00e9s a fontos hat\u00e1rid\u0151kr\u0151l janu\u00e1rban valamennyi mag\u00e1nszem\u00e9lynek t\u00e1j\u00e9koztat\u00f3 levelet k\u00fcld. Akiknek van \u00fcgyf\u00e9lkapus regisztr\u00e1ci\u00f3ja, azoknak az \u00e9rtes\u00edt\u00e9si t\u00e1rhely\u00fckre, m\u00edg az \u00fcgyf\u00e9lkapuval nem rendelkez\u0151knek a posta k\u00e9zbes\u00edti &#8211; janu\u00e1r 31-ig &#8211; a szem\u00e9lyre szabott \u00e9rtes\u00edt\u0151 levelet.<br \/>\n<div class=\"ads-in-post2\"><script async src=\"https:\/\/pagead2.googlesyndication.com\/pagead\/js\/adsbygoogle.js\"><\/script>\r\n<ins class=\"adsbygoogle\"\r\n     style=\"display:block\"\r\n     data-ad-format=\"fluid\"\r\n     data-ad-layout-key=\"-6t+ed+2i-1n-4w\"\r\n     data-ad-client=\"ca-pub-1959107119989764\"\r\n     data-ad-slot=\"4008251320\"><\/ins>\r\n<script>\r\n     (adsbygoogle = window.adsbygoogle || []).push({});\r\n<\/script><\/div>\n    Az \u00fcgyf\u00e9lkapus regisztr\u00e1ci\u00f3val rendelkez\u0151k a tervezetet m\u00e1rcius 15-\u00e9t\u0151l megn\u00e9zhetik, j\u00f3v\u00e1hagyhatj\u00e1k \u00e9s ak\u00e1r m\u00f3dos\u00edthatj\u00e1k is a webes fel\u00fcleten. \u00dcgyf\u00e9lkapu-regisztr\u00e1ci\u00f3 hi\u00e1ny\u00e1ban m\u00e1rcius 19-\u00e9ig SMS-ben, a hivatal honlapj\u00e1r\u00f3l el\u00e9rhet\u0151 \u0171rlapon, formanyomtatv\u00e1nyon, lev\u00e9lben, szem\u00e9lyesen az \u00fcgyf\u00e9lszolg\u00e1latokon, valamint a NAV Inf\u00f3vonalon a 1819-es telefonsz\u00e1mon is k\u00e9rhet\u0151 a tervezet post\u00e1z\u00e1sa.<br \/>\n    Azok, akik tov\u00e1bbra is a &#8222;r\u00e9gi&#8221; \u00c1NYK programmal szeretn\u00e9k elk\u00e9sz\u00edteni szja-bevall\u00e1sukat, ugyancsak janu\u00e1r 8-\u00e1t\u00f3l t\u00f6lthetik azt le a NAV honlapj\u00e1r\u00f3l. A &#8222;hagyom\u00e1nyos&#8221; pap\u00edralap\u00fa bevall\u00e1si nyomtatv\u00e1ny az \u00fcgyf\u00e9lszolg\u00e1latokon beszerezhet\u0151 &#8211; jegyezte meg.<br \/>\n    Az egy\u00e9ni v\u00e1llalkoz\u00f3k szja-bevall\u00e1s\u00e1nak beny\u00fajt\u00e1si hat\u00e1rideje febru\u00e1r 26. Az egy\u00e9ni v\u00e1llalkoz\u00f3i tev\u00e9kenys\u00e9get nem v\u00e9gz\u0151 mag\u00e1nszem\u00e9lyeknek &#8211; a mez\u0151gazdas\u00e1gi \u0151stermel\u0151k \u00e9s az \u00e1fa fizet\u00e9s\u00e9re k\u00f6telezettek is &#8211;  a bevall\u00e1st m\u00e1jus 22-\u00e9ig kell beny\u00fajtaniuk.(MTI)<\/p>\n","protected":false},"excerpt":{"rendered":"<p>Id\u00e9n a Nemzeti Ad\u00f3- \u00e9s V\u00e1mhivatal k\u00fcl\u00f6n k\u00e9r\u00e9s n\u00e9lk\u00fcl m\u00e1r az \u0151stermel\u0151knek, az \u00e1fa fizet\u00e9s\u00e9re k\u00f6telezett mag\u00e1nszem\u00e9lyeknek \u00e9s a kor\u00e1bbi \u00e9vekben munk\u00e1ltat\u00f3i ad\u00f3meg\u00e1llap\u00edt\u00e1st v\u00e1laszt\u00f3knak is elk\u00e9sz\u00edti az szja-bevall\u00e1s tervezet\u00e9t, h\u00e9tf\u0151t\u0151l m\u00e1r az e-szja webes kit\u00f6lt\u0151 fel\u00fclete is el\u00e9rhet\u0151 a NAV honlapj\u00e1r\u00f3l &#8211; t\u00e1j\u00e9koztatta T\u00e1llai Andr\u00e1s, a Nemzetgazdas\u00e1gi Miniszt\u00e9rium parlamenti \u00e9s ad\u00f3\u00fcgyek\u00e9rt felel\u0151s \u00e1llamtitk\u00e1ra az MTI-t.<\/p>\n","protected":false},"author":1,"featured_media":0,"comment_status":"closed","ping_status":"open","sticky":false,"template":"","format":"standard","meta":[],"categories":[20,19],"tags":[],"_links":{"self":[{"href":"https:\/\/gazdasagportal.hu\/index.php\/wp-json\/wp\/v2\/posts\/101780"}],"collection":[{"href":"https:\/\/gazdasagportal.hu\/index.php\/wp-json\/wp\/v2\/posts"}],"about":[{"href":"https:\/\/gazdasagportal.hu\/index.php\/wp-json\/wp\/v2\/types\/post"}],"author":[{"embeddable":true,"href":"https:\/\/gazdasagportal.hu\/index.php\/wp-json\/wp\/v2\/users\/1"}],"replies":[{"embeddable":true,"href":"https:\/\/gazdasagportal.hu\/index.php\/wp-json\/wp\/v2\/comments?post=101780"}],"version-history":[{"count":1,"href":"https:\/\/gazdasagportal.hu\/index.php\/wp-json\/wp\/v2\/posts\/101780\/revisions"}],"predecessor-version":[{"id":101781,"href":"https:\/\/gazdasagportal.hu\/index.php\/wp-json\/wp\/v2\/posts\/101780\/revisions\/101781"}],"wp:attachment":[{"href":"https:\/\/gazdasagportal.hu\/index.php\/wp-json\/wp\/v2\/media?parent=101780"}],"wp:term":[{"taxonomy":"category","embeddable":true,"href":"https:\/\/gazdasagportal.hu\/index.php\/wp-json\/wp\/v2\/categories?post=101780"},{"taxonomy":"post_tag","embeddable":true,"href":"https:\/\/gazdasagportal.hu\/index.php\/wp-json\/wp\/v2\/tags?post=101780"}],"curies":[{"name":"wp","href":"https:\/\/api.w.org\/{rel}","templated":true}]}}