{"id":101763,"date":"2018-01-08T04:24:12","date_gmt":"2018-01-08T03:24:12","guid":{"rendered":"http:\/\/gazdasagportal.hu\/?p=101763"},"modified":"2018-01-07T21:40:00","modified_gmt":"2018-01-07T20:40:00","slug":"kezdetben-enyhe-majd-teliesebb-ido-varhato","status":"publish","type":"post","link":"https:\/\/gazdasagportal.hu\/index.php\/kezdetben-enyhe-majd-teliesebb-ido-varhato\/","title":{"rendered":"Kezdetben enyhe, majd t\u00e9liesebb id\u0151 v\u00e1rhat\u00f3"},"content":{"rendered":"<p><strong>A k\u00f6vetkez\u0151 napokban m\u00e9g marad a szokatlanul enyhe id\u0151, azt\u00e1n viszont fokozatos leh\u0171l\u00e9s v\u00e1rhat\u00f3, a h\u00e9tv\u00e9g\u00e9n h\u00f3 is lehet &#8211; der\u00fcl ki az Orsz\u00e1gos Meteorol\u00f3giai Szolg\u00e1latnak vas\u00e1rnap az MTI-hez eljuttatott orsz\u00e1gos, k\u00f6z\u00e9pt\u00e1v\u00fa el\u0151rejelz\u00e9s\u00e9b\u0151l.<\/strong><!--more--><\/p>\n<div class=\"ads-in-post1\"><div id=\"gazdasagportal.hu_fullbanner_wideboard\"><\/div>\r\n<\/div>\n<p>    H\u00e9tf\u0151n a Dun\u00e1nt\u00fal nyugati fel\u00e9n lehet a legt\u00f6bb felh\u0151, ott n\u00e9hol tart\u00f3san megmaradhat a k\u00f6d is. M\u00e1sutt n\u00e9mi naps\u00fct\u00e9sre is lehet. A leghidegebb \u00f3r\u00e1kban \u00e1ltal\u00e1ban 1-6 fok lehet, napk\u00f6zben 6-13 fokig melegszik a leveg\u0151 (a tart\u00f3san borult, k\u00f6d\u00f6s r\u00e9szeken lesz a h\u0171v\u00f6sebb).<br \/>\n    Kedden reggel v\u00e1ltoz\u00f3an felh\u0151s, foltokban k\u00f6d\u00f6s lesz az id\u0151. T\u00f6bb-kevesebb sz\u0171rt naps\u00fct\u00e9s is lehet, a d\u00e9lut\u00e1ni \u00f3r\u00e1kt\u00f3l nyugaton es\u0151, z\u00e1por is v\u00e1rhat\u00f3. Helyenk\u00e9nt meger\u0151s\u00f6dik a sz\u00e9l is. A minimumh\u0151m\u00e9rs\u00e9klet 0-5 fok k\u00f6z\u00f6tt val\u00f3sz\u00edn\u0171. A nappali maximumok 7-13 fok k\u00f6z\u00f6tt alakulnak.<br \/>\n    Szerd\u00e1n \u00e9s cs\u00fct\u00f6rt\u00f6k\u00f6n er\u0151sen felh\u0151s vagy borult lesz az \u00e9g. Szerd\u00e1n a Dun\u00e1nt\u00falon, a Duna-Tisza-k\u00f6z\u00e9n t\u00f6bb helyen, cs\u00fct\u00f6rt\u00f6k\u00f6n is jellemz\u0151en a Dun\u00e1nt\u00falon, m\u00e1sutt elsz\u00f3rtan val\u00f3sz\u00edn\u0171 es\u0151, z\u00e1por. Szerd\u00e1n a leghidegebb \u00f3r\u00e1kban 1-6, cs\u00fct\u00f6rt\u00f6k\u00f6n 0-5 fok lehet. Napk\u00f6zben mindk\u00e9t nap 5-10 fokig melegszik a leveg\u0151.<br \/>\n<div class=\"ads-in-post2\"><script async src=\"https:\/\/pagead2.googlesyndication.com\/pagead\/js\/adsbygoogle.js\"><\/script>\r\n<ins class=\"adsbygoogle\"\r\n     style=\"display:block\"\r\n     data-ad-format=\"fluid\"\r\n     data-ad-layout-key=\"-6t+ed+2i-1n-4w\"\r\n     data-ad-client=\"ca-pub-1959107119989764\"\r\n     data-ad-slot=\"4008251320\"><\/ins>\r\n<script>\r\n     (adsbygoogle = window.adsbygoogle || []).push({});\r\n<\/script><\/div>\n    P\u00e9nteken sz\u00f3rv\u00e1nyosan v\u00e1rhat\u00f3 es\u0151, a Dun\u00e1nt\u00falon \u00e9s \u00e9szakon havas es\u0151, a hegyekben h\u00f3 is lehet. A sz\u00e9l \u00e9l\u00e9nk, n\u00e9hol er\u0151s lesz. A legalacsonyabb h\u0151m\u00e9rs\u00e9klet 0-4, a legmagasabb h\u0151m\u00e9rs\u00e9klet 3-8 fok k\u00f6z\u00f6tt val\u00f3sz\u00edn\u0171.<br \/>\n    Szombaton t\u00f6bbnyire er\u0151sen felh\u0151s lesz az \u00e9g, de \u00e9szakkeleten id\u0151nk\u00e9nt kis\u00fcthet a nap. Elsz\u00f3rtan val\u00f3sz\u00edn\u0171 es\u0151, havas es\u0151, a hegyekben h\u00f3 is lehet. A minimumh\u0151m\u00e9rs\u00e9klet m\u00ednusz 2 \u00e9s plusz 3, a maximumh\u0151m\u00e9rs\u00e9klet 2-6 fok k\u00f6z\u00f6tt alakul.<br \/>\n    Vas\u00e1rnap r\u00f6vid napos id\u0151szakok lehetnek. N\u00e9hol havas es\u0151, h\u00f3 is el\u0151fordulhat. A legalacsonyabb h\u0151m\u00e9rs\u00e9klet m\u00ednusz 4 \u00e9s plusz 1, a legmagasabb h\u0151m\u00e9rs\u00e9klet m\u00ednusz 1 \u00e9s plusz 3 fok k\u00f6z\u00f6tt val\u00f3sz\u00edn\u0171 &#8211; olvashat\u00f3 az el\u0151rejelz\u00e9sben.(MTI)<\/p>\n","protected":false},"excerpt":{"rendered":"<p>A k\u00f6vetkez\u0151 napokban m\u00e9g marad a szokatlanul enyhe id\u0151, azt\u00e1n viszont fokozatos leh\u0171l\u00e9s v\u00e1rhat\u00f3, a h\u00e9tv\u00e9g\u00e9n h\u00f3 is lehet &#8211; der\u00fcl ki az Orsz\u00e1gos Meteorol\u00f3giai Szolg\u00e1latnak vas\u00e1rnap az MTI-hez eljuttatott orsz\u00e1gos, k\u00f6z\u00e9pt\u00e1v\u00fa el\u0151rejelz\u00e9s\u00e9b\u0151l.<\/p>\n","protected":false},"author":1,"featured_media":0,"comment_status":"closed","ping_status":"open","sticky":false,"template":"","format":"standard","meta":[],"categories":[4],"tags":[],"_links":{"self":[{"href":"https:\/\/gazdasagportal.hu\/index.php\/wp-json\/wp\/v2\/posts\/101763"}],"collection":[{"href":"https:\/\/gazdasagportal.hu\/index.php\/wp-json\/wp\/v2\/posts"}],"about":[{"href":"https:\/\/gazdasagportal.hu\/index.php\/wp-json\/wp\/v2\/types\/post"}],"author":[{"embeddable":true,"href":"https:\/\/gazdasagportal.hu\/index.php\/wp-json\/wp\/v2\/users\/1"}],"replies":[{"embeddable":true,"href":"https:\/\/gazdasagportal.hu\/index.php\/wp-json\/wp\/v2\/comments?post=101763"}],"version-history":[{"count":1,"href":"https:\/\/gazdasagportal.hu\/index.php\/wp-json\/wp\/v2\/posts\/101763\/revisions"}],"predecessor-version":[{"id":101764,"href":"https:\/\/gazdasagportal.hu\/index.php\/wp-json\/wp\/v2\/posts\/101763\/revisions\/101764"}],"wp:attachment":[{"href":"https:\/\/gazdasagportal.hu\/index.php\/wp-json\/wp\/v2\/media?parent=101763"}],"wp:term":[{"taxonomy":"category","embeddable":true,"href":"https:\/\/gazdasagportal.hu\/index.php\/wp-json\/wp\/v2\/categories?post=101763"},{"taxonomy":"post_tag","embeddable":true,"href":"https:\/\/gazdasagportal.hu\/index.php\/wp-json\/wp\/v2\/tags?post=101763"}],"curies":[{"name":"wp","href":"https:\/\/api.w.org\/{rel}","templated":true}]}}